{"id":158633,"date":"2014-01-08T00:05:35","date_gmt":"2014-01-08T06:05:35","guid":{"rendered":"http:\/\/www.diarioimagen.net\/?p=158633"},"modified":"2014-01-08T23:47:53","modified_gmt":"2014-01-09T05:47:53","slug":"buenos-propositos","status":"publish","type":"post","link":"https:\/\/www.diarioimagen.net\/?p=158633","title":{"rendered":"Buenos prop\u00f3sitos"},"content":{"rendered":"<h2>De frente y de perfil<\/h2>\n<h5>Ram\u00f3n Zurita Sahag\u00fan<\/h5>\n<p><span><br \/>\nTres gobernantes decidieron iniciar el a\u00f1o con baraja nueva en una serie de cargos dentro de la administraci\u00f3n p\u00fablica que encabezan.<\/span><\/p>\n<p>El tr\u00edo de gobernantes esper\u00f3 el primer a\u00f1o de su gesti\u00f3n, para analizar las \u00e1reas en que se encontraban cojos o ac\u00e9falos y definir el cambio de nombres e incorporar a personajes que pudieran funcionar mejor en esos rubros.<\/p>\n<p>Los tres gobernantes llegaron a sus cargos respaldados por los partidos de izquierda y ganaron con amplitud los comicios en julio de 2012. Graco Ram\u00edrez Garrido, Morelos; Arturo N\u00fa\u00f1ez Jim\u00e9nez, Tabasco y Miguel \u00c1ngel Mancera, Distrito Federal, decidieron los nombres de los relevos.<\/p>\n<p>Arturo N\u00fa\u00f1ez Jim\u00e9nez fue el primero en dar el paso necesario para ello y reestructurar \u00e1reas sensibles de su gobierno como son las secretar\u00edas de Salud y de Administraci\u00f3n, entre otras. El gobernador de Tabasco realiz\u00f3 siete cambios dentro de la estructura gubernamental y dej\u00f3 en claro que la eficiencia es la clave de su gobierno y quienes no funcionen ser\u00e1n desplazados.<\/p>\n<p>Enfrentando las contingencias del desastre que provocan las lluvias que derivan en inundaciones, N\u00fa\u00f1ez Jim\u00e9nez esper\u00f3 hasta los \u00faltimos d\u00edas del a\u00f1o para dar a conocer su decisi\u00f3n.<\/p>\n<p>Tabasco, como todos los a\u00f1os, sufre las inclemencias de las lluvias, sin que la respuesta que da el gobierno federal resuelva de fondo el asunto. Las contingencias son frecuentes, el desastre es continuo y, hasta el momento, las soluciones planteadas sirven solamente de paliativo. Tabasco se encuentra nuevamente sufriendo las consecuencias del mal tiempo y el secretario de Gobernaci\u00f3n acudi\u00f3 con la ayuda de la federaci\u00f3n y con los recursos del Fonden, los que finalmente dan respuesta a las necesidades urgentes y al a\u00f1o siguiente, o hasta antes de eso, el desastre se hace nuevamente presente.<\/p>\n<p>En Morelos, Graco Ram\u00edrez decidi\u00f3 dar el paso importante para intentar frenar la escalada de violencia que se vive en el estado, cambiando a su secretario de seguridad P\u00fablica. Lo hizo designando en el cargo a una figura pol\u00e9mica, que desde la trinchera ciudadana escal\u00f3 los cargos p\u00fablicos relacionados con el tema de seguridad.<\/p>\n<p>Jes\u00fas Alberto Capella fue secretario de Seguridad P\u00fablica en Tijuana y hoy lo es en Morelos y la apuesta es saber si sus m\u00e9todos son los adecuados para combatir la inseguridad en una de las entidades m\u00e1s conflictivas del pa\u00eds.<\/p>\n<p>Resolver el problema de la violencia e inseguridad en Morelos fue uno de los temas de campa\u00f1a en los que se comprometi\u00f3 a dar resultados el entonces candidato de la izquierda. Durante muchos a\u00f1os Graco dedic\u00f3 parte de su esfuerzo a fustigar a los gobernantes que no lograban contener la ola de violencia en la entidad y al asumir el cargo se comprometi\u00f3 para en un a\u00f1o ofrecer resultados.<\/p>\n<p>Las cosas no han caminado en ese sentido y la incorporaci\u00f3n de Capella es otro esfuerzo encaminado a ello. Graco aprovech\u00f3 el momento para mover a su gabinete y relev\u00f3 a los secretarios de Educaci\u00f3n,\u00a0 Movilidad y Transporte,\u00a0 secretaria Ejecutiva de Gobierno y al subsecretario de Planeaci\u00f3n, Administraci\u00f3n y Modernizaci\u00f3n.<\/p>\n<p>Buena sacudida, aunque el mismo Graco neg\u00f3 que los cambios los realizara por incapacidad o negligencia de los funcionarios relevados. Miguel \u00c1ngel Mancera tambi\u00e9n realiz\u00f3 un cambio obligado, el de secretario del Trabajo en el gobierno del Distrito Federal, designando a Patricia Mercado Castro en la posici\u00f3n que dej\u00f3 hace ya varias semanas Carlos Navarrete. El ex senador es el candidato favorito para asumir la presidencia del PRD, en cuanto se realice la elecci\u00f3n, si es que Cuauht\u00e9moc C\u00e1rdenas decide no participar en la contienda.<\/p>\n<p>Perteneciente al grupo de \u201cLos Chuchos\u201d, Navarrete intent\u00f3 competir por la candidatura de la izquierda al gobierno del Distrito Federal, sin hacer mella en las posibilidades de Mancera, conform\u00e1ndose entonces con sumarse a la campa\u00f1a y esperar una recompensa del nuevo Jefe de Gobierno, la que lleg\u00f3 en el nombramiento de secretario del Trabajo.<\/p>\n<p>La posici\u00f3n no es de las m\u00e1s importantes dentro de la estructura gubernamental capitalina, por lo que llama la atenci\u00f3n el nombramiento de Mercado Castro.<\/p>\n<p>Patricia fue presidenta de dos partidos pol\u00edticos: M\u00e9xico Posible y Alternativa Social Dem\u00f3crata e intent\u00f3 ser candidata presidencial en los a\u00f1os 2000 y 2006, consigui\u00e9ndolo la segunda ocasi\u00f3n.<\/p>\n<p>Fue candidata presidencial que perdi\u00f3, incluso el registro de su partido, pero Patricia Mercado es una figura dentro de las organizaciones civiles, principalmente vinculadas a g\u00e9nero, que carece de todo tipo de formaci\u00f3n dentro de la estructura gubernamental.<\/p>\n<p>Su incorporaci\u00f3n al gobierno capitalino es en parte estrat\u00e9gica por tratarse m\u00e1s de una figura medi\u00e1tica m\u00e1s que pol\u00edtica.<\/p>\n<p>Sin embargo, con los cambios realizados en sus equipos de trabajo, los gobernantes de Morelos, Tabasco y el Distrito Federal, muestran su intenci\u00f3n por modificar algunos aspectos de su gobierno, en los que detectaron fallas o errores que pueden ser corregidos.<\/p>\n<p align=\"center\">\u00a0<b>SALVADOR NEME<\/b><\/p>\n<p>\u00a0Visitando las calles de San Francisco, California, se encontraba durante el fin de a\u00f1o, Salvador Neme Sastr\u00e9, ex secretario de Seguridad P\u00fablica del Estado de M\u00e9xico.Y es que Neme Sastr\u00e9 se encuentra a la espera de ser designado en un cargo p\u00fablico federal, vinculado a los sistemas de seguridad y decidi\u00f3 esa visita para inspeccionar las calles de San Francisco, donde le contaron que Michael Douglas y Karl Malden, impusieron el orden y desterraron la violencia, convirti\u00e9ndose en \u00edconos de la ciudad. Otro pol\u00edtico que visit\u00f3 la misma ciudad, aprovechando el asueto de fin de a\u00f1o, es el flamante delegado en Azcapotzalco, Sergio Palacios.<\/p>\n<p>Aprovechamos el espacio para felicitar a nuestros lectores y desearles un feliz inicio de a\u00f1o y que todos los prop\u00f3sitos sean concretados en los 12 meses restantes.<\/p>\n<p><em><a href=\"mailto:ramonzurita44@hotmail.com\" target=\"_blank\">ramonzurita44@hotmail.com<br \/>\n<\/a><a href=\"mailto:zurita_sahagun@hotmail.com\" target=\"_blank\">zurita_sahagun@hotmail.com<\/a><\/em><\/p>\n","protected":false},"excerpt":{"rendered":"<p><span style=\"color: #005497;\"><strong>Ram\u00f3n Zurita Sahag\u00fan<\/strong><\/span><\/p>\n","protected":false},"author":3,"featured_media":0,"comment_status":"open","ping_status":"open","sticky":false,"template":"","format":"standard","meta":{"_monsterinsights_skip_tracking":false,"_monsterinsights_sitenote_active":false,"_monsterinsights_sitenote_note":"","_monsterinsights_sitenote_category":0,"footnotes":""},"categories":[234],"tags":[13267,304,836,43674,43687,2268],"class_list":["post-158633","post","type-post","status-publish","format-standard","hentry","category-ramon-zurita-sahagun","tag-arturo-nunez-jimenez","tag-de-frente-y-de-perfil","tag-morelos","tag-opinion","tag-ramon-zurita-sahagun","tag-tabasco"],"_links":{"self":[{"href":"https:\/\/www.diarioimagen.net\/index.php?rest_route=\/wp\/v2\/posts\/158633","targetHints":{"allow":["GET"]}}],"collection":[{"href":"https:\/\/www.diarioimagen.net\/index.php?rest_route=\/wp\/v2\/posts"}],"about":[{"href":"https:\/\/www.diarioimagen.net\/index.php?rest_route=\/wp\/v2\/types\/post"}],"author":[{"embeddable":true,"href":"https:\/\/www.diarioimagen.net\/index.php?rest_route=\/wp\/v2\/users\/3"}],"replies":[{"embeddable":true,"href":"https:\/\/www.diarioimagen.net\/index.php?rest_route=%2Fwp%2Fv2%2Fcomments&post=158633"}],"version-history":[{"count":0,"href":"https:\/\/www.diarioimagen.net\/index.php?rest_route=\/wp\/v2\/posts\/158633\/revisions"}],"wp:attachment":[{"href":"https:\/\/www.diarioimagen.net\/index.php?rest_route=%2Fwp%2Fv2%2Fmedia&parent=158633"}],"wp:term":[{"taxonomy":"category","embeddable":true,"href":"https:\/\/www.diarioimagen.net\/index.php?rest_route=%2Fwp%2Fv2%2Fcategories&post=158633"},{"taxonomy":"post_tag","embeddable":true,"href":"https:\/\/www.diarioimagen.net\/index.php?rest_route=%2Fwp%2Fv2%2Ftags&post=158633"}],"curies":[{"name":"wp","href":"https:\/\/api.w.org\/{rel}","templated":true}]}}