{"id":158749,"date":"2014-01-08T12:17:02","date_gmt":"2014-01-08T18:17:02","guid":{"rendered":"http:\/\/www.diarioimagen.net\/?p=158749"},"modified":"2014-01-09T03:47:43","modified_gmt":"2014-01-09T09:47:43","slug":"el-papa-rompe-protocolo-y-agasaja-a-amigo-con-paseo-en-el-papamovil","status":"publish","type":"post","link":"https:\/\/www.diarioimagen.net\/?p=158749","title":{"rendered":"El Papa rompe protocolo y agasaja a amigo con paseo en el &#8216;papam\u00f3vil&#8217;"},"content":{"rendered":"<ul>\n<li><em><strong>Mientras saludaba a los fieles, el pont\u00edfice ubica a un viejo amigo argentino, ordena que lo dejen pasar la barricada y lo invita a recorrer la Plaza de San Pedro<\/strong><\/em><\/li>\n<\/ul>\n<div id=\"attachment_158750\" style=\"width: 250px\" class=\"wp-caption alignleft\"><img loading=\"lazy\" decoding=\"async\" aria-describedby=\"caption-attachment-158750\" class=\"size-medium wp-image-158750\" alt=\"El Papa invit\u00f3 al sacerdote a subir al veh\u00edculo y acompa\u00f1arlo en la vuelta por la Plaza de San Pedro, durante la cual salud\u00f3 a la gente y bes\u00f3 a varios ni\u00f1os.\" src=\"http:\/\/www.diarioimagen.net\/wp-content\/uploads\/2014\/01\/PAPA-portal-240x135.jpg\" width=\"240\" height=\"135\" srcset=\"https:\/\/www.diarioimagen.net\/wp-content\/uploads\/2014\/01\/PAPA-portal-240x135.jpg 240w, https:\/\/www.diarioimagen.net\/wp-content\/uploads\/2014\/01\/PAPA-portal-420x236.jpg 420w, https:\/\/www.diarioimagen.net\/wp-content\/uploads\/2014\/01\/PAPA-portal-235x132.jpg 235w, https:\/\/www.diarioimagen.net\/wp-content\/uploads\/2014\/01\/PAPA-portal-202x114.jpg 202w, https:\/\/www.diarioimagen.net\/wp-content\/uploads\/2014\/01\/PAPA-portal-350x196.jpg 350w, https:\/\/www.diarioimagen.net\/wp-content\/uploads\/2014\/01\/PAPA-portal-220x123.jpg 220w, https:\/\/www.diarioimagen.net\/wp-content\/uploads\/2014\/01\/PAPA-portal-237x132.jpg 237w, https:\/\/www.diarioimagen.net\/wp-content\/uploads\/2014\/01\/PAPA-portal.jpg 480w\" sizes=\"auto, (max-width: 240px) 100vw, 240px\" \/><p id=\"caption-attachment-158750\" class=\"wp-caption-text\">El Papa invit\u00f3 al sacerdote a subir al veh\u00edculo y acompa\u00f1arlo en la vuelta por la Plaza de San Pedro, durante la cual salud\u00f3 a la gente y bes\u00f3 a varios ni\u00f1os.<\/p><\/div>\n<p>CIUDAD DEL VATICANO.- En un nuevo desaf\u00edo al protocolo pontificio, el papa Francisco invit\u00f3 el mi\u00e9rcoles a un amigo argentino a dar una vuelta con \u00e9l en el panor\u00e1mico &#8216;papam\u00f3vil&#8217; blanco.<\/p>\n<p>Fabi\u00e1n B\u00e1ez, un sacerdote porte\u00f1o, no ten\u00eda una entrada VIP para la audiencia general del mi\u00e9rcoles.<\/p>\n<p><span style=\"line-height: 1.5em;\">Pero apenas Francisco lo vio en la multitud, indic\u00f3 a los gendarmes que ayudaran a B\u00e1ez a saltar la barricada para acercarse.<\/span><\/p>\n<p>Me preguntaba, \u00bfqu\u00e9 estoy haciendo aqu\u00ed? \u00a1Mamma mia!\u00bb, dijo B\u00e1ez a los periodistas luego del paseo.<\/p>\n<p><span style=\"line-height: 1.5em;\">El Papa invit\u00f3 al sacerdote a subir al veh\u00edculo y acompa\u00f1arlo en la vuelta por la Plaza de San Pedro, durante la cual salud\u00f3 a la gente y bes\u00f3 a varios ni\u00f1os.<\/span><\/p>\n","protected":false},"excerpt":{"rendered":"<p>En un nuevo desaf\u00edo al protocolo pontificio, el papa Francisco invit\u00f3 el mi\u00e9rcoles a un amigo argentino a dar una vuelta con \u00e9l en el panor\u00e1mico &#8216;papam\u00f3vil&#8217; blanco.<\/p>\n","protected":false},"author":5,"featured_media":158750,"comment_status":"open","ping_status":"open","sticky":false,"template":"","format":"standard","meta":{"_monsterinsights_skip_tracking":false,"_monsterinsights_sitenote_active":false,"_monsterinsights_sitenote_note":"","_monsterinsights_sitenote_category":0,"footnotes":""},"categories":[17],"tags":[27237,26276],"class_list":["post-158749","post","type-post","status-publish","format-standard","has-post-thumbnail","hentry","category-especiales","tag-francisco","tag-plaza-de-san-pedro"],"_links":{"self":[{"href":"https:\/\/www.diarioimagen.net\/index.php?rest_route=\/wp\/v2\/posts\/158749","targetHints":{"allow":["GET"]}}],"collection":[{"href":"https:\/\/www.diarioimagen.net\/index.php?rest_route=\/wp\/v2\/posts"}],"about":[{"href":"https:\/\/www.diarioimagen.net\/index.php?rest_route=\/wp\/v2\/types\/post"}],"author":[{"embeddable":true,"href":"https:\/\/www.diarioimagen.net\/index.php?rest_route=\/wp\/v2\/users\/5"}],"replies":[{"embeddable":true,"href":"https:\/\/www.diarioimagen.net\/index.php?rest_route=%2Fwp%2Fv2%2Fcomments&post=158749"}],"version-history":[{"count":0,"href":"https:\/\/www.diarioimagen.net\/index.php?rest_route=\/wp\/v2\/posts\/158749\/revisions"}],"wp:featuredmedia":[{"embeddable":true,"href":"https:\/\/www.diarioimagen.net\/index.php?rest_route=\/wp\/v2\/media\/158750"}],"wp:attachment":[{"href":"https:\/\/www.diarioimagen.net\/index.php?rest_route=%2Fwp%2Fv2%2Fmedia&parent=158749"}],"wp:term":[{"taxonomy":"category","embeddable":true,"href":"https:\/\/www.diarioimagen.net\/index.php?rest_route=%2Fwp%2Fv2%2Fcategories&post=158749"},{"taxonomy":"post_tag","embeddable":true,"href":"https:\/\/www.diarioimagen.net\/index.php?rest_route=%2Fwp%2Fv2%2Ftags&post=158749"}],"curies":[{"name":"wp","href":"https:\/\/api.w.org\/{rel}","templated":true}]}}