{"id":158755,"date":"2014-01-09T00:04:22","date_gmt":"2014-01-09T06:04:22","guid":{"rendered":"http:\/\/www.diarioimagen.net\/?p=158755"},"modified":"2014-01-09T03:19:44","modified_gmt":"2014-01-09T09:19:44","slug":"comando-asesina-a-familia-en-morelos-sobrevive-un-bebe","status":"publish","type":"post","link":"https:\/\/www.diarioimagen.net\/?p=158755","title":{"rendered":"Acribillan a familia en comunidad de Morelos"},"content":{"rendered":"<ul>\n<li><em><strong>Dos menores resultaron ilesos<\/strong><\/em><\/li>\n<\/ul>\n<div id=\"attachment_158756\" style=\"width: 250px\" class=\"wp-caption alignleft\"><img loading=\"lazy\" decoding=\"async\" aria-describedby=\"caption-attachment-158756\" class=\"size-medium wp-image-158756 \" alt=\"El a\u00f1o pasado, habitantes de esta comunidad realizaron por los menos tres cierres carreteros y protestaron en dos ocasiones en Cuernavaca para exigir mayor seguridad.\" src=\"http:\/\/www.diarioimagen.net\/wp-content\/uploads\/2014\/01\/COMANDO-portal-240x135.jpg\" width=\"240\" height=\"135\" srcset=\"https:\/\/www.diarioimagen.net\/wp-content\/uploads\/2014\/01\/COMANDO-portal-240x135.jpg 240w, https:\/\/www.diarioimagen.net\/wp-content\/uploads\/2014\/01\/COMANDO-portal-420x236.jpg 420w, https:\/\/www.diarioimagen.net\/wp-content\/uploads\/2014\/01\/COMANDO-portal-235x132.jpg 235w, https:\/\/www.diarioimagen.net\/wp-content\/uploads\/2014\/01\/COMANDO-portal-202x114.jpg 202w, https:\/\/www.diarioimagen.net\/wp-content\/uploads\/2014\/01\/COMANDO-portal-350x196.jpg 350w, https:\/\/www.diarioimagen.net\/wp-content\/uploads\/2014\/01\/COMANDO-portal-220x123.jpg 220w, https:\/\/www.diarioimagen.net\/wp-content\/uploads\/2014\/01\/COMANDO-portal-237x132.jpg 237w, https:\/\/www.diarioimagen.net\/wp-content\/uploads\/2014\/01\/COMANDO-portal.jpg 480w\" sizes=\"auto, (max-width: 240px) 100vw, 240px\" \/><p id=\"caption-attachment-158756\" class=\"wp-caption-text\">Diferentes corporaciones policiacas y el Ej\u00e9rcito mexicano acordonaron el lugar donde fue ejecutada una familia.<\/p><\/div>\n<p><strong>Xoxocotla, Morelos<\/strong>.- La Secretar\u00eda de Seguridad P\u00fablica del municipio de Puente de Ixtla confirm\u00f3 el asesinato de cuatro integrantes de una familia en esta comunidad ind\u00edgena.<\/p>\n<p>Dos hombres y dos mujeres fueron asesinados pasadas las 06:00 horas de ayer dentro de un domicilio ubicado en la calle San Juan, en la colonia San Juanes de esta comunidad, donde fueron hallados casquillos percutidos calibre 7.62.<\/p>\n<p>Agentes ministeriales de la Procuradur\u00eda General de Justicia del Estado de Morelos iniciaron las indagatorias correspondientes para esclarecer los sucedido, mientras que personal del Servicio M\u00e9dico Forense (Semefo) realiz\u00f3 el levantamiento de los cad\u00e1veres y atendi\u00f3 a dos menores que resultaron ilesos.<\/p>\n<p>La secretaria de Seguridad de Puente de Ixtla, Adela Manzanares, coment\u00f3 que \u201cla seguridad de Xoxocotla es responsabilidad del delegado municipal\u201d.<\/p>\n<p>\u201cA m\u00ed, como secretaria de Seguridad, no me dejan entrar a la comunidad; no podemos ingresar es una comunidad que se rige por usos y costumbres\u201d.<\/p>\n","protected":false},"excerpt":{"rendered":"<p>La Secretar\u00eda de Seguridad P\u00fablica del municipio de Puente de Ixtla confirm\u00f3 el asesinato de cuatro integrantes de una familia en esta comunidad ind\u00edgena.<\/p>\n","protected":false},"author":5,"featured_media":158756,"comment_status":"open","ping_status":"open","sticky":false,"template":"","format":"standard","meta":{"_monsterinsights_skip_tracking":false,"_monsterinsights_sitenote_active":false,"_monsterinsights_sitenote_note":"","_monsterinsights_sitenote_category":0,"footnotes":""},"categories":[7],"tags":[2920,836],"class_list":["post-158755","post","type-post","status-publish","format-standard","has-post-thumbnail","hentry","category-seguridad","tag-comando","tag-morelos"],"_links":{"self":[{"href":"https:\/\/www.diarioimagen.net\/index.php?rest_route=\/wp\/v2\/posts\/158755","targetHints":{"allow":["GET"]}}],"collection":[{"href":"https:\/\/www.diarioimagen.net\/index.php?rest_route=\/wp\/v2\/posts"}],"about":[{"href":"https:\/\/www.diarioimagen.net\/index.php?rest_route=\/wp\/v2\/types\/post"}],"author":[{"embeddable":true,"href":"https:\/\/www.diarioimagen.net\/index.php?rest_route=\/wp\/v2\/users\/5"}],"replies":[{"embeddable":true,"href":"https:\/\/www.diarioimagen.net\/index.php?rest_route=%2Fwp%2Fv2%2Fcomments&post=158755"}],"version-history":[{"count":0,"href":"https:\/\/www.diarioimagen.net\/index.php?rest_route=\/wp\/v2\/posts\/158755\/revisions"}],"wp:featuredmedia":[{"embeddable":true,"href":"https:\/\/www.diarioimagen.net\/index.php?rest_route=\/wp\/v2\/media\/158756"}],"wp:attachment":[{"href":"https:\/\/www.diarioimagen.net\/index.php?rest_route=%2Fwp%2Fv2%2Fmedia&parent=158755"}],"wp:term":[{"taxonomy":"category","embeddable":true,"href":"https:\/\/www.diarioimagen.net\/index.php?rest_route=%2Fwp%2Fv2%2Fcategories&post=158755"},{"taxonomy":"post_tag","embeddable":true,"href":"https:\/\/www.diarioimagen.net\/index.php?rest_route=%2Fwp%2Fv2%2Ftags&post=158755"}],"curies":[{"name":"wp","href":"https:\/\/api.w.org\/{rel}","templated":true}]}}