{"id":158800,"date":"2014-01-09T00:02:08","date_gmt":"2014-01-09T06:02:08","guid":{"rendered":"http:\/\/www.diarioimagen.net\/?p=158800"},"modified":"2014-01-10T01:21:54","modified_gmt":"2014-01-10T07:21:54","slug":"la-importancia-de-la-alteracion-climatica","status":"publish","type":"post","link":"https:\/\/www.diarioimagen.net\/?p=158800","title":{"rendered":"La importancia de la alteraci\u00f3n clim\u00e1tica"},"content":{"rendered":"<h2>Acta P\u00fablica<\/h2>\n<h5>Claudia Rodr\u00edguez<\/h5>\n<p><span><br \/>\nA\u00a0veces me asusta la simplicidad con la que las mismas autoridades toman en cuenta el entorno y su naturaleza.<\/span><\/p>\n<p>Las ondas g\u00e9lidas que desde hace unos d\u00edas se presentan sobre el territorio nacional, no s\u00f3lo afectan de manera directa e inmediata la sensaci\u00f3n de la temperatura corporal y tampoco s\u00f3lo implica afectaciones al sistema inmunol\u00f3gico de cada uno de nosotros.<\/p>\n<p>Las advertencias y sobre todo las acciones de gobierno deben ir m\u00e1s all\u00e1 y con visi\u00f3n estrat\u00e9gica.<\/p>\n<p>Me pregunto en primera instancia c\u00f3mo es que el campo mexicano podr\u00e1 alcanzar el estatus de potencia mundial \u2014como advirtieron no pocos mandatarios apenas el lunes pasado en el marco de la Promulgaci\u00f3n de la Ley Agraria\u2014, si las temperaturas \u00e1lgidas llevan a la propia quema de los cultivos y por lo tanto, la imposibilidad de una cosecha \u00f3ptima y el impacto negativo en los mercados y el precio final al consumidor, as\u00ed como la afectaci\u00f3n real a los productores.<\/p>\n<p>La reforma energ\u00e9tica y otras tantas m\u00e1s de las estructurales deben contemplar las temperaturas congelantes que cada vez ser\u00e1n m\u00e1s y m\u00e1s extremas, de no implantar acciones que la reviertan.\u00a0 El fen\u00f3meno no es exclusivamente natural, tiene implicaciones de la acci\u00f3n humana.<\/p>\n<p>\u00bfC\u00f3mo se cumplir\u00e1n la totalidad de d\u00edas en aula detallados para los diferentes niveles de instrucci\u00f3n por la reforma educativa, ante eventualidades cada vez m\u00e1s y m\u00e1s extremas de meteoros clim\u00e1ticos?<\/p>\n<p>Otra situaci\u00f3n a considerar es la merma econ\u00f3mica directa de miles de negocios que se resienten ante la escasa presencia de transe\u00fantes y consumidores en las calles.\u00a0Habr\u00eda que preguntarles\u00a0a todos aquellos afectados por lluvias e inundaciones si han recibido verdadero apoyo econ\u00f3mico y seguimiento del \u00e1mbito gubernamental.<\/p>\n<p>Y hasta habr\u00eda que contemplar ya, el golpe a los bolsillos familiares, si se toma en cuenta el gasto de energ\u00eda el\u00e9ctrica para mantener los hogares templados, sobre todo en zonas alejadas de los tr\u00f3picos o cerca de \u00e9stas, pero en puntos elevados.<\/p>\n<p>Ya las autoridades de Estados Unidos han declarado que el meteoro congelante es totalmente at\u00edpico y no tienen explicaciones concretas, y en tanto aqu\u00ed en M\u00e9xico, seguimos conform\u00e1ndonos con ver \u201ca las chicas del clima\u201d y trivializar la verdadera importancia en nuestra vida y actividades de este factor del medio.<\/p>\n<p><b><i>Acta Divina&#8230;<\/i><\/b> S\u00f3lo dicen nuestras autoridades que sienten fr\u00edo..<\/p>\n<p><b><i>Para advertir\u2026<\/i><\/b> Al Gore no se cansa a\u00fan de repetir los riesgos del calentamiento global.<\/p>\n<p><em><a href=\"mailto:actapublica@gmail.com\" target=\"_blank\">actapublica@gmail.com<\/a><\/em><\/p>\n","protected":false},"excerpt":{"rendered":"<p><span style=\"color: #005497;\"><strong>Claudia Rodr\u00edguez<\/strong><\/span><\/p>\n","protected":false},"author":3,"featured_media":0,"comment_status":"open","ping_status":"open","sticky":false,"template":"","format":"standard","meta":{"_monsterinsights_skip_tracking":false,"_monsterinsights_sitenote_active":false,"_monsterinsights_sitenote_note":"","_monsterinsights_sitenote_category":0,"footnotes":""},"categories":[1281],"tags":[177,44,43674],"class_list":["post-158800","post","type-post","status-publish","format-standard","hentry","category-claudia-rodriguez","tag-estados-unidos","tag-mexico","tag-opinion"],"_links":{"self":[{"href":"https:\/\/www.diarioimagen.net\/index.php?rest_route=\/wp\/v2\/posts\/158800","targetHints":{"allow":["GET"]}}],"collection":[{"href":"https:\/\/www.diarioimagen.net\/index.php?rest_route=\/wp\/v2\/posts"}],"about":[{"href":"https:\/\/www.diarioimagen.net\/index.php?rest_route=\/wp\/v2\/types\/post"}],"author":[{"embeddable":true,"href":"https:\/\/www.diarioimagen.net\/index.php?rest_route=\/wp\/v2\/users\/3"}],"replies":[{"embeddable":true,"href":"https:\/\/www.diarioimagen.net\/index.php?rest_route=%2Fwp%2Fv2%2Fcomments&post=158800"}],"version-history":[{"count":0,"href":"https:\/\/www.diarioimagen.net\/index.php?rest_route=\/wp\/v2\/posts\/158800\/revisions"}],"wp:attachment":[{"href":"https:\/\/www.diarioimagen.net\/index.php?rest_route=%2Fwp%2Fv2%2Fmedia&parent=158800"}],"wp:term":[{"taxonomy":"category","embeddable":true,"href":"https:\/\/www.diarioimagen.net\/index.php?rest_route=%2Fwp%2Fv2%2Fcategories&post=158800"},{"taxonomy":"post_tag","embeddable":true,"href":"https:\/\/www.diarioimagen.net\/index.php?rest_route=%2Fwp%2Fv2%2Ftags&post=158800"}],"curies":[{"name":"wp","href":"https:\/\/api.w.org\/{rel}","templated":true}]}}