{"id":158848,"date":"2014-01-09T00:09:14","date_gmt":"2014-01-09T06:09:14","guid":{"rendered":"http:\/\/www.diarioimagen.net\/?p=158848"},"modified":"2014-01-09T03:41:50","modified_gmt":"2014-01-09T09:41:50","slug":"amplian-la-difusion-del-programa-alerta-amber","status":"publish","type":"post","link":"https:\/\/www.diarioimagen.net\/?p=158848","title":{"rendered":"Ampl\u00edan la difusi\u00f3n del programa Alerta Amber"},"content":{"rendered":"<ul>\n<li><strong><em>Antes del 2011, los familiares de los menores de edad ten\u00edan que esperar un plazo de entre 48 y 72 horas para considerarlos como desaparecidos<\/em><\/strong><\/li>\n<\/ul>\n<div id=\"attachment_158879\" style=\"width: 250px\" class=\"wp-caption alignleft\"><a href=\"http:\/\/www.diarioimagen.net\/wp-content\/uploads\/2014\/01\/segob-2267.jpg\"><img loading=\"lazy\" decoding=\"async\" aria-describedby=\"caption-attachment-158879\" class=\"size-medium wp-image-158879\" alt=\"Los titulares de la Segob, Miguel \u00c1ngel Osorio Chong; de la PGR, Jes\u00fas Murillo Karam, y el director de la CIRT, Trist\u00e1n Canales, firmaron el convenio.\" src=\"http:\/\/www.diarioimagen.net\/wp-content\/uploads\/2014\/01\/segob-2267-240x135.jpg\" width=\"240\" height=\"135\" srcset=\"https:\/\/www.diarioimagen.net\/wp-content\/uploads\/2014\/01\/segob-2267-240x135.jpg 240w, https:\/\/www.diarioimagen.net\/wp-content\/uploads\/2014\/01\/segob-2267-420x236.jpg 420w, https:\/\/www.diarioimagen.net\/wp-content\/uploads\/2014\/01\/segob-2267-235x132.jpg 235w, https:\/\/www.diarioimagen.net\/wp-content\/uploads\/2014\/01\/segob-2267-202x114.jpg 202w, https:\/\/www.diarioimagen.net\/wp-content\/uploads\/2014\/01\/segob-2267-350x196.jpg 350w, https:\/\/www.diarioimagen.net\/wp-content\/uploads\/2014\/01\/segob-2267-220x123.jpg 220w, https:\/\/www.diarioimagen.net\/wp-content\/uploads\/2014\/01\/segob-2267-237x132.jpg 237w, https:\/\/www.diarioimagen.net\/wp-content\/uploads\/2014\/01\/segob-2267.jpg 480w\" sizes=\"auto, (max-width: 240px) 100vw, 240px\" \/><\/a><p id=\"caption-attachment-158879\" class=\"wp-caption-text\">Los titulares de la Segob, Miguel \u00c1ngel Osorio Chong; de la PGR, Jes\u00fas Murillo Karam, y el director de la CIRT, Trist\u00e1n Canales, firmaron el convenio.<\/p><\/div>\n<p>La Secretar\u00eda de Gobernaci\u00f3n (Segob), la C\u00e1mara Nacional de la Industria de la Radio y la Televisi\u00f3n (CIRT) y la Procuradur\u00eda General de la Rep\u00fablica (PGR) firmaron ayer un convenio de colaboraci\u00f3n para difundir el programa Alerta Amber para la localizaci\u00f3n de menores extraviados.<\/p>\n<p>El mecanismo fue signado por los titulares de la Segob, Miguel \u00c1ngel Osorio Chong; de la PGR, Jes\u00fas Murillo Karam, y el director de la CIRT, Trist\u00e1n Canales, a fin de que las emisoras afiliadas a esta organizaci\u00f3n difundan las alertas que emitan las procuradur\u00edas locales y la federal.<\/p>\n<p>En su mensaje, Osorio Chong destac\u00f3 que aun sin la colaboraci\u00f3n de la CIRT, el programa ha tenido resultados importantes, ahora se obtendr\u00e1n mejores.<\/p>\n<p>Record\u00f3 que antes del 2011, los familiares de los menores de edad ten\u00edan que esperar un plazo de entre 48 y 72 horas para considerarlos como desaparecidos, pero que ahora con la implementaci\u00f3n de este programa se inicia de forma inmediata.<\/p>\n<p>Subray\u00f3 que con este programa, se tiene la oportunidad de recuperar una vida o evitar que los menores sean v\u00edctimas de trata de personas o de explotaci\u00f3n, lo que puede significar la diferencia entre la vida y la muerte.<\/p>\n<p>Afirm\u00f3 que cada vez m\u00e1s personas y organismos se est\u00e1n sumando a esta estrategia y record\u00f3 que M\u00e9xico es uno de los pocos pa\u00edses que implementa la Alerta Amber, que se apoya en las nuevas tecnolog\u00edas y la oportunidad de difusi\u00f3n que brindan las redes sociales.<\/p>\n<p>En su oportunidad, el procurador General de la Rep\u00fablica, Jes\u00fas Murillo Karam, dio a conocer que en el 2013 se emitieron 102 alertas amber en todo el territorio nacional y se recuperaron en menos de 72 horas a 97 menores de edad desaparecidos.<\/p>\n<p>&nbsp;<\/p>\n","protected":false},"excerpt":{"rendered":"<p>La Secretar\u00eda de Gobernaci\u00f3n (Segob), la C\u00e1mara Nacional de la Industria de la Radio y la Televisi\u00f3n (CIRT) y la Procuradur\u00eda General de la Rep\u00fablica (PGR) firmaron ayer un convenio de colaboraci\u00f3n para difundir el programa Alerta Amber para la localizaci\u00f3n de menores extraviados.<\/p>\n","protected":false},"author":3,"featured_media":158879,"comment_status":"open","ping_status":"open","sticky":false,"template":"","format":"standard","meta":{"_monsterinsights_skip_tracking":false,"_monsterinsights_sitenote_active":false,"_monsterinsights_sitenote_note":"","_monsterinsights_sitenote_category":0,"footnotes":""},"categories":[3],"tags":[20484,5428,3676,43673,232,702],"class_list":["post-158848","post","type-post","status-publish","format-standard","has-post-thumbnail","hentry","category-nacional","tag-cirt","tag-jesus-murillo-karam","tag-miguel-angel-osorio-chong","tag-nacional","tag-pgr","tag-segob"],"_links":{"self":[{"href":"https:\/\/www.diarioimagen.net\/index.php?rest_route=\/wp\/v2\/posts\/158848","targetHints":{"allow":["GET"]}}],"collection":[{"href":"https:\/\/www.diarioimagen.net\/index.php?rest_route=\/wp\/v2\/posts"}],"about":[{"href":"https:\/\/www.diarioimagen.net\/index.php?rest_route=\/wp\/v2\/types\/post"}],"author":[{"embeddable":true,"href":"https:\/\/www.diarioimagen.net\/index.php?rest_route=\/wp\/v2\/users\/3"}],"replies":[{"embeddable":true,"href":"https:\/\/www.diarioimagen.net\/index.php?rest_route=%2Fwp%2Fv2%2Fcomments&post=158848"}],"version-history":[{"count":0,"href":"https:\/\/www.diarioimagen.net\/index.php?rest_route=\/wp\/v2\/posts\/158848\/revisions"}],"wp:featuredmedia":[{"embeddable":true,"href":"https:\/\/www.diarioimagen.net\/index.php?rest_route=\/wp\/v2\/media\/158879"}],"wp:attachment":[{"href":"https:\/\/www.diarioimagen.net\/index.php?rest_route=%2Fwp%2Fv2%2Fmedia&parent=158848"}],"wp:term":[{"taxonomy":"category","embeddable":true,"href":"https:\/\/www.diarioimagen.net\/index.php?rest_route=%2Fwp%2Fv2%2Fcategories&post=158848"},{"taxonomy":"post_tag","embeddable":true,"href":"https:\/\/www.diarioimagen.net\/index.php?rest_route=%2Fwp%2Fv2%2Ftags&post=158848"}],"curies":[{"name":"wp","href":"https:\/\/api.w.org\/{rel}","templated":true}]}}