{"id":158854,"date":"2014-01-09T00:08:07","date_gmt":"2014-01-09T06:08:07","guid":{"rendered":"http:\/\/www.diarioimagen.net\/?p=158854"},"modified":"2014-01-09T03:18:59","modified_gmt":"2014-01-09T09:18:59","slug":"uaem-consolidara-su-excelencia-academica","status":"publish","type":"post","link":"https:\/\/www.diarioimagen.net\/?p=158854","title":{"rendered":"UAEM consolidar\u00e1 su excelencia acad\u00e9mica"},"content":{"rendered":"<ul>\n<li><strong><em>El rector se\u00f1ala que la instituci\u00f3n pondr\u00e1 en marcha diversos programas de trascendencia<\/em><\/strong><\/li>\n<\/ul>\n<div id=\"attachment_158865\" style=\"width: 250px\" class=\"wp-caption alignleft\"><a href=\"http:\/\/www.diarioimagen.net\/wp-content\/uploads\/2014\/01\/UAEM-2267.jpg\"><img loading=\"lazy\" decoding=\"async\" aria-describedby=\"caption-attachment-158865\" class=\"size-medium wp-image-158865\" alt=\"El rector Jorge Olvera Garc\u00eda, durante el desayuno realizado con motivo del D\u00eda Nacional de la Enfermera y el Enfermero, que se festej\u00f3 el pasado 6 de enero.\" src=\"http:\/\/www.diarioimagen.net\/wp-content\/uploads\/2014\/01\/UAEM-2267-240x135.jpg\" width=\"240\" height=\"135\" srcset=\"https:\/\/www.diarioimagen.net\/wp-content\/uploads\/2014\/01\/UAEM-2267-240x135.jpg 240w, https:\/\/www.diarioimagen.net\/wp-content\/uploads\/2014\/01\/UAEM-2267-420x236.jpg 420w, https:\/\/www.diarioimagen.net\/wp-content\/uploads\/2014\/01\/UAEM-2267-235x132.jpg 235w, https:\/\/www.diarioimagen.net\/wp-content\/uploads\/2014\/01\/UAEM-2267-202x114.jpg 202w, https:\/\/www.diarioimagen.net\/wp-content\/uploads\/2014\/01\/UAEM-2267-350x196.jpg 350w, https:\/\/www.diarioimagen.net\/wp-content\/uploads\/2014\/01\/UAEM-2267-220x123.jpg 220w, https:\/\/www.diarioimagen.net\/wp-content\/uploads\/2014\/01\/UAEM-2267-237x132.jpg 237w, https:\/\/www.diarioimagen.net\/wp-content\/uploads\/2014\/01\/UAEM-2267.jpg 480w\" sizes=\"auto, (max-width: 240px) 100vw, 240px\" \/><\/a><p id=\"caption-attachment-158865\" class=\"wp-caption-text\">El rector Jorge Olvera Garc\u00eda, durante el desayuno realizado con motivo del D\u00eda Nacional de la Enfermera y el Enfermero, que se festej\u00f3 el pasado 6 de enero.<\/p><\/div>\n<p>La puesta en marcha de ejes y programas de trascendencia acad\u00e9mica permitir\u00e1 que este a\u00f1o la Universidad Aut\u00f3noma del Estado de M\u00e9xico se consolide en diversos \u00e1mbitos, como el de la internacionalizaci\u00f3n, asever\u00f3 el rector Jorge Olvera Garc\u00eda, en el marco del desayuno realizado con motivo del D\u00eda Nacional de la Enfermera y el Enfermero, que se festej\u00f3 el pasado 6 de enero.<\/p>\n<p>Acompa\u00f1ado por la directora de la Facultad de Enfermer\u00eda y Obstetricia de la UAEM, Gloria Toxqui Tlachino, el rector consider\u00f3 que este espacio acad\u00e9mico es uno de los m\u00e1s emblem\u00e1ticos de la instituci\u00f3n, como consecuencia de su vocaci\u00f3n social, que lo distinguen en los principales institutos de salud p\u00fablica de la entidad, ya que contribuye con la formaci\u00f3n de profesionales al servicio de la sociedad.<\/p>\n<p>Ante alumnos, docentes, investigadores y ex directoras de la Facultad, enfatiz\u00f3 que este organismo ha logrado erigirse como un aut\u00e9ntico \u201cguardi\u00e1n de la salud\u201d, al participar en la prevenci\u00f3n y cuidado de la integridad f\u00edsica de las personas, permitiendo un impacto positivo en la salud de las comunidades mexiquenses.<\/p>\n<p>\u201cLas enfermeras y enfermeros son profesionales que brindan su servicio a los pacientes, que brindan la posibilidad de mejorar su calidad de vida; diariamente, atienden con empat\u00eda a quien lo\u00a0necesita y realizan aportaciones cient\u00edficas y human\u00edsticas para mejorar la calidad de vida y la salud de las personas\u201d.<\/p>\n<p>Ante los secretarios de la Federaci\u00f3n de Asociaciones Aut\u00f3nomas de Personal Acad\u00e9mico, V\u00edctor Manuel Pineda Guti\u00e9rrez, y el Sindicato \u00danico de Trabajadores y Empleados al Servicio de la UAEM, Le\u00f3n Carmona Castillo, Jorge Olvera Garc\u00eda indic\u00f3 que especial \u00e9nfasis pondr\u00e1 la Aut\u00f3noma mexiquense en la obtenci\u00f3n de certificaciones y acreditaciones para los programas de licenciatura que imparte, con la finalidad de fortalecer la calidad de la educaci\u00f3n.<\/p>\n<p>En su oportunidad, Gloria Toxqui Tlachino resalt\u00f3 que la investigaci\u00f3n y la docencia son pilares fundamentales en la formaci\u00f3n de las futuras generaciones que estar\u00e1n al servicio de las personas que m\u00e1s lo requieren en materia de salud.<\/p>\n<p>Afirm\u00f3 que la pr\u00e1ctica profesional de la enfermer\u00eda requiere de un esfuerzo para la soluci\u00f3n de problemas, teniendo como directriz los cambios y transformaciones que ocurren a nivel global, con el prop\u00f3sito de conquistar nuevos espacios laborales.<\/p>\n<p>Toxqui Tlachino concluy\u00f3 que la Licenciatura en Enfermer\u00eda, la cual cuenta con la acreditaci\u00f3n del Consejo Mexicano de Certificaci\u00f3n en Enfermer\u00eda (COMCE) y cumple con los est\u00e1ndares de calidad establecidos por el Sistema Nacional de Enfermer\u00eda, impone mayores desaf\u00edos para la Facultad y la m\u00e1xima casa de estudios mexiquense.<\/p>\n<p>&nbsp;<\/p>\n","protected":false},"excerpt":{"rendered":"<p>La puesta en marcha de ejes y programas de trascendencia acad\u00e9mica permitir\u00e1 que este a\u00f1o la Universidad Aut\u00f3noma del Estado de M\u00e9xico se consolide en diversos \u00e1mbitos, como el de la internacionalizaci\u00f3n, asever\u00f3 el rector Jorge Olvera Garc\u00eda, en el marco del desayuno realizado con motivo del D\u00eda Nacional de la Enfermera y el Enfermero, que se festej\u00f3 el pasado 6 de enero.<\/p>\n","protected":false},"author":3,"featured_media":158865,"comment_status":"open","ping_status":"open","sticky":false,"template":"","format":"standard","meta":{"_monsterinsights_skip_tracking":false,"_monsterinsights_sitenote_active":false,"_monsterinsights_sitenote_note":"","_monsterinsights_sitenote_category":0,"footnotes":""},"categories":[5],"tags":[43675,27015,1491],"class_list":["post-158854","post","type-post","status-publish","format-standard","has-post-thumbnail","hentry","category-estado-de-mexico","tag-estado-de-mexico","tag-jorge-olvera-garcia","tag-uaem"],"_links":{"self":[{"href":"https:\/\/www.diarioimagen.net\/index.php?rest_route=\/wp\/v2\/posts\/158854","targetHints":{"allow":["GET"]}}],"collection":[{"href":"https:\/\/www.diarioimagen.net\/index.php?rest_route=\/wp\/v2\/posts"}],"about":[{"href":"https:\/\/www.diarioimagen.net\/index.php?rest_route=\/wp\/v2\/types\/post"}],"author":[{"embeddable":true,"href":"https:\/\/www.diarioimagen.net\/index.php?rest_route=\/wp\/v2\/users\/3"}],"replies":[{"embeddable":true,"href":"https:\/\/www.diarioimagen.net\/index.php?rest_route=%2Fwp%2Fv2%2Fcomments&post=158854"}],"version-history":[{"count":0,"href":"https:\/\/www.diarioimagen.net\/index.php?rest_route=\/wp\/v2\/posts\/158854\/revisions"}],"wp:featuredmedia":[{"embeddable":true,"href":"https:\/\/www.diarioimagen.net\/index.php?rest_route=\/wp\/v2\/media\/158865"}],"wp:attachment":[{"href":"https:\/\/www.diarioimagen.net\/index.php?rest_route=%2Fwp%2Fv2%2Fmedia&parent=158854"}],"wp:term":[{"taxonomy":"category","embeddable":true,"href":"https:\/\/www.diarioimagen.net\/index.php?rest_route=%2Fwp%2Fv2%2Fcategories&post=158854"},{"taxonomy":"post_tag","embeddable":true,"href":"https:\/\/www.diarioimagen.net\/index.php?rest_route=%2Fwp%2Fv2%2Ftags&post=158854"}],"curies":[{"name":"wp","href":"https:\/\/api.w.org\/{rel}","templated":true}]}}