{"id":158873,"date":"2014-01-09T00:01:23","date_gmt":"2014-01-09T06:01:23","guid":{"rendered":"http:\/\/www.diarioimagen.net\/?p=158873"},"modified":"2014-01-10T02:20:36","modified_gmt":"2014-01-10T08:20:36","slug":"directivos-de-grupo-presidente-celebraron-las-fiestas-decembrinas-y-la-despedida-del-2013","status":"publish","type":"post","link":"https:\/\/www.diarioimagen.net\/?p=158873","title":{"rendered":"Directivos de Grupo Presidente celebraron las fiestas decembrinas y la despedida del 2013"},"content":{"rendered":"<h2>De cinco estrellas<\/h2>\n<h5>Victoria Gonz\u00e1lez Prado<\/h5>\n<p>&nbsp;<\/p>\n<ul>\n<li><em><strong>Ellie Perla lleg\u00f3 a la ciudad de M\u00e9xico por encargo de Santa Claus y los Reyes Magos<\/strong><\/em><\/li>\n<li><em><strong>Ofrece \u00c1ngeles Verdes auxilio carretero en zona colapsada de la autopista Tijuana-Ensenada<\/strong><\/em><\/li>\n<li><em><strong>Aguaventuras Park recibi\u00f3 a las modelos de la marca <\/strong><\/em><strong>Victoria\u2019s Secret<\/strong><\/li>\n<li><em><strong>Pide Ruiz Massieu al cuerpo diplom\u00e1tico aprovechar el turismo para atraer inversi\u00f3n extranjera<\/strong><\/em><\/li>\n<\/ul>\n<div id=\"attachment_158885\" style=\"width: 250px\" class=\"wp-caption alignleft\"><a href=\"http:\/\/www.diarioimagen.net\/wp-content\/uploads\/2014\/01\/turismo-2267.jpg\"><img loading=\"lazy\" decoding=\"async\" aria-describedby=\"caption-attachment-158885\" class=\"size-medium wp-image-158885\" alt=\"Isabel Azpiri y Braulio Arsuaga Losada.\" src=\"http:\/\/www.diarioimagen.net\/wp-content\/uploads\/2014\/01\/turismo-2267-240x135.jpg\" width=\"240\" height=\"135\" srcset=\"https:\/\/www.diarioimagen.net\/wp-content\/uploads\/2014\/01\/turismo-2267-240x135.jpg 240w, https:\/\/www.diarioimagen.net\/wp-content\/uploads\/2014\/01\/turismo-2267-420x236.jpg 420w, https:\/\/www.diarioimagen.net\/wp-content\/uploads\/2014\/01\/turismo-2267-235x132.jpg 235w, https:\/\/www.diarioimagen.net\/wp-content\/uploads\/2014\/01\/turismo-2267-202x114.jpg 202w, https:\/\/www.diarioimagen.net\/wp-content\/uploads\/2014\/01\/turismo-2267-350x196.jpg 350w, https:\/\/www.diarioimagen.net\/wp-content\/uploads\/2014\/01\/turismo-2267-220x123.jpg 220w, https:\/\/www.diarioimagen.net\/wp-content\/uploads\/2014\/01\/turismo-2267-237x132.jpg 237w, https:\/\/www.diarioimagen.net\/wp-content\/uploads\/2014\/01\/turismo-2267.jpg 480w\" sizes=\"auto, (max-width: 240px) 100vw, 240px\" \/><\/a><p id=\"caption-attachment-158885\" class=\"wp-caption-text\">Isabel Azpiri y Braulio Arsuaga Losada.<\/p><\/div>\n<p><b>Braulio Arsuaga Losada<\/b>, director general del Grupo Presidente, fue el anfitri\u00f3n de la comida organizada para despedir el a\u00f1o 2013. Al dar la bienvenida a todos los ah\u00ed reunidos, el director se\u00f1al\u00f3 que en abril pr\u00f3ximo abrir\u00e1 sus puertas el restaurante El Chapul\u00edn y se refiri\u00f3 tambi\u00e9n a la probable ampliaci\u00f3n del portafolio del grupo con ocho hoteles m\u00e1s. Los invitados al restaurante <i>Au Pied de Cochon<\/i> fueron recibidos por <b>Isabel Azpiri<\/b>, directora de Relaciones P\u00fablicas del hotel Presidente Intercontinental; <b>Jean Christophe<\/b>, gerente de Restaurantes de Marca del mismo hotel y <b>Fabrice Bottois<\/b>, gerente de <i>Au Pied de Cochon<\/i>. Durante la comida fueron servidos deliciosos platillos preparados por el chef <b>Fr\u00e9d\u00e9ric Lobjois<\/b>: Blinis de salm\u00f3n ahumado, ensalada <i>Waldorf <\/i>o bisque de langosta, pechuga de pavo con papas fondantes y pera al vino tinto o filete de salm\u00f3n <i>Wellington<\/i> con mantequilla blanca y, para el postre, un tronco navide\u00f1o de chocolate y pralin\u00e9. Los platillos fueron maridados por el chef somelier <b>Alfredo Mancilla,<\/b> quien eligi\u00f3 un vino blanco <i>Chardonnay Pays d\u2019Oc 2010<\/i> Georges Duboeuf y un tinto <i>Merlot Pays d\u2019Oc 2010<\/i> Georges Duboeuf. Al concluir la comida, se rompi\u00f3 la pi\u00f1ata en forma de Santa Claus y llena de dulces y premios, como estancias en los hoteles del Grupo Presidente y cenas en sus restaurantes.<\/p>\n<p>\u2730\u2730\u2730\u2730\u2730\u00a0<b>Ellie Perla<\/b>, <i>President\u00a0LatinEPR-Latin American Public Relations de Simon<\/i> <i>Shopping Destinations, <\/i>encabez\u00f3 como cada a\u00f1o la cena que Santa Claus y los Reyes Magos le encomiendan para llegar a M\u00e9xico cargada de regalos que rifa entre los representantes de los medios de informaci\u00f3n. Los regalos son donados por algunas de las boutiques de <i>Simon.<\/i> <b>Ellie<\/b> no lleg\u00f3 sola y en esta ocasi\u00f3n fue acompa\u00f1ada por su hija <b>Carola,<\/b> por <b>Lyndsay Rossman<\/b><i>,\u00a0Corporate Director of Tourism, Simon Malls<\/i><b>; Robyne Kintz<\/b>, <i>Vicepresident, Marketing-South Region <\/i>y <b>Carolina Ju\u00e1rez<\/b><i>, <\/i><i>Director of Marketing and Business Development<\/i><i> Premium Outlets Punta Norte. <\/i>La reuni\u00f3n tuvo lugar en el restaurante <b>Winston Churchill,<\/b> donde Ellie luego de dar la bienvenida y agradecer el apoyo brindado, se refiri\u00f3 al actual crecimiento de la empresa, al convertirse en <i>Simon Shopping Destinations.<\/i> <i>\u201cSimon Property Group<\/i> es una de las compa\u00f1\u00edas de bienes ra\u00edces m\u00e1s grandes, cuenta con m\u00e1s de 325 centros comerciales en el mundo, de \u00e9stos 100 centros se identifican bajo el nombre de <i>Simon Shopping Destinations<\/i>, la raz\u00f3n por la que la llamamos as\u00ed es porque se ubican en lugares donde van turistas internacionales y ofrecen lo mejor en productos\u201d. De igual forma, <b>Ellie Perla <\/b>se\u00f1al\u00f3: \u201cA las\u00a0 propiedades, hasta ahora se han sumado m\u00e1s de 104 centros comerciales que se reparten en tres plataformas: <i>Simon Malls,<\/i> que se identifican por ser muy grandes y donde est\u00e1n las mejores marcas a precios de <i>outlets;<\/i> los <i>Mills,<\/i> donde realizan eventos de venta con descuentos especiales y <i>Premium Outlets<\/i>, que destacan por contar con boutiques de marcas de alto nivel con descuentos diarios del 25 al 65%\u201d. Por \u00faltimo, hizo un brindis por las fiestas decembrinas y el a\u00f1o 2014.<\/p>\n<p>\u2730\u2730\u2730\u2730\u2730\u00a0La Corporaci\u00f3n \u00c1ngeles Verdes, adscrita a la Secretar\u00eda de Turismo del gobierno de la Rep\u00fablica, instal\u00f3 un campamento especial en el tramo colapsado de la carretera esc\u00e9nica Tijuana-Ensenada, donde presta, las 24 horas del d\u00eda, servicios de auxilio carretero. A partir de ayer mi\u00e9rcoles 8 de enero, y en coordinaci\u00f3n con Caminos y Puentes Federales (Capufe), la Polic\u00eda Federal y el gobierno del estado de Baja California, los \u00c1ngeles Verdes ofrecen sus servicios a los viajeros que transiten por v\u00edas alternas a esa autopista de cuota. El pasado 28 de diciembre, el tramo de la carretera esc\u00e9nica Ensenada-Tijuana registr\u00f3 el corte de la carpeta asf\u00e1ltica de aproximadamente 100 metros, debido a un deslizamiento en el kil\u00f3metro 93.\u00a0La Corporaci\u00f3n \u00c1ngeles Verdes, de la Secretar\u00eda de Turismo, recomienda, antes de salir a carretera, revisar el estado de frenos, clutch, llantas y suspensi\u00f3n del veh\u00edculo; contar con llanta de refacci\u00f3n, gato y herramienta; checar el nivel de aceite del motor y caja de transmisi\u00f3n y revisar el sistema el\u00e9ctrico y de enfriamiento del autom\u00f3vil.<\/p>\n<p>\u2730\u2730\u2730\u2730\u2730\u00a0El parque acu\u00e1tico y delfinario <i>Aguaventuras Park by Dolphin Discovery <\/i>recibi\u00f3 para realizar nados interactivos con delfines a las modelos internacionales de la marca<i> Victoria\u00b4s Secret <\/i>que asisten al evento<i> Golden Angels <\/i>en Puerto Vallarta.<i> <\/i>Las 10 modelos:\u00a0<b>Nelida Ram\u00edrez<\/b>,<b> Ameli Lara<\/b>,<b> Violeta Silva<\/b>,<b> Michel Valera<\/b>,<b> Brenda G\u00f3mez<\/b>, <b>Jacksiris Monz\u00f3n<\/b>,<b> Melody Sester<\/b>, <b>Mar\u00eda Hurtado<\/b>, <b>Casandra\u00a0 Becerra <\/b>y<b> Stephany Gonz\u00e1lez<\/b> disfrutaron de los diferentes comportamientos que los delfines realizan en el programa <i>Royal Swim<\/i>, adem\u00e1s de interactuar con los lobos marinos. Nos sentimos muy orgullosos de poder recibir a las modelos en nuestras instalaciones, nadar con delfines es una experiencia \u00fanica que queremos compartan con el mundo, ya que vivir la experiencia, nos ayuda a transmitir los mensajes de conservaci\u00f3n que nuestros entrenadores les explican y es la mejor difusi\u00f3n que podemos hacer de <i>Dolphin <\/i>Vallarta-Nayarit\u201d, coment\u00f3 <b>Mario Dom\u00ednguez<\/b>, gerente general del parque y delfinario.<\/p>\n<p>\u2730\u2730\u2730\u2730\u2730\u00a0La secretaria de Turismo del gobierno de la Rep\u00fablica, <b>Claudia Ruiz Massieu<\/b>, llam\u00f3 al cuerpo diplom\u00e1tico del pa\u00eds a ver al turismo como un pilar fundamental de la agenda econ\u00f3mica y a considerar la importancia que \u00e9ste tiene para la atracci\u00f3n de inversiones. Anunci\u00f3 que se llevar\u00e1 a cabo una estrategia agresiva para poner los ojos de los inversionistas internacionales en el sector tur\u00edstico mexicano, pues subray\u00f3 que hoy existe una nueva visi\u00f3n del gobierno de la Rep\u00fablica hacia el sector turismo, posicion\u00e1ndolo como motor de desarrollo y reconoci\u00e9ndolo como un aut\u00e9ntico agente econ\u00f3mico, lo que -puntualiz\u00f3- ayudar\u00e1 en gran medida a mover y transformar a M\u00e9xico. \u201cEl turismo es un pilar importante de la agenda econ\u00f3mica por la relevancia que tiene para atraer inversiones extranjeras, por lo que los embajadores y c\u00f3nsules de M\u00e9xico ocupan una posici\u00f3n privilegiada para promover a nuestro pa\u00eds en el exterior\u201d, enfatiz\u00f3 la funcionaria. En su participaci\u00f3n en la XXV Reuni\u00f3n de Embajadores y C\u00f3nsules, apunt\u00f3 que el crecimiento alcanzado por la industria tur\u00edstica de M\u00e9xico en 2013 confirma que vamos por buen camino, y ejemplific\u00f3: De enero al 15 de diciembre la ocupaci\u00f3n hotelera mostr\u00f3 un crecimiento de 5.1% de acuerdo con DataTur. En los primeros nueve meses de 2013, M\u00e9xico recibi\u00f3 m\u00e1s de 8 millones 757 mil viajeros internacionales v\u00eda a\u00e9rea, lo que representa un incremento del 8.6%.\u00a0Ingresaron m\u00e1s de 11 mil millones de d\u00f3lares, de enero a octubre de 2013, es decir, 8.6% m\u00e1s que en el mismo periodo del a\u00f1o anterior. <b>Ruiz Massieu<\/b> ponder\u00f3 la importancia de instalar un Gabinete Tur\u00edstico, para consolidar la Pol\u00edtica Nacional Tur\u00edstica como prioritaria y estrat\u00e9gica y se\u00f1al\u00f3 que algunas de las tareas en las cuales la Sectur y el cuerpo diplom\u00e1tico pueden colaborar de forma estrecha y corresponsable son: Avanzar en temas de la facilitaci\u00f3n migratoria, as\u00ed como de modernizaci\u00f3n y agilizaci\u00f3n en los procesos de internaci\u00f3n.\u00a0Estimular el cr\u00e9dito y la inversi\u00f3n hacia el sector turismo.\u00a0\u00a0Mejorar la conectividad y la infraestructura, a fin de facilitar el tr\u00e1nsito de personas. Por primera vez, la infraestructura tiene un enfoque tur\u00edstico, y el a\u00f1o pasado entraron en operaci\u00f3n 19 nuevas rutas a\u00e9reas, lo que signific\u00f3 4.2% m\u00e1s que en 2012.\u00a0\u00a0Continuar con el programa de diversificaci\u00f3n de productos y destinos, toda vez que M\u00e9xico es el pa\u00eds con el mayor n\u00famero de ciudades patrimonio del mundo fuera de Europa, y la Unesco lo ha reconocido como una de las naciones con mayor acervo hist\u00f3rico, natural y art\u00edstico. <b>Ruiz Massieu<\/b> sostuvo que el turismo es parte de las metas econ\u00f3micas para la inclusi\u00f3n y generaci\u00f3n de empleos, y recalc\u00f3 que \u201cvamos a hacer de M\u00e9xico un destino de clase mundial y un motivo de orgullo para todos los mexicanos\u201d, concluy\u00f3.<\/p>\n<p><i><em><a href=\"mailto:victoriagprado@gmail.com\" target=\"_blank\">victoriagprado@gmail.com<\/a><\/em><\/i><\/p>\n","protected":false},"excerpt":{"rendered":"<p><b>Braulio Arsuaga Losada<\/b>, director general del Grupo Presidente, fue el anfitri\u00f3n de la comida organizada para despedir el a\u00f1o 2013. Al dar la bienvenida a todos los ah\u00ed reunidos, el director se\u00f1al\u00f3 que en abril pr\u00f3ximo abrir\u00e1 sus puertas el restaurante El Chapul\u00edn y se refiri\u00f3 tambi\u00e9n a la probable ampliaci\u00f3n del portafolio del grupo con ocho hoteles m\u00e1s. <\/p>\n","protected":false},"author":3,"featured_media":158885,"comment_status":"open","ping_status":"open","sticky":false,"template":"","format":"standard","meta":{"_monsterinsights_skip_tracking":false,"_monsterinsights_sitenote_active":false,"_monsterinsights_sitenote_note":"","_monsterinsights_sitenote_category":0,"footnotes":""},"categories":[11],"tags":[107,43681,106,2493],"class_list":["post-158873","post","type-post","status-publish","format-standard","has-post-thumbnail","hentry","category-turismo","tag-de-cinco-estrellas","tag-turismo","tag-victoria-gonzalez-prado","tag-victorias-secret"],"_links":{"self":[{"href":"https:\/\/www.diarioimagen.net\/index.php?rest_route=\/wp\/v2\/posts\/158873","targetHints":{"allow":["GET"]}}],"collection":[{"href":"https:\/\/www.diarioimagen.net\/index.php?rest_route=\/wp\/v2\/posts"}],"about":[{"href":"https:\/\/www.diarioimagen.net\/index.php?rest_route=\/wp\/v2\/types\/post"}],"author":[{"embeddable":true,"href":"https:\/\/www.diarioimagen.net\/index.php?rest_route=\/wp\/v2\/users\/3"}],"replies":[{"embeddable":true,"href":"https:\/\/www.diarioimagen.net\/index.php?rest_route=%2Fwp%2Fv2%2Fcomments&post=158873"}],"version-history":[{"count":0,"href":"https:\/\/www.diarioimagen.net\/index.php?rest_route=\/wp\/v2\/posts\/158873\/revisions"}],"wp:featuredmedia":[{"embeddable":true,"href":"https:\/\/www.diarioimagen.net\/index.php?rest_route=\/wp\/v2\/media\/158885"}],"wp:attachment":[{"href":"https:\/\/www.diarioimagen.net\/index.php?rest_route=%2Fwp%2Fv2%2Fmedia&parent=158873"}],"wp:term":[{"taxonomy":"category","embeddable":true,"href":"https:\/\/www.diarioimagen.net\/index.php?rest_route=%2Fwp%2Fv2%2Fcategories&post=158873"},{"taxonomy":"post_tag","embeddable":true,"href":"https:\/\/www.diarioimagen.net\/index.php?rest_route=%2Fwp%2Fv2%2Ftags&post=158873"}],"curies":[{"name":"wp","href":"https:\/\/api.w.org\/{rel}","templated":true}]}}