{"id":158899,"date":"2014-01-10T00:04:52","date_gmt":"2014-01-10T06:04:52","guid":{"rendered":"http:\/\/www.diarioimagen.net\/?p=158899"},"modified":"2014-01-13T04:17:03","modified_gmt":"2014-01-13T10:17:03","slug":"afinan-agenda-de-la-cumbre-de-mandatarios-norteamerica","status":"publish","type":"post","link":"https:\/\/www.diarioimagen.net\/?p=158899","title":{"rendered":"Afinan agenda de la cumbre de mandatarios de Norteam\u00e9rica"},"content":{"rendered":"<ul>\n<li><em><strong>Ser\u00e1 un encuentro de seis horas, el 19 de febrero, en el Estado de M\u00e9xico<\/strong><\/em><\/li>\n<\/ul>\n<div id=\"attachment_158900\" style=\"width: 250px\" class=\"wp-caption alignleft\"><img loading=\"lazy\" decoding=\"async\" aria-describedby=\"caption-attachment-158900\" class=\"size-medium wp-image-158900 \" alt=\"De izquierda a derecha, el embajador de M\u00e9xico en Canad\u00e1, Francisco Su\u00e1rez D\u00e1vila; el subsecretario para Am\u00e9rica del Norte de la SRE, Sergio Alcocer, y el embajador de M\u00e9xico en EU, Eduardo Medina Mora, en conferencia de hoy.\" src=\"http:\/\/www.diarioimagen.net\/wp-content\/uploads\/2014\/01\/libre-portal-240x135.jpg\" width=\"240\" height=\"135\" srcset=\"https:\/\/www.diarioimagen.net\/wp-content\/uploads\/2014\/01\/libre-portal-240x135.jpg 240w, https:\/\/www.diarioimagen.net\/wp-content\/uploads\/2014\/01\/libre-portal-420x236.jpg 420w, https:\/\/www.diarioimagen.net\/wp-content\/uploads\/2014\/01\/libre-portal-235x132.jpg 235w, https:\/\/www.diarioimagen.net\/wp-content\/uploads\/2014\/01\/libre-portal-202x114.jpg 202w, https:\/\/www.diarioimagen.net\/wp-content\/uploads\/2014\/01\/libre-portal-350x196.jpg 350w, https:\/\/www.diarioimagen.net\/wp-content\/uploads\/2014\/01\/libre-portal-220x123.jpg 220w, https:\/\/www.diarioimagen.net\/wp-content\/uploads\/2014\/01\/libre-portal-237x132.jpg 237w, https:\/\/www.diarioimagen.net\/wp-content\/uploads\/2014\/01\/libre-portal.jpg 480w\" sizes=\"auto, (max-width: 240px) 100vw, 240px\" \/><p id=\"caption-attachment-158900\" class=\"wp-caption-text\">El embajador de M\u00e9xico en la Uni\u00f3n Americana, Eduardo Medina Mora, afina los puntos de la reuni\u00f3n trilateral.<\/p><\/div>\n<p>La reuni\u00f3n trilateral entre los presidentes Enrique Pe\u00f1a Nieto, Barack Obama y el primer ministro Stephen Harper, que tendr\u00e1 lugar en M\u00e9xico a mediados de febrero, ser\u00e1 la plataforma para relanzar el Tratado de Libre Comercio de Am\u00e9rica del Norte, asegur\u00f3 el subsecretario para Am\u00e9rica del Norte de la canciller\u00eda, Sergio Alcocer.<\/p>\n<p>Con el TLCAN, dijo, se trata de proyectar a la regi\u00f3n como la m\u00e1s competitiva del mundo.<\/p>\n<p>Aunque se sigue trabajando en la agenda de los mandatarios, se prev\u00e9 que el encuentro tenga lugar en el Estado de M\u00e9xico, el 19 de febrero, con una duraci\u00f3n aproximada de seis horas. Los trabajos ministeriales para elaborar los temas que abordar\u00e1n los presidentes y el primer ministro continuar\u00e1 discuti\u00e9ndose en una reuni\u00f3n de ministros la semana pr\u00f3xima.<\/p>\n<p>En conferencia conjunta con los embajadores de M\u00e9xico en Canad\u00e1, Francisco Su\u00e1rez D\u00e1vila y en Estados Unidos, Eduardo Medina Mora, el subsecretario Alcocer adelant\u00f3 que el relanzamiento de esta relaci\u00f3n comercial tendr\u00e1 su eje en la posibilidad de articular la explotaci\u00f3n de gas que tienen los tres pa\u00edses y que, en conjunto, representar\u00edan la mayor reserva del mundo, por encima de las que poseen China o Argentina.<\/p>\n<p>Por su parte, el embajador Medina Mora asegur\u00f3 que el gobierno de Barack Obama ya dio \u201cinicios de explicaci\u00f3n\u201d por el tema del espionaje al ex presidente Felipe Calder\u00f3n y a Enrique Pe\u00f1a Nieto cuando era candidato presidencial.<\/p>\n<p>Dijo: \u201cSobre esta base hemos iniciado un procesamiento diplom\u00e1tico de esta circunstancia que est\u00e1 en curso, que obviamente se han recibido algunos inicios de explicaci\u00f3n y los Estados Unidos est\u00e1n haciendo una investigaci\u00f3n para encontrar el alcance de tareas que pudieran afectar el universo de otros estados, entre otros M\u00e9xico\u201d.<\/p>\n<p>El diplom\u00e1tico record\u00f3 que el gobierno mexicano manifest\u00f3 contundentemente su rechazo a este tipo de pr\u00e1cticas y la importancia de que se realice una investigaci\u00f3n que deslinde responsabilidades.<\/p>\n","protected":false},"excerpt":{"rendered":"<p>La reuni\u00f3n trilateral entre los presidentes Enrique Pe\u00f1a Nieto, Barack Obama y el primer ministro Stephen Harper, que tendr\u00e1 lugar en M\u00e9xico a mediados de febrero, ser\u00e1 la plataforma para relanzar el Tratado de Libre Comercio de Am\u00e9rica del Norte, asegur\u00f3 el subsecretario para Am\u00e9rica del Norte de la canciller\u00eda, Sergio Alcocer.<\/p>\n","protected":false},"author":5,"featured_media":158900,"comment_status":"open","ping_status":"open","sticky":false,"template":"","format":"standard","meta":{"_monsterinsights_skip_tracking":false,"_monsterinsights_sitenote_active":false,"_monsterinsights_sitenote_note":"","_monsterinsights_sitenote_category":0,"footnotes":""},"categories":[17,3],"tags":[1754,18,2167],"class_list":["post-158899","post","type-post","status-publish","format-standard","has-post-thumbnail","hentry","category-especiales","category-nacional","tag-barack-obama","tag-enrique-pena-nieto","tag-tlcan"],"_links":{"self":[{"href":"https:\/\/www.diarioimagen.net\/index.php?rest_route=\/wp\/v2\/posts\/158899","targetHints":{"allow":["GET"]}}],"collection":[{"href":"https:\/\/www.diarioimagen.net\/index.php?rest_route=\/wp\/v2\/posts"}],"about":[{"href":"https:\/\/www.diarioimagen.net\/index.php?rest_route=\/wp\/v2\/types\/post"}],"author":[{"embeddable":true,"href":"https:\/\/www.diarioimagen.net\/index.php?rest_route=\/wp\/v2\/users\/5"}],"replies":[{"embeddable":true,"href":"https:\/\/www.diarioimagen.net\/index.php?rest_route=%2Fwp%2Fv2%2Fcomments&post=158899"}],"version-history":[{"count":0,"href":"https:\/\/www.diarioimagen.net\/index.php?rest_route=\/wp\/v2\/posts\/158899\/revisions"}],"wp:featuredmedia":[{"embeddable":true,"href":"https:\/\/www.diarioimagen.net\/index.php?rest_route=\/wp\/v2\/media\/158900"}],"wp:attachment":[{"href":"https:\/\/www.diarioimagen.net\/index.php?rest_route=%2Fwp%2Fv2%2Fmedia&parent=158899"}],"wp:term":[{"taxonomy":"category","embeddable":true,"href":"https:\/\/www.diarioimagen.net\/index.php?rest_route=%2Fwp%2Fv2%2Fcategories&post=158899"},{"taxonomy":"post_tag","embeddable":true,"href":"https:\/\/www.diarioimagen.net\/index.php?rest_route=%2Fwp%2Fv2%2Ftags&post=158899"}],"curies":[{"name":"wp","href":"https:\/\/api.w.org\/{rel}","templated":true}]}}