{"id":158916,"date":"2014-01-10T00:08:01","date_gmt":"2014-01-10T06:08:01","guid":{"rendered":"http:\/\/www.diarioimagen.net\/?p=158916"},"modified":"2014-01-10T03:03:20","modified_gmt":"2014-01-10T09:03:20","slug":"ip-invertira-50-mmdd-en-el-sector-energetico","status":"publish","type":"post","link":"https:\/\/www.diarioimagen.net\/?p=158916","title":{"rendered":"IP invertir\u00e1 50 mmdd en el sector energ\u00e9tico"},"content":{"rendered":"<ul>\n<li><strong><em>Dice CCE<\/em><\/strong><\/li>\n<\/ul>\n<div id=\"attachment_119999\" style=\"width: 250px\" class=\"wp-caption alignleft\"><a href=\"http:\/\/www.diarioimagen.net\/wp-content\/uploads\/2013\/02\/candiani-2029.jpg\"><img loading=\"lazy\" decoding=\"async\" aria-describedby=\"caption-attachment-119999\" class=\"size-medium wp-image-119999\" alt=\"Gerardo Guti\u00e9rrez Candiani, presidente del Consejo Coordinador Empresarial.\" src=\"http:\/\/www.diarioimagen.net\/wp-content\/uploads\/2013\/02\/candiani-2029-240x135.jpg\" width=\"240\" height=\"135\" \/><\/a><p id=\"caption-attachment-119999\" class=\"wp-caption-text\">Gerardo Guti\u00e9rrez Candiani, presidente del Consejo Coordinador Empresarial.<\/p><\/div>\n<p>El presidente del Consejo Coordinador Empresarial (CCE), Gerardo Guti\u00e9rrez Candiani, dijo que se calcula que este a\u00f1o la inversi\u00f3n en el sector energ\u00e9tico, tanto p\u00fablica como privada, podr\u00eda sumar casi 50 mil millones de d\u00f3lares.<\/p>\n<p>Entrevistado luego de que el presidente Enrique Pe\u00f1a Nieto promulgara la reforma financiera, el dirigente empresarial se\u00f1al\u00f3 que los montos en otras \u00e1reas ser\u00e1n tambi\u00e9n muy significativos, por lo que habr\u00e1 que ver c\u00f3mo termina el proceso de las leyes secundarias.<\/p>\n<p>En espec\u00edfico, se refiri\u00f3 a la de telecomunicaciones, pendiente y que \u201cpor s\u00ed misma nos puede dar, en el mediano plazo, niveles de inversi\u00f3n muy importantes, y se encuentra tambi\u00e9n la parte de competencia\u201d que terminada lograr\u00eda la multiplicaci\u00f3n de empresas.<\/p>\n<p>Sobre los pendientes para este a\u00f1o, Guti\u00e9rrez Candiani consider\u00f3 que \u201chay dos grandes temas\u201d que est\u00e1n empujando: el primero se refiere a \u201clas leyes secundarias, para que termine todo este proceso de reformas\u201d.<\/p>\n<p>El otro, continu\u00f3, es todo lo que se refiere al fortalecimiento institucional del estado de Derecho; \u201cme refiero a seguridad, justicia, gobernabilidad y, por supuesto, un ataque frontal y decidido contra la corrupci\u00f3n y la impunidad\u201d.<\/p>\n<p>Esos son los cinco grandes temas que el sector privado impulsar\u00e1 por la parte institucional, adem\u00e1s de terminar con las reformas secundarias, participando de manera activa, agreg\u00f3 el presidente del Consejo Coordinador Empresarial.<\/p>\n<p>Reconoci\u00f3 que la meta que se fij\u00f3 el sector es crecer por lo menos a tasas de seis por ciento hacia finales del sexenio y crear un mill\u00f3n de empleos, pero sobre todo que este paquete de reformas repercuta en mejores niveles de vida, ya que ah\u00ed es d\u00f3nde se medir\u00e1 el \u00e9xito.<\/p>\n<p>Sobre las declaraciones del secretario de Hacienda, Luis Videgaray Caso, quien en la v\u00edspera habl\u00f3 de que este a\u00f1o M\u00e9xico podr\u00eda tener un crecimiento econ\u00f3mico cercano a cuatro por ciento, el l\u00edder empresarial consider\u00f3 esa cifra como una estimaci\u00f3n real.<\/p>\n<p>Opin\u00f3 que \u201ceste paquete de reformas traer\u00e1 mejores niveles de inversi\u00f3n y fortalecer\u00e1 el mercado interno, adem\u00e1s de que Estados Unidos tiene condiciones m\u00e1s favorables y estamos pensando que puede crecer entre 2.5 y 2.7 por ciento\u201d.<\/p>\n<p>&nbsp;<\/p>\n","protected":false},"excerpt":{"rendered":"<p>El presidente del Consejo Coordinador Empresarial (CCE), Gerardo Guti\u00e9rrez Candiani, dijo que se calcula que este a\u00f1o la inversi\u00f3n en el sector energ\u00e9tico, tanto p\u00fablica como privada, podr\u00eda sumar casi 50 mil millones de d\u00f3lares.<\/p>\n","protected":false},"author":3,"featured_media":0,"comment_status":"open","ping_status":"open","sticky":false,"template":"","format":"standard","meta":{"_monsterinsights_skip_tracking":false,"_monsterinsights_sitenote_active":false,"_monsterinsights_sitenote_note":"","_monsterinsights_sitenote_category":0,"footnotes":""},"categories":[3],"tags":[139,4328,3769,5247],"class_list":["post-158916","post","type-post","status-publish","format-standard","hentry","category-nacional","tag-cfe","tag-consejo-coordinador-empresarial","tag-gerardo-gutierrez-candiani","tag-inversion"],"_links":{"self":[{"href":"https:\/\/www.diarioimagen.net\/index.php?rest_route=\/wp\/v2\/posts\/158916","targetHints":{"allow":["GET"]}}],"collection":[{"href":"https:\/\/www.diarioimagen.net\/index.php?rest_route=\/wp\/v2\/posts"}],"about":[{"href":"https:\/\/www.diarioimagen.net\/index.php?rest_route=\/wp\/v2\/types\/post"}],"author":[{"embeddable":true,"href":"https:\/\/www.diarioimagen.net\/index.php?rest_route=\/wp\/v2\/users\/3"}],"replies":[{"embeddable":true,"href":"https:\/\/www.diarioimagen.net\/index.php?rest_route=%2Fwp%2Fv2%2Fcomments&post=158916"}],"version-history":[{"count":0,"href":"https:\/\/www.diarioimagen.net\/index.php?rest_route=\/wp\/v2\/posts\/158916\/revisions"}],"wp:attachment":[{"href":"https:\/\/www.diarioimagen.net\/index.php?rest_route=%2Fwp%2Fv2%2Fmedia&parent=158916"}],"wp:term":[{"taxonomy":"category","embeddable":true,"href":"https:\/\/www.diarioimagen.net\/index.php?rest_route=%2Fwp%2Fv2%2Fcategories&post=158916"},{"taxonomy":"post_tag","embeddable":true,"href":"https:\/\/www.diarioimagen.net\/index.php?rest_route=%2Fwp%2Fv2%2Ftags&post=158916"}],"curies":[{"name":"wp","href":"https:\/\/api.w.org\/{rel}","templated":true}]}}