{"id":158947,"date":"2014-01-10T00:07:18","date_gmt":"2014-01-10T06:07:18","guid":{"rendered":"http:\/\/www.diarioimagen.net\/?p=158947"},"modified":"2014-01-13T04:18:20","modified_gmt":"2014-01-13T10:18:20","slug":"pena-nieto-promulga-la-reforma-financiera","status":"publish","type":"post","link":"https:\/\/www.diarioimagen.net\/?p=158947","title":{"rendered":"Pe\u00f1a Nieto promulga la reforma financiera"},"content":{"rendered":"<ul>\n<li><strong><em>Los cambios en la legislaci\u00f3n en la materia \u201cposibilitar\u00e1n un mayor nivel de cr\u00e9dito entre los mexicanos y ello tendr\u00e1 beneficios en el crecimiento de nuestra econom\u00eda\u201d<\/em><\/strong><\/li>\n<\/ul>\n<h6>Jos\u00e9 Luis Monta\u00f1ez<\/h6>\n<div id=\"attachment_158990\" style=\"width: 250px\" class=\"wp-caption alignleft\"><a href=\"http:\/\/www.diarioimagen.net\/wp-content\/uploads\/2014\/01\/epn-2268.jpg\"><img loading=\"lazy\" decoding=\"async\" aria-describedby=\"caption-attachment-158990\" class=\"size-medium wp-image-158990\" alt=\"El presidente Enrique Pe\u00f1a Nieto firm\u00f3 ayer el decreto con el que la reforma financiera fue promulgada.\" src=\"http:\/\/www.diarioimagen.net\/wp-content\/uploads\/2014\/01\/epn-2268-240x135.jpg\" width=\"240\" height=\"135\" srcset=\"https:\/\/www.diarioimagen.net\/wp-content\/uploads\/2014\/01\/epn-2268-240x135.jpg 240w, https:\/\/www.diarioimagen.net\/wp-content\/uploads\/2014\/01\/epn-2268-420x236.jpg 420w, https:\/\/www.diarioimagen.net\/wp-content\/uploads\/2014\/01\/epn-2268-235x132.jpg 235w, https:\/\/www.diarioimagen.net\/wp-content\/uploads\/2014\/01\/epn-2268-202x114.jpg 202w, https:\/\/www.diarioimagen.net\/wp-content\/uploads\/2014\/01\/epn-2268-350x196.jpg 350w, https:\/\/www.diarioimagen.net\/wp-content\/uploads\/2014\/01\/epn-2268-220x123.jpg 220w, https:\/\/www.diarioimagen.net\/wp-content\/uploads\/2014\/01\/epn-2268-237x132.jpg 237w, https:\/\/www.diarioimagen.net\/wp-content\/uploads\/2014\/01\/epn-2268.jpg 480w\" sizes=\"auto, (max-width: 240px) 100vw, 240px\" \/><\/a><p id=\"caption-attachment-158990\" class=\"wp-caption-text\">El presidente Enrique Pe\u00f1a Nieto firm\u00f3 ayer el decreto con el que la reforma financiera fue promulgada.<\/p><\/div>\n<p>El Presidente de la Rep\u00fablica, Enrique Pe\u00f1a Nieto, afirm\u00f3\u00a0 que a partir de 2014 M\u00e9xico contar\u00e1 con un sistema financiero que adem\u00e1s de ser m\u00e1s s\u00f3lido y robusto, har\u00e1 del cr\u00e9dito responsable un verdadero motor del crecimiento.<\/p>\n<p>Durante el acto en el que firm\u00f3 el decreto por el cual se reforman, adicionan y derogan diversas disposiciones en materia financiera, y se expide la ley para regular a agrupaciones financieras, asegur\u00f3 que la reforma financiera \u201cposibilitar\u00e1 un mayor nivel de cr\u00e9dito entre los mexicanos y ello tendr\u00e1 beneficio en el crecimiento de nuestra econom\u00eda\u201d.<\/p>\n<p>El primer mandatario destac\u00f3 que \u201cpara que M\u00e9xico sea m\u00e1s pr\u00f3spero, tenemos que seguir elevando y democratizando la productividad en todos los sectores, actividades y regiones de nuestro pa\u00eds. \u00c9se es el camino para que los hogares mexicanos tengan mayores ingresos, para que todo mexicano pueda ganar m\u00e1s por su trabajo\u201d.<\/p>\n<p>\u201cAl elevar el cr\u00e9dito ser\u00e1 tambi\u00e9n posible aumentar y democratizar la productividad, facilitando que nuestros emprendedores tengan los recursos necesarios para hacer realidad sus proyectos productivos\u201d, precis\u00f3.<\/p>\n<p>Expres\u00f3 que \u201ccon m\u00e1s cr\u00e9dito y m\u00e1s barato, las micro, peque\u00f1as y medianas empresas del pa\u00eds tendr\u00e1n un insumo esencial para modernizarse, crecer y algo muy importante, generar empleos para los mexicanos\u201d.<\/p>\n<p>La reforma financiera, continu\u00f3, permitir\u00e1 aprovechar mejor las condiciones econ\u00f3micas favorables que existen para el a\u00f1o 2014 y con ello, lograr un mayor crecimiento econ\u00f3mico. \u201cSe suma a otras importantes trasformaciones logradas en 2013 y que ahora debemos reflejar d\u00eda a d\u00eda, de manera gradual en la vida cotidiana de todos los mexicanos\u201d, se\u00f1al\u00f3.<\/p>\n<p>En el sal\u00f3n Adolfo L\u00f3pez Mateos de la residencia oficial de Los Pinos, el titular del Ejecutivo federal, asegur\u00f3 que con la reforma financiera, la banca de desarrollo tendr\u00e1 mayor flexibilidad en su operaci\u00f3n para cumplir con sus distintos fines sociales, como la igualdad de g\u00e9nero y el desarrollo de ciencia, tecnolog\u00eda e innovaci\u00f3n.<\/p>\n<p>En este marco, resalt\u00f3 que en el 2013 se alcanz\u00f3 un bill\u00f3n de pesos en cr\u00e9ditos de las instituciones de la banca de desarrollo, y anunci\u00f3 para este a\u00f1o la meta de lograr al menos un bill\u00f3n 150 mil millones de pesos en financiamiento directo e impulsado, \u201clo cual significa un incremento del 15 por ciento en el cr\u00e9dito que habr\u00e1 de otorgar la banca de desarrollo del pa\u00eds\u201d. Ello servir\u00e1 para detonar obras, potenciar al campo, a las exportaciones, y respaldar proyectos productivos de empresas y emprendedores mexicanos.<\/p>\n","protected":false},"excerpt":{"rendered":"<p><span style=\"color: #005497;\"><strong>Jos\u00e9 Luis Monta\u00f1ez<\/strong><\/span><br \/>\n<br \/>\nEl Presidente de la Rep\u00fablica, Enrique Pe\u00f1a Nieto, afirm\u00f3  que a partir de 2014 M\u00e9xico contar\u00e1 con un sistema financiero que adem\u00e1s de ser m\u00e1s s\u00f3lido y robusto, har\u00e1 del cr\u00e9dito responsable un verdadero motor del crecimiento.<\/p>\n","protected":false},"author":3,"featured_media":158990,"comment_status":"open","ping_status":"open","sticky":false,"template":"","format":"standard","meta":{"_monsterinsights_skip_tracking":false,"_monsterinsights_sitenote_active":false,"_monsterinsights_sitenote_note":"","_monsterinsights_sitenote_category":0,"footnotes":""},"categories":[17,3],"tags":[18,43704,43673,18917,26565],"class_list":["post-158947","post","type-post","status-publish","format-standard","has-post-thumbnail","hentry","category-especiales","category-nacional","tag-enrique-pena-nieto","tag-jose-luis-montanez-aguilar","tag-nacional","tag-promulga","tag-reforma-financiera"],"_links":{"self":[{"href":"https:\/\/www.diarioimagen.net\/index.php?rest_route=\/wp\/v2\/posts\/158947","targetHints":{"allow":["GET"]}}],"collection":[{"href":"https:\/\/www.diarioimagen.net\/index.php?rest_route=\/wp\/v2\/posts"}],"about":[{"href":"https:\/\/www.diarioimagen.net\/index.php?rest_route=\/wp\/v2\/types\/post"}],"author":[{"embeddable":true,"href":"https:\/\/www.diarioimagen.net\/index.php?rest_route=\/wp\/v2\/users\/3"}],"replies":[{"embeddable":true,"href":"https:\/\/www.diarioimagen.net\/index.php?rest_route=%2Fwp%2Fv2%2Fcomments&post=158947"}],"version-history":[{"count":0,"href":"https:\/\/www.diarioimagen.net\/index.php?rest_route=\/wp\/v2\/posts\/158947\/revisions"}],"wp:featuredmedia":[{"embeddable":true,"href":"https:\/\/www.diarioimagen.net\/index.php?rest_route=\/wp\/v2\/media\/158990"}],"wp:attachment":[{"href":"https:\/\/www.diarioimagen.net\/index.php?rest_route=%2Fwp%2Fv2%2Fmedia&parent=158947"}],"wp:term":[{"taxonomy":"category","embeddable":true,"href":"https:\/\/www.diarioimagen.net\/index.php?rest_route=%2Fwp%2Fv2%2Fcategories&post=158947"},{"taxonomy":"post_tag","embeddable":true,"href":"https:\/\/www.diarioimagen.net\/index.php?rest_route=%2Fwp%2Fv2%2Ftags&post=158947"}],"curies":[{"name":"wp","href":"https:\/\/api.w.org\/{rel}","templated":true}]}}