{"id":158949,"date":"2014-01-10T00:05:08","date_gmt":"2014-01-10T06:05:08","guid":{"rendered":"http:\/\/www.diarioimagen.net\/?p=158949"},"modified":"2014-01-13T04:17:08","modified_gmt":"2014-01-13T10:17:08","slug":"reforma-financiera-duplicara-el-credito","status":"publish","type":"post","link":"https:\/\/www.diarioimagen.net\/?p=158949","title":{"rendered":"Reforma financiera duplicar\u00e1 el cr\u00e9dito"},"content":{"rendered":"<ul>\n<li><strong><em>Ayudar\u00e1 a impulsar el crecimiento econ\u00f3mico del pa\u00eds en por lo menos 0.5 puntos porcentuales<\/em><\/strong><\/li>\n<\/ul>\n<div id=\"attachment_158992\" style=\"width: 250px\" class=\"wp-caption alignleft\"><a href=\"http:\/\/www.diarioimagen.net\/wp-content\/uploads\/2014\/01\/VIDEGARAY-2268.jpg\"><img loading=\"lazy\" decoding=\"async\" aria-describedby=\"caption-attachment-158992\" class=\"size-medium wp-image-158992\" alt=\"Luis Videgaray Caso, titular de la Secretar\u00eda de Hacienda y Cr\u00e9dito P\u00fablico.\" src=\"http:\/\/www.diarioimagen.net\/wp-content\/uploads\/2014\/01\/VIDEGARAY-2268-240x135.jpg\" width=\"240\" height=\"135\" srcset=\"https:\/\/www.diarioimagen.net\/wp-content\/uploads\/2014\/01\/VIDEGARAY-2268-240x135.jpg 240w, https:\/\/www.diarioimagen.net\/wp-content\/uploads\/2014\/01\/VIDEGARAY-2268-420x236.jpg 420w, https:\/\/www.diarioimagen.net\/wp-content\/uploads\/2014\/01\/VIDEGARAY-2268-235x132.jpg 235w, https:\/\/www.diarioimagen.net\/wp-content\/uploads\/2014\/01\/VIDEGARAY-2268-202x114.jpg 202w, https:\/\/www.diarioimagen.net\/wp-content\/uploads\/2014\/01\/VIDEGARAY-2268-350x196.jpg 350w, https:\/\/www.diarioimagen.net\/wp-content\/uploads\/2014\/01\/VIDEGARAY-2268-220x123.jpg 220w, https:\/\/www.diarioimagen.net\/wp-content\/uploads\/2014\/01\/VIDEGARAY-2268-237x132.jpg 237w, https:\/\/www.diarioimagen.net\/wp-content\/uploads\/2014\/01\/VIDEGARAY-2268.jpg 480w\" sizes=\"auto, (max-width: 240px) 100vw, 240px\" \/><\/a><p id=\"caption-attachment-158992\" class=\"wp-caption-text\">Luis Videgaray Caso, titular de la Secretar\u00eda de Hacienda y Cr\u00e9dito P\u00fablico.<\/p><\/div>\n<p>La reforma financiera es \u201cde gran calado\u201d, con la cual es alcanzable duplicar el avance del cr\u00e9dito bancario en los pr\u00f3ximos a\u00f1os, lo que contribuir\u00e1 al crecimiento de la econom\u00eda con 0.5 puntos porcentuales adicionales, destac\u00f3 el secretario de Hacienda y Cr\u00e9dito Publico, Luis Videgaray Caso.<\/p>\n<p>En la ceremonia de promulgaci\u00f3n de la reforma financiera, encabezada por el presidente Enrique Pe\u00f1a Nieto, dijo que esta reforma representa una oportunidad \u00fanica para que el sector financiero contribuya en mejor medida al crecimiento econ\u00f3mico incluyente.<\/p>\n<p>En la residencia oficial de Los Pinos, el funcionario federal expuso que M\u00e9xico tiene una gran oportunidad que deriva de una paradoja: tiene uno de los mejores sistemas bancarios del mundo, pero presta muy poco.<\/p>\n<p>Ante representantes del Legislativo y del sector financiero, asever\u00f3 que la reforma financiera promulgada permitir\u00e1 corregir esta situaci\u00f3n y hacer del cr\u00e9dito un mayor detonador del crecimiento econ\u00f3mico en favor de las familias mexicanas.<\/p>\n<p>&nbsp;<\/p>\n","protected":false},"excerpt":{"rendered":"<p>La reforma financiera es \u201cde gran calado\u201d, con la cual es alcanzable duplicar el avance del cr\u00e9dito bancario en los pr\u00f3ximos a\u00f1os, lo que contribuir\u00e1 al crecimiento de la econom\u00eda con 0.5 puntos porcentuales adicionales, destac\u00f3 el secretario de Hacienda y Cr\u00e9dito Publico, Luis Videgaray Caso.<\/p>\n","protected":false},"author":3,"featured_media":158992,"comment_status":"open","ping_status":"open","sticky":false,"template":"","format":"standard","meta":{"_monsterinsights_skip_tracking":false,"_monsterinsights_sitenote_active":false,"_monsterinsights_sitenote_note":"","_monsterinsights_sitenote_category":0,"footnotes":""},"categories":[17,3],"tags":[7517,43673,26565,1101],"class_list":["post-158949","post","type-post","status-publish","format-standard","has-post-thumbnail","hentry","category-especiales","category-nacional","tag-luis-videgaray-caso","tag-nacional","tag-reforma-financiera","tag-secretaria-de-hacienda-y-credito-publico"],"_links":{"self":[{"href":"https:\/\/www.diarioimagen.net\/index.php?rest_route=\/wp\/v2\/posts\/158949","targetHints":{"allow":["GET"]}}],"collection":[{"href":"https:\/\/www.diarioimagen.net\/index.php?rest_route=\/wp\/v2\/posts"}],"about":[{"href":"https:\/\/www.diarioimagen.net\/index.php?rest_route=\/wp\/v2\/types\/post"}],"author":[{"embeddable":true,"href":"https:\/\/www.diarioimagen.net\/index.php?rest_route=\/wp\/v2\/users\/3"}],"replies":[{"embeddable":true,"href":"https:\/\/www.diarioimagen.net\/index.php?rest_route=%2Fwp%2Fv2%2Fcomments&post=158949"}],"version-history":[{"count":0,"href":"https:\/\/www.diarioimagen.net\/index.php?rest_route=\/wp\/v2\/posts\/158949\/revisions"}],"wp:featuredmedia":[{"embeddable":true,"href":"https:\/\/www.diarioimagen.net\/index.php?rest_route=\/wp\/v2\/media\/158992"}],"wp:attachment":[{"href":"https:\/\/www.diarioimagen.net\/index.php?rest_route=%2Fwp%2Fv2%2Fmedia&parent=158949"}],"wp:term":[{"taxonomy":"category","embeddable":true,"href":"https:\/\/www.diarioimagen.net\/index.php?rest_route=%2Fwp%2Fv2%2Fcategories&post=158949"},{"taxonomy":"post_tag","embeddable":true,"href":"https:\/\/www.diarioimagen.net\/index.php?rest_route=%2Fwp%2Fv2%2Ftags&post=158949"}],"curies":[{"name":"wp","href":"https:\/\/api.w.org\/{rel}","templated":true}]}}