{"id":159128,"date":"2014-01-13T00:09:11","date_gmt":"2014-01-13T06:09:11","guid":{"rendered":"http:\/\/www.diarioimagen.net\/?p=159128"},"modified":"2014-01-13T04:12:11","modified_gmt":"2014-01-13T10:12:11","slug":"financiamiento-interno-llegara-a-40-del-pib-en-2018","status":"publish","type":"post","link":"https:\/\/www.diarioimagen.net\/?p=159128","title":{"rendered":"Financiamiento interno llegar\u00e1 a 40% del PIB en 2018"},"content":{"rendered":"<ul>\n<li><em><strong>Con ello, se generar\u00e1n mayores niveles de consumo e inversi\u00f3n, con lo que crecer\u00e1 la econom\u00eda, dice la dependencia<\/strong><\/em><\/li>\n<\/ul>\n<div id=\"attachment_159154\" style=\"width: 250px\" class=\"wp-caption alignleft\"><a href=\"http:\/\/www.diarioimagen.net\/wp-content\/uploads\/2014\/01\/videgaray-2269.jpg\"><img loading=\"lazy\" decoding=\"async\" aria-describedby=\"caption-attachment-159154\" class=\"size-medium wp-image-159154\" alt=\"Luis Videgaray Caso, titular de la Secretar\u00eda de Hacienda y Cr\u00e9dito P\u00fablico.\" src=\"http:\/\/www.diarioimagen.net\/wp-content\/uploads\/2014\/01\/videgaray-2269-240x135.jpg\" width=\"240\" height=\"135\" srcset=\"https:\/\/www.diarioimagen.net\/wp-content\/uploads\/2014\/01\/videgaray-2269-240x135.jpg 240w, https:\/\/www.diarioimagen.net\/wp-content\/uploads\/2014\/01\/videgaray-2269-420x236.jpg 420w, https:\/\/www.diarioimagen.net\/wp-content\/uploads\/2014\/01\/videgaray-2269-235x132.jpg 235w, https:\/\/www.diarioimagen.net\/wp-content\/uploads\/2014\/01\/videgaray-2269-202x114.jpg 202w, https:\/\/www.diarioimagen.net\/wp-content\/uploads\/2014\/01\/videgaray-2269-350x196.jpg 350w, https:\/\/www.diarioimagen.net\/wp-content\/uploads\/2014\/01\/videgaray-2269-220x123.jpg 220w, https:\/\/www.diarioimagen.net\/wp-content\/uploads\/2014\/01\/videgaray-2269-237x132.jpg 237w, https:\/\/www.diarioimagen.net\/wp-content\/uploads\/2014\/01\/videgaray-2269.jpg 480w\" sizes=\"auto, (max-width: 240px) 100vw, 240px\" \/><\/a><p id=\"caption-attachment-159154\" class=\"wp-caption-text\">Luis Videgaray Caso, titular de la Secretar\u00eda de Hacienda y Cr\u00e9dito P\u00fablico.<\/p><\/div>\n<p>Con la reforma financiera, en 2018 el financiamiento interno al sector privado ser\u00e1 equivalente al 40 por ciento del Producto Interno Bruto (PIB), desde el 25.7 por ciento de 2012, estim\u00f3 la Secretar\u00eda de Hacienda y Cr\u00e9dito P\u00fablico (SHCP).<\/p>\n<p>En el Informe Semanal de su Vocer\u00eda, destaca que con ello ser\u00e1 posible generar mayores niveles de consumo e inversi\u00f3n en M\u00e9xico, aumentando el crecimiento en aproximadamente medio punto porcentual anual adicional al crecimiento de la econom\u00eda entre 2015 y 2018.<\/p>\n<p>Apunta que esto se lograr\u00e1 a trav\u00e9s de cuatro ejes: fomentar una mayor competencia entre los proveedores de servicios financieros; impulsar y fortalecer a la banca de desarrollo; ampliar los productos y servicios financieros en mejores condiciones para sus usuarios, y asegurar la solidez y prudencia del sector financiero en su conjunto.<\/p>\n<p>\u201cAs\u00ed, la principal misi\u00f3n de la reforma financiera es que los mexicanos y las empresas cuenten con productos y servicios acordes a sus necesidades y a precios competitivos para transformar a M\u00e9xico\u201d, subraya la dependencia federal.<\/p>\n<p>Resalta que esta reforma -promulgada por el presidente Enrique Pe\u00f1a Nieto el pasado 9 de enero que modific\u00f3 34 ordenamientos contenidos en 13 iniciativas, impulsar\u00e1 al sector financiero para convertirlo en una herramienta efectiva para el desarrollo integral nacional.<\/p>\n<p>De esta forma, se generar\u00e1 un c\u00edrculo virtuoso que promueve que m\u00e1s mexicanos cuenten con los recursos para desarrollar sus ideas y establecer empresas productivas de manera formal, generando empleos de calidad y crecimiento sostenido para el futuro, destaca.<\/p>\n<p>La Secretar\u00eda de Hacienda apunta que con la publicaci\u00f3n de la reforma financiera en el <i>Diario Oficial<\/i>, diversas modificaciones han entrado en vigor de forma inmediata.<\/p>\n<p>Por ello, desde ahora todos los usuarios de los servicios financieros cuentan con nuevas herramientas para escoger los productos y servicios que necesitan, as\u00ed como para ejercer sus derechos frente a las instituciones.<\/p>\n<p>&nbsp;<\/p>\n","protected":false},"excerpt":{"rendered":"<p>Con la reforma financiera, en 2018 el financiamiento interno al sector privado ser\u00e1 equivalente al 40 por ciento del Producto Interno Bruto (PIB), desde el 25.7 por ciento de 2012, estim\u00f3 la Secretar\u00eda de Hacienda y Cr\u00e9dito P\u00fablico (SHCP).<\/p>\n","protected":false},"author":3,"featured_media":159154,"comment_status":"open","ping_status":"open","sticky":false,"template":"","format":"standard","meta":{"_monsterinsights_skip_tracking":false,"_monsterinsights_sitenote_active":false,"_monsterinsights_sitenote_note":"","_monsterinsights_sitenote_category":0,"footnotes":""},"categories":[3],"tags":[7517,43673,2805,1101],"class_list":["post-159128","post","type-post","status-publish","format-standard","has-post-thumbnail","hentry","category-nacional","tag-luis-videgaray-caso","tag-nacional","tag-producto-interno-bruto","tag-secretaria-de-hacienda-y-credito-publico"],"_links":{"self":[{"href":"https:\/\/www.diarioimagen.net\/index.php?rest_route=\/wp\/v2\/posts\/159128","targetHints":{"allow":["GET"]}}],"collection":[{"href":"https:\/\/www.diarioimagen.net\/index.php?rest_route=\/wp\/v2\/posts"}],"about":[{"href":"https:\/\/www.diarioimagen.net\/index.php?rest_route=\/wp\/v2\/types\/post"}],"author":[{"embeddable":true,"href":"https:\/\/www.diarioimagen.net\/index.php?rest_route=\/wp\/v2\/users\/3"}],"replies":[{"embeddable":true,"href":"https:\/\/www.diarioimagen.net\/index.php?rest_route=%2Fwp%2Fv2%2Fcomments&post=159128"}],"version-history":[{"count":0,"href":"https:\/\/www.diarioimagen.net\/index.php?rest_route=\/wp\/v2\/posts\/159128\/revisions"}],"wp:featuredmedia":[{"embeddable":true,"href":"https:\/\/www.diarioimagen.net\/index.php?rest_route=\/wp\/v2\/media\/159154"}],"wp:attachment":[{"href":"https:\/\/www.diarioimagen.net\/index.php?rest_route=%2Fwp%2Fv2%2Fmedia&parent=159128"}],"wp:term":[{"taxonomy":"category","embeddable":true,"href":"https:\/\/www.diarioimagen.net\/index.php?rest_route=%2Fwp%2Fv2%2Fcategories&post=159128"},{"taxonomy":"post_tag","embeddable":true,"href":"https:\/\/www.diarioimagen.net\/index.php?rest_route=%2Fwp%2Fv2%2Ftags&post=159128"}],"curies":[{"name":"wp","href":"https:\/\/api.w.org\/{rel}","templated":true}]}}