{"id":159324,"date":"2014-01-14T00:08:47","date_gmt":"2014-01-14T06:08:47","guid":{"rendered":"http:\/\/www.diarioimagen.net\/?p=159324"},"modified":"2014-01-14T04:05:29","modified_gmt":"2014-01-14T10:05:29","slug":"region-asia-pacifico-con-mayor-dinamismo","status":"publish","type":"post","link":"https:\/\/www.diarioimagen.net\/?p=159324","title":{"rendered":"Regi\u00f3n Asia-Pac\u00edfico, con mayor dinamismo"},"content":{"rendered":"<ul>\n<li><em>M\u00e9xico busca concretar una transformaci\u00f3n econ\u00f3mica apoyada en las relaciones fruct\u00edferas con ella<\/em><\/li>\n<\/ul>\n<div id=\"attachment_159342\" style=\"width: 250px\" class=\"wp-caption alignleft\"><a href=\"http:\/\/www.diarioimagen.net\/wp-content\/uploads\/2014\/01\/ildefonso-2270.jpg\"><img loading=\"lazy\" decoding=\"async\" aria-describedby=\"caption-attachment-159342\" class=\"size-medium wp-image-159342\" alt=\"Ildefonso Guajardo, titular de la Secretar\u00eda de Econom\u00eda, junto con los participantes en la Vig\u00e9sima Segunda Reuni\u00f3n Anual del Foro Parlamentario Asia-Pac\u00edfico.\" src=\"http:\/\/www.diarioimagen.net\/wp-content\/uploads\/2014\/01\/ildefonso-2270-240x135.jpg\" width=\"240\" height=\"135\" srcset=\"https:\/\/www.diarioimagen.net\/wp-content\/uploads\/2014\/01\/ildefonso-2270-240x135.jpg 240w, https:\/\/www.diarioimagen.net\/wp-content\/uploads\/2014\/01\/ildefonso-2270-420x236.jpg 420w, https:\/\/www.diarioimagen.net\/wp-content\/uploads\/2014\/01\/ildefonso-2270-235x132.jpg 235w, https:\/\/www.diarioimagen.net\/wp-content\/uploads\/2014\/01\/ildefonso-2270-202x114.jpg 202w, https:\/\/www.diarioimagen.net\/wp-content\/uploads\/2014\/01\/ildefonso-2270-350x196.jpg 350w, https:\/\/www.diarioimagen.net\/wp-content\/uploads\/2014\/01\/ildefonso-2270-220x123.jpg 220w, https:\/\/www.diarioimagen.net\/wp-content\/uploads\/2014\/01\/ildefonso-2270-237x132.jpg 237w, https:\/\/www.diarioimagen.net\/wp-content\/uploads\/2014\/01\/ildefonso-2270.jpg 480w\" sizes=\"auto, (max-width: 240px) 100vw, 240px\" \/><\/a><p id=\"caption-attachment-159342\" class=\"wp-caption-text\">Ildefonso Guajardo, titular de la Secretar\u00eda de Econom\u00eda, junto con los participantes en la Vig\u00e9sima Segunda Reuni\u00f3n Anual del Foro Parlamentario Asia-Pac\u00edfico.<\/p><\/div>\n<p><strong>Puerto Vallarta, Jalisco<\/strong>.- El secretario de Econom\u00eda, Ildefonso Guajardo, asegur\u00f3 que la regi\u00f3n Asia-Pac\u00edfico representa uno de los polos industriales m\u00e1s din\u00e1micos y con mayor crecimiento en el mundo.<\/p>\n<p>En el caso de M\u00e9xico, puntualiz\u00f3, los esfuerzos de vinculaci\u00f3n iniciados hace 20 a\u00f1os a trav\u00e9s del Foro APEC apuntalan una estrategia liderada por el presidente Enrique Pe\u00f1a Nieto para concretar una transformaci\u00f3n econ\u00f3mica, apoyada en relaciones fruct\u00edferas con regiones en franja expansi\u00f3n.<\/p>\n<p>El funcionario se\u00f1al\u00f3 lo anterior durante su mensaje en la ceremonia inaugural de la Vig\u00e9sima Segunda Reuni\u00f3n Anual del Foro Parlamentario Asia-Pac\u00edfico, que se realiza en Puerto Vallarta, Jalisco.<\/p>\n<p>Guajardo destac\u00f3 que la participaci\u00f3n de M\u00e9xico en los distintos foros de Asia-Pac\u00edfico, es fundamental, en virtud de que estos mecanismos \u201cnos permiten explorar medidas para liberalizar y facilitar el comercio y la inversi\u00f3n, al tiempo que dan pauta para el intercambio de buenas pr\u00e1cticas con las econom\u00edas de la regi\u00f3n\u201d.<\/p>\n<p>El titular de la SE refiri\u00f3 que la presencia del presidente Enrique Pe\u00f1a en Indonesia, con motivo de la reuni\u00f3n de L\u00edderes Econ\u00f3micos de APEC, celebrada en octubre de 2013, fue fundamental.<\/p>\n<p>Record\u00f3 que se comprometi\u00f3, junto con los otros l\u00edderes de la regi\u00f3n a continuar los trabajos para la consecuci\u00f3n de los objetivos proclamados en Bogor para liberalizar y facilitar el comercio y la inversi\u00f3n hacia 2020.<\/p>\n<p>&nbsp;<\/p>\n","protected":false},"excerpt":{"rendered":"<p>El secretario de Econom\u00eda, Ildefonso Guajardo, asegur\u00f3 que la regi\u00f3n Asia-Pac\u00edfico representa uno de los polos industriales m\u00e1s din\u00e1micos y con mayor crecimiento en el mundo.<\/p>\n","protected":false},"author":3,"featured_media":159342,"comment_status":"open","ping_status":"open","sticky":false,"template":"","format":"standard","meta":{"_monsterinsights_skip_tracking":false,"_monsterinsights_sitenote_active":false,"_monsterinsights_sitenote_note":"","_monsterinsights_sitenote_category":0,"footnotes":""},"categories":[3],"tags":[43,43673,818,778],"class_list":["post-159324","post","type-post","status-publish","format-standard","has-post-thumbnail","hentry","category-nacional","tag-jalisco","tag-nacional","tag-puerto-vallarta","tag-secretaria-de-economia"],"_links":{"self":[{"href":"https:\/\/www.diarioimagen.net\/index.php?rest_route=\/wp\/v2\/posts\/159324","targetHints":{"allow":["GET"]}}],"collection":[{"href":"https:\/\/www.diarioimagen.net\/index.php?rest_route=\/wp\/v2\/posts"}],"about":[{"href":"https:\/\/www.diarioimagen.net\/index.php?rest_route=\/wp\/v2\/types\/post"}],"author":[{"embeddable":true,"href":"https:\/\/www.diarioimagen.net\/index.php?rest_route=\/wp\/v2\/users\/3"}],"replies":[{"embeddable":true,"href":"https:\/\/www.diarioimagen.net\/index.php?rest_route=%2Fwp%2Fv2%2Fcomments&post=159324"}],"version-history":[{"count":0,"href":"https:\/\/www.diarioimagen.net\/index.php?rest_route=\/wp\/v2\/posts\/159324\/revisions"}],"wp:featuredmedia":[{"embeddable":true,"href":"https:\/\/www.diarioimagen.net\/index.php?rest_route=\/wp\/v2\/media\/159342"}],"wp:attachment":[{"href":"https:\/\/www.diarioimagen.net\/index.php?rest_route=%2Fwp%2Fv2%2Fmedia&parent=159324"}],"wp:term":[{"taxonomy":"category","embeddable":true,"href":"https:\/\/www.diarioimagen.net\/index.php?rest_route=%2Fwp%2Fv2%2Fcategories&post=159324"},{"taxonomy":"post_tag","embeddable":true,"href":"https:\/\/www.diarioimagen.net\/index.php?rest_route=%2Fwp%2Fv2%2Ftags&post=159324"}],"curies":[{"name":"wp","href":"https:\/\/api.w.org\/{rel}","templated":true}]}}