{"id":159396,"date":"2014-01-15T00:01:16","date_gmt":"2014-01-15T06:01:16","guid":{"rendered":"http:\/\/www.diarioimagen.net\/?p=159396"},"modified":"2014-01-15T23:01:55","modified_gmt":"2014-01-16T05:01:55","slug":"hyatt-ziva-los-cabos-y-hyatt-zilara-cancun-marcas-all-inclusive-para-grupos-y-familias","status":"publish","type":"post","link":"https:\/\/www.diarioimagen.net\/?p=159396","title":{"rendered":"<i>Hyatt Ziva<\/i> Los Cabos y <i>Hyatt Zilara<\/i> Canc\u00fan, marcas <i>All Inclusive<\/i> para grupos y familias"},"content":{"rendered":"<h2>De cinco estrellas<\/h2>\n<h5>Victoria Gonz\u00e1lez Prado<\/h5>\n<p>&nbsp;<\/p>\n<ul>\n<li><em><strong>Trabaja la Sectur en el ordenamiento del territorio nacional e instala la mesa del Gabinete Tur\u00edstico<\/strong><\/em><\/li>\n<li><em><strong>\u201cHolidayCheck Award\u201d para 19 hoteles Riu en el mundo, al obtener las mejores valoraciones de usuarios<\/strong><\/em><\/li>\n<li><em><strong>Crece 32% la presencia de turistas internacionales a la capital del pa\u00eds, se\u00f1ala estudio<\/strong><\/em><\/li>\n<\/ul>\n<div id=\"attachment_159516\" style=\"width: 250px\" class=\"wp-caption alignleft\"><a href=\"http:\/\/www.diarioimagen.net\/wp-content\/uploads\/2014\/01\/turismo-2271.jpg\"><img loading=\"lazy\" decoding=\"async\" aria-describedby=\"caption-attachment-159516\" class=\"size-medium wp-image-159516\" alt=\"Alex Stadlin y \u00c1lvaro Valeriani.\" src=\"http:\/\/www.diarioimagen.net\/wp-content\/uploads\/2014\/01\/turismo-2271-240x135.jpg\" width=\"240\" height=\"135\" srcset=\"https:\/\/www.diarioimagen.net\/wp-content\/uploads\/2014\/01\/turismo-2271-240x135.jpg 240w, https:\/\/www.diarioimagen.net\/wp-content\/uploads\/2014\/01\/turismo-2271-420x236.jpg 420w, https:\/\/www.diarioimagen.net\/wp-content\/uploads\/2014\/01\/turismo-2271-235x132.jpg 235w, https:\/\/www.diarioimagen.net\/wp-content\/uploads\/2014\/01\/turismo-2271-202x114.jpg 202w, https:\/\/www.diarioimagen.net\/wp-content\/uploads\/2014\/01\/turismo-2271-350x196.jpg 350w, https:\/\/www.diarioimagen.net\/wp-content\/uploads\/2014\/01\/turismo-2271-220x123.jpg 220w, https:\/\/www.diarioimagen.net\/wp-content\/uploads\/2014\/01\/turismo-2271-237x132.jpg 237w, https:\/\/www.diarioimagen.net\/wp-content\/uploads\/2014\/01\/turismo-2271.jpg 480w\" sizes=\"auto, (max-width: 240px) 100vw, 240px\" \/><\/a><p id=\"caption-attachment-159516\" class=\"wp-caption-text\">Alex Stadlin y \u00c1lvaro Valeriani.<\/p><\/div>\n<p><b>\u00c1lvaro Valeriani<\/b>, vicepresidente regional de marketing y ventas para <i>Hyatt <\/i>Latinoam\u00e9rica, organiz\u00f3 una reuni\u00f3n con la intenci\u00f3n de anunciar la apertura oficial de sus nuevas marcas <i>All Inclusive. <\/i>Durante el evento se refiri\u00f3 a la inversi\u00f3n millonaria que har\u00e1n en sus hoteles de playa. \u201cDurante los \u00faltimos a\u00f1os <i>Hyatt<\/i> ha estado involucrada en el lanzamiento de nuevas marcas, hoy anunciamos el lanzamiento de: <i>Hyatt Ziva<\/i> Los Cabos y <i>Hyatt Zilara<\/i> Canc\u00fan; Ziva es nuestra marca <i>All Inclusive<\/i> para grupos y familias, una plataforma para crear nuevas historias, es un hotel que genera experiencias espont\u00e1neas, tiene m\u00e1s de 4 mil metros para salas y reuniones, es el hotel m\u00e1s grande que hemos vendido en M\u00e9xico para eventos de convenciones e incentivos y, el <i>Hyatt Zilara<\/i> es nuestro <i>All Inclusive<\/i> s\u00f3lo para adultos, que representa la espontaneidad y el vivir el momento con grandes experiencias\u201d. En la reuni\u00f3n los invitados disfrutaron de una comida en un ambiente muy peculiar, pues decoraron el sal\u00f3n\u00a0 con arena, tumbonas, ilustraciones del mar. El lanzamiento fue el resultado de la asociaci\u00f3n entre <i>Hyatt Corporation<\/i> con <i>Playa Hotels &amp; Resorts<\/i> a cargo de <b>Alex Stadlin<\/b>, <i>Chief operating officer<\/i>, quien asegur\u00f3 que encontr\u00f3 en <i>Hyatt<\/i> el \u201csocio ideal\u201d. Por otra parte, anunciaron el cierre de sus hoteles <i>Dreams<\/i> Canc\u00fan y <i>Dreams<\/i> Puerto Vallarta, que ser\u00e1n sometidos a una extensa renovaci\u00f3n durante seis meses, misma que concluir\u00e1 a finales de 2014. Por \u00faltimo, <b>Valeriani<\/b> indic\u00f3 que <i>Hyatt <\/i>ofrecer\u00e1 m\u00e1s aventuras para sus hu\u00e9spedes dentro y fuera del hotel. \u201cNo queremos ser la cadena hotelera m\u00e1s grande del mundo, queremos ser la preferida en el mundo.<\/p>\n<p>\u2730\u2730\u2730\u2730\u2730\u00a0La Secretar\u00eda de Turismo del gobierno de la Rep\u00fablica instal\u00f3 la mesa del Gabinete Tur\u00edstico Ordenamiento y Coordinaci\u00f3n Institucional, con el prop\u00f3sito de instrumentar el programa de Ordenamiento Tur\u00edstico del Territorio (OTT). La titular de la Sectur, <b>Claudia Ruiz Massieu<\/b>, se\u00f1al\u00f3 que el Ordenamiento Tur\u00edstico Territorial es un instrumento de la pol\u00edtica tur\u00edstica bajo un enfoque social, ambiental y territorial. Para lograr una pol\u00edtica eficiente de ordenamiento tur\u00edstico del territorio, en esta mesa del Gabinete Tur\u00edstico conjuntan esfuerzos las secretar\u00edas de Turismo (Sectur), Desarrollo Agrario, Territorial y Urbano (Sedatu), Medio Ambiente\u00a0 y Recursos Naturales (Semarnat), Hacienda y Cr\u00e9dito P\u00fablico (SHCP), y Comunicaciones y Transportes (SCT). <b>Ruiz Massieu<\/b> explic\u00f3 que la finalidad es conocer e inducir el uso de suelo y las actividades productivas, con el prop\u00f3sito de lograr el aprovechamiento ordenado y sustentable de los recursos tur\u00edsticos, de conformidad con las disposiciones jur\u00eddicas aplicables en materia de medio ambiente y asentamientos humanos. Manifest\u00f3 que este programa busca potenciar la atracci\u00f3n de inversiones que fomenten una mayor derrama econ\u00f3mica en el pa\u00eds y fortalezcan el crecimiento del turismo como motor de la econom\u00eda nacional. Asimismo, poder dar certeza jur\u00eddica en los procesos de otorgamiento y tenencia de la tierra, y en la zonificaci\u00f3n y distribuci\u00f3n de los usos de suelo en el pa\u00eds. La titular de la Sectur afirm\u00f3 que el OTT podr\u00e1 crear un desarrollo socioecon\u00f3mico equilibrado y sostenible, as\u00ed como la mejora de la calidad de vida de la poblaci\u00f3n, a trav\u00e9s del acceso al uso de servicios e infraestructura p\u00fablicos\u00a0 y de la gesti\u00f3n responsable de los recursos naturales de las zonas de desarrollo tur\u00edstico sustentable. De la Mesa de Ordenamiento y Coordinaci\u00f3n Interinstitucional,<i> <\/i>dijo que se esperan obtener resultados que permitan establecer dos procesos en materia de ordenamiento tur\u00edstico territorial: Uno pol\u00edtico, en la medida que involucra toma de decisiones concertadas por los actores pol\u00edticos, sociales, econ\u00f3micos y t\u00e9cnicos para la ocupaci\u00f3n ordenada y uso sustentable del territorio y otro, de car\u00e1cter administrativo, pues orienta la regulaci\u00f3n y promoci\u00f3n de la localizaci\u00f3n y desarrollo de los asentamientos humanos, de las actividades econ\u00f3micas y sociales de la comunidad. Por su parte, el director general de Ordenamiento Territorial y Atenci\u00f3n a Zonas de Riesgo de la Sedatu, <b>Jos\u00e9 Luis Escalera Morf\u00edn<\/b>, se\u00f1al\u00f3 que para que el suelo nacional est\u00e9 plenamente identificado y ordenado, ya se instala el Consejo Estatal de Ordenamiento Territorial en las 32 entidades federativas. Dicho Consejo, expres\u00f3, ya se instal\u00f3 en seis estados y se pretende que para mayo pr\u00f3ximo est\u00e9 en todo el pa\u00eds. El objetivo, dijo, es elaborar el Programa Estatal de Ordenamiento Territorial, por lo que la Sedatu ya trabaja en la metodolog\u00eda, la cual estar\u00e1 a la disposici\u00f3n de esta mesa de trabajo del Gabinete Tur\u00edstico. A la instalaci\u00f3n de la mesa asistieron los subsecretarios de Turismo, <b>Francisco Maass Pe\u00f1a<\/b>, de Calidad y Regulaci\u00f3n, y <b>Salvador S\u00e1nchez Estrada<\/b>, de Planeaci\u00f3n y Pol\u00edtica Tur\u00edstica, as\u00ed como los directores generales de la Comisi\u00f3n Federal de Mejora Regulatoria (Cofemer), <b>Virgilio Andrade Mart\u00ednez<\/b>; de Pol\u00edtica Ambiental e Integraci\u00f3n Regional de la Semarnat, <b>C\u00e9sar Rafael Ch\u00e1vez Ortiz<\/b> y del Fondo Nacional de Fomento al Turismo (Fonatur), <b>H\u00e9ctor G\u00f3mez Barraza<\/b>, y el jefe de la Unidad de Banca de Desarrollo de la SHCP, <b>Luis Madrazo Lajous<\/b>.<\/p>\n<p>\u2730\u2730\u2730\u2730\u2730\u00a0<i>HolidayCheck,<\/i> el mayor portal europeo de opiniones de hoteles, ha concedido sus premios anuales\u00a0<i>\u201cHolidayCheck Award\u201d\u00a0<\/i>a los hoteles del mundo que reciben mejores valoraciones por parte de los usuarios. El portal tambi\u00e9n ha concedido el distintivo <i>\u201cHolidayCheck TopHotel\u201d\u00a0<\/i>que se otorga para reconocer a los mejores hoteles del mundo por destino. Un total de\u00a019 \u00a0hoteles\u00a0de Riu Hotels &amp; Resorts est\u00e1n entre los ganadores de estos premios. Entre los ganadores de un\u00a0<i>\u201cHolidayCheck Award 2014\u201d\u00a0<\/i>se encuentran\u00a014 hoteles\u00a0de\u00a0Riu\u00a0de Portugal (3), Cabo Verde (3), M\u00e9xico (3), Bulgaria (2), Espa\u00f1a (1) Marruecos (1) y T\u00fanez (1). Estos han sido premiados en las siguientes categor\u00edas: Cinco hoteles recibieron el premio en la categor\u00eda \u201cParejas\u201d, tres en\u00a0\u201cEl No.1 del pa\u00eds\u201d, tres en la categor\u00eda\u00a0\u201cEn la playa\u201d, dos en\u00a0\u201cBienestar\/Spa\u201d\u00a0y uno en\u00a0\u201cFamilia\u201d. Cinco hoteles recibieron adem\u00e1s el distintivo\u00a0<i>\u201cHolidayCheck TopHotel 2014\u201d\u00a0<\/i>por sus excelentes servicios y la satisfacci\u00f3n de sus hu\u00e9spedes.\u00a0 Para ser honorado con los premios\u00a0<i>\u201cHolidayCheck Award\u201d\u00a0<\/i>o\u00a0<i>\u201cTopHotel\u201d,<\/i> los hoteles deben cumplir con unos requisitos m\u00ednimos como son contar con al menos 40 evaluaciones de hu\u00e9spedes alojados durante 2013, recibir un 90% de recomendaci\u00f3n y al menos cinco soles en la valoraci\u00f3n. La distinci\u00f3n de un hotel con uno de estos premios, reconoce el compromiso y el esfuerzo de la empresa por superar las expectativas de sus clientes con excelentes productos y un servicio impecable d\u00eda tras d\u00eda, algo que se refleja en las numerosas opiniones positivas.<\/p>\n<p>\u2730\u2730\u2730\u2730\u2730\u00a0<b>Miguel Torruco Marqu\u00e9s<\/b>, secretario de Turismo del Distrito Federal, inform\u00f3 que la presencia de turistas internacionales en la capital del pa\u00eds creci\u00f3 32% cuando en 2012 fue de 26%. Asimismo, indic\u00f3 que los resultados del estudio \u201cPerfil del turista que visita la ciudad de M\u00e9xico\u201d, ser\u00e1n utilizados para la definici\u00f3n de la pol\u00edtica tur\u00edstica, as\u00ed como para la toma de decisiones en materia de planeaci\u00f3n y promoci\u00f3n, y su objetivo es el de conocer las caracter\u00edsticas de los turistas nacionales e internacionales que visitan la ciudad, identificando los principales indicadores de satisfacci\u00f3n y demandas espec\u00edficas de servicios e infraestructura. Tambi\u00e9n, permitir\u00e1 evaluar la eficacia, eficiencia y calidad de los servicios y acciones realizadas por los sectores p\u00fablico y privado involucrados en la atenci\u00f3n al viajero. De igual forma <b>Torruco<\/b> se\u00f1al\u00f3 que en el periodo de junio a noviembre del 2013, se aplicaron encuestas a visitantes (no residentes) a la ciudad de M\u00e9xico, en puntos de afluencia tur\u00edstica, para lo que se cont\u00f3, por segundo a\u00f1o consecutivo con la colaboraci\u00f3n de la Escuela Superior de Turismo del Instituto Polit\u00e9cnico Nacional. Record\u00f3 que el 2013 concluy\u00f3 con poco m\u00e1s 12.5 millones de turistas, 80% provenientes de distintos estados del pa\u00eds y 20%, turismo internacional. Adem\u00e1s, la derrama econ\u00f3mica por concepto de turismo en el pasado mes de noviembre fue de cuatro mil 89 millones de d\u00f3lares. Con base en una muestra de tres mil 511 encuestas efectivas en el periodo de referencia, con un nivel de confianza del 95% y un margen de error de m\u00e1s\/menos 4.18 unidades porcentuales, el estudio confirma que los turistas provenientes de Estados Unidos, constituyen el mayor flujo de visitantes extranjeros al DF., toda vez que conforman 23.7% del total de los encuestados. Observ\u00f3 que lo mejor del DF sigue siendo su patrimonio hist\u00f3rico y cultural (35%); la arquitectura y esencia cosmopolita (18%); la hospitalidad, pluralidad y calidez de la gente local (11%), y le asignaron una calificaci\u00f3n promedio de 8.76 en la calidad de la oferta tur\u00edstica. De la misma forma, ocho de cada 10 turistas aseguran que regresar\u00e1n y recomendar\u00e1n a la ciudad como un buen destino tur\u00edstico. El secretario de Turismo asever\u00f3 que uno de cada diez turistas visit\u00f3 la p\u00e1gina web de Sectur DF, mientras que uno de cada cuatro turistas utiliz\u00f3 alg\u00fan mapa o folleto de la Secretar\u00eda de Turismo, destacando la referencia positiva de la utilidad de estas herramientas en un 80%. En t\u00e9rminos generales el turista califica con ocho, en una escala de uno a 10, a las redes sociales que gestiona la Secretar\u00eda de Turismo en favor de los visitantes de la ciudad.<\/p>\n<p><i><em><a href=\"mailto:victoriagprado@gmail.com\" target=\"_blank\">victoriagprado@gmail.com<\/a><\/em><\/i><\/p>\n","protected":false},"excerpt":{"rendered":"<p><b>\u00c1lvaro Valeriani<\/b>, vicepresidente regional de marketing y ventas para <i>Hyatt <\/i>Latinoam\u00e9rica, organiz\u00f3 una reuni\u00f3n con la intenci\u00f3n de anunciar la apertura oficial de sus nuevas marcas <i>All Inclusive.<\/i><\/p>\n","protected":false},"author":3,"featured_media":159516,"comment_status":"open","ping_status":"open","sticky":false,"template":"","format":"standard","meta":{"_monsterinsights_skip_tracking":false,"_monsterinsights_sitenote_active":false,"_monsterinsights_sitenote_note":"","_monsterinsights_sitenote_category":0,"footnotes":""},"categories":[11],"tags":[107,14969,43681,106],"class_list":["post-159396","post","type-post","status-publish","format-standard","has-post-thumbnail","hentry","category-turismo","tag-de-cinco-estrellas","tag-hoteles","tag-turismo","tag-victoria-gonzalez-prado"],"_links":{"self":[{"href":"https:\/\/www.diarioimagen.net\/index.php?rest_route=\/wp\/v2\/posts\/159396","targetHints":{"allow":["GET"]}}],"collection":[{"href":"https:\/\/www.diarioimagen.net\/index.php?rest_route=\/wp\/v2\/posts"}],"about":[{"href":"https:\/\/www.diarioimagen.net\/index.php?rest_route=\/wp\/v2\/types\/post"}],"author":[{"embeddable":true,"href":"https:\/\/www.diarioimagen.net\/index.php?rest_route=\/wp\/v2\/users\/3"}],"replies":[{"embeddable":true,"href":"https:\/\/www.diarioimagen.net\/index.php?rest_route=%2Fwp%2Fv2%2Fcomments&post=159396"}],"version-history":[{"count":0,"href":"https:\/\/www.diarioimagen.net\/index.php?rest_route=\/wp\/v2\/posts\/159396\/revisions"}],"wp:featuredmedia":[{"embeddable":true,"href":"https:\/\/www.diarioimagen.net\/index.php?rest_route=\/wp\/v2\/media\/159516"}],"wp:attachment":[{"href":"https:\/\/www.diarioimagen.net\/index.php?rest_route=%2Fwp%2Fv2%2Fmedia&parent=159396"}],"wp:term":[{"taxonomy":"category","embeddable":true,"href":"https:\/\/www.diarioimagen.net\/index.php?rest_route=%2Fwp%2Fv2%2Fcategories&post=159396"},{"taxonomy":"post_tag","embeddable":true,"href":"https:\/\/www.diarioimagen.net\/index.php?rest_route=%2Fwp%2Fv2%2Ftags&post=159396"}],"curies":[{"name":"wp","href":"https:\/\/api.w.org\/{rel}","templated":true}]}}