{"id":159423,"date":"2014-01-15T00:01:47","date_gmt":"2014-01-15T06:01:47","guid":{"rendered":"http:\/\/www.diarioimagen.net\/?p=159423"},"modified":"2014-01-15T03:48:01","modified_gmt":"2014-01-15T09:48:01","slug":"mireles-y-el-desaseo-de-televisa","status":"publish","type":"post","link":"https:\/\/www.diarioimagen.net\/?p=159423","title":{"rendered":"Mireles y el desaseo de Televisa"},"content":{"rendered":"<h2>Pol\u00edtica Spot<\/h2>\n<h5>Juan Manuel Maga\u00f1a<\/h5>\n<p><span><br \/>\nEn tan s\u00f3lo en cuesti\u00f3n de horas, el doctor Jos\u00e9 Manuel Mireles fue protagonista de dos videos que buena parte del pa\u00eds conoci\u00f3, en uno de los cuales afirma que \u00e9l y los suyos est\u00e1n dispuestos a dejar la guerra michoacana y volver a sus comunidades de origen, y en el otro dice exactamente lo contrario.<\/span><\/p>\n<p>\u00bfEn cu\u00e1l de los dos videos creer? Le voy al segundo.<\/p>\n<p>Me lo dice el desaseo de Joaqu\u00edn L\u00f3pez D\u00f3riga al presentar antenoche el primero de ellos en un noticiario que tiene el m\u00e1s alto rating en el pa\u00eds.<\/p>\n<p>Se lo filtraron y, al presentarlo, el periodista quiso hacerle al mago, antes que revelar que se trataba de una filtraci\u00f3n:<\/p>\n<p>\u201cMe han llegado estas declaraciones que comparto con usted, justamente hoy, tras los hechos del fin de semana y el anuncio del gobierno federal\u201d (del acuerdo sobre seguridad firmado con el gobierno de Michoac\u00e1n).<\/p>\n<p>O sea, al video le salieron patitas que solas tomaron el camino rumbo al Noticiero. Ya en el video, se ve a un Mireles desmedrado, en un ambiente as\u00e9ptico, apostar\u00eda que en el hospital, y leyendo alg\u00fan papel que est\u00e1 fuera del encuadre de la c\u00e1mara.<\/p>\n<p>Ah\u00ed pretexta que habr\u00e1 de cuidarse en terapia intermedia por el accidente que sufri\u00f3. Dice que ve con agrado el acuerdo reci\u00e9n firmado y que por ello el comit\u00e9 de autodefensas atiende al llamado del secretario y \u201cde nuestro amigo el gobernador\u201d.<\/p>\n<p>Y es entonces cuando asegura: \u201cAceptamos regresar a nuestras comunidades de origen y reincorporarnos a nuestras actividades cotidianas. Recuerdo que somos civiles, gente de trabajo y de bien que asumimos una responsabilidad que no nos correspondi\u00f3\u201d<\/p>\n<p>L\u00f3pez D\u00f3riga cierra el asunto con la expresi\u00f3n \u201ces el doctor Mireles en el mensaje que est\u00e1 enviando esta noche, \u00faltimo comunicado en el que afirma su posici\u00f3n como el l\u00edder m\u00e1s visible de los grupos de autodefensa\u201d.<\/p>\n<p>Mensaje, comunicado&#8230; palabras postizas como si la fuente emisora fuera el propio Mireles, lo que le hubiese convertido en una exclusiva para la televisora. Pero ni una ni otra cosa. Todo m\u00e1s bien oscuro.<\/p>\n<p>Ayer, Mireles volvi\u00f3 a sorprender. En el nuevo video que circul\u00f3 profusamente en YouTube y en infinidad de portales de internet y noticiarios de radio, el guerrero michoacano afirma exactamente lo contrario. Es de nuevo \u00e9l, entr\u00f3n, echado para delante.<\/p>\n<p>Tras recordar que \u00e9l no es nadie para \u201cautorizar \u00f3 desautorizar nada\u201d ya que todas las decisiones se toman en el Consejo de Autodefensas Unidas de Michoac\u00e1n, Mireles se pronunci\u00f3 en contra de entregar las armas:<\/p>\n<p>\u201cEstoy a favor de que cuando nos entreguen las siete cabezas principales del crimen organizado y se restablezca el estado de Derecho, entonces vamos a ver d\u00f3nde vamos a acomodar a la gente que por necesidad de salvar su vida tuvo que armarse&#8230; Le digo a mis compa\u00f1eros del Consejo General de Autodefensas y Comunitarios que no dejen las armas hasta que el gobierno federal y el gobierno del estado, que creo que se reunieron el d\u00eda de hoy 13 de enero de 2014, cumplan con detener a las siete principales cabezas del crimen organizado que han destrozado nuestras vidas durante m\u00e1s de 12 a\u00f1os\u201d<\/p>\n<p>Total, los videos van en dos l\u00f3gicas distintas: Una, la de la guerra gubernamental (\u00bfestatal, federal?) en Michoac\u00e1n. Otra, la del guerrero. Y como la l\u00f3gica de la guerra es el enga\u00f1o, aqu\u00ed cabe suponer qui\u00e9n enga\u00f1\u00f3 a qui\u00e9n. Quien se exhibi\u00f3 en medio, con su desaseo, fue, otra vez, Televisa.<\/p>\n<p><em><a href=\"mailto: maganapalace@yahoo.com.mx\" target=\"_blank\">maganapalace@yahoo.com.mx<\/a><\/em><\/p>\n","protected":false},"excerpt":{"rendered":"<p><span style=\"color: #005497;\"><strong>Juan Manuel Maga\u00f1a<\/strong><\/span><\/p>\n","protected":false},"author":3,"featured_media":0,"comment_status":"open","ping_status":"open","sticky":false,"template":"","format":"standard","meta":{"_monsterinsights_skip_tracking":false,"_monsterinsights_sitenote_active":false,"_monsterinsights_sitenote_note":"","_monsterinsights_sitenote_category":0,"footnotes":""},"categories":[22905],"tags":[43709,43674,22904,604],"class_list":["post-159423","post","type-post","status-publish","format-standard","hentry","category-juan-manuel-magana","tag-juan-manuel-magana","tag-opinion","tag-politica-spot","tag-televisa"],"_links":{"self":[{"href":"https:\/\/www.diarioimagen.net\/index.php?rest_route=\/wp\/v2\/posts\/159423","targetHints":{"allow":["GET"]}}],"collection":[{"href":"https:\/\/www.diarioimagen.net\/index.php?rest_route=\/wp\/v2\/posts"}],"about":[{"href":"https:\/\/www.diarioimagen.net\/index.php?rest_route=\/wp\/v2\/types\/post"}],"author":[{"embeddable":true,"href":"https:\/\/www.diarioimagen.net\/index.php?rest_route=\/wp\/v2\/users\/3"}],"replies":[{"embeddable":true,"href":"https:\/\/www.diarioimagen.net\/index.php?rest_route=%2Fwp%2Fv2%2Fcomments&post=159423"}],"version-history":[{"count":0,"href":"https:\/\/www.diarioimagen.net\/index.php?rest_route=\/wp\/v2\/posts\/159423\/revisions"}],"wp:attachment":[{"href":"https:\/\/www.diarioimagen.net\/index.php?rest_route=%2Fwp%2Fv2%2Fmedia&parent=159423"}],"wp:term":[{"taxonomy":"category","embeddable":true,"href":"https:\/\/www.diarioimagen.net\/index.php?rest_route=%2Fwp%2Fv2%2Fcategories&post=159423"},{"taxonomy":"post_tag","embeddable":true,"href":"https:\/\/www.diarioimagen.net\/index.php?rest_route=%2Fwp%2Fv2%2Ftags&post=159423"}],"curies":[{"name":"wp","href":"https:\/\/api.w.org\/{rel}","templated":true}]}}