{"id":159476,"date":"2014-01-15T00:09:54","date_gmt":"2014-01-15T06:09:54","guid":{"rendered":"http:\/\/www.diarioimagen.net\/?p=159476"},"modified":"2014-01-15T04:03:42","modified_gmt":"2014-01-15T10:03:42","slug":"el-desempleo-en-mexico-es-tercero-mas-bajo-de-ocde","status":"publish","type":"post","link":"https:\/\/www.diarioimagen.net\/?p=159476","title":{"rendered":"El desempleo en M\u00e9xico es tercero m\u00e1s bajo de OCDE"},"content":{"rendered":"<ul>\n<li><strong><em>Lleg\u00f3 a 4.6% en noviembre<\/em><\/strong><\/li>\n<\/ul>\n<div id=\"attachment_159521\" style=\"width: 250px\" class=\"wp-caption alignleft\"><a href=\"http:\/\/www.diarioimagen.net\/wp-content\/uploads\/2014\/01\/DESEMPLEO-2271.jpg\"><img loading=\"lazy\" decoding=\"async\" aria-describedby=\"caption-attachment-159521\" class=\"size-medium wp-image-159521\" alt=\"La OCDE afirma que la tasa de desempleo en nuestro pa\u00eds tiene una tendencia a la baja.\" src=\"http:\/\/www.diarioimagen.net\/wp-content\/uploads\/2014\/01\/DESEMPLEO-2271-240x135.jpg\" width=\"240\" height=\"135\" srcset=\"https:\/\/www.diarioimagen.net\/wp-content\/uploads\/2014\/01\/DESEMPLEO-2271-240x135.jpg 240w, https:\/\/www.diarioimagen.net\/wp-content\/uploads\/2014\/01\/DESEMPLEO-2271-420x236.jpg 420w, https:\/\/www.diarioimagen.net\/wp-content\/uploads\/2014\/01\/DESEMPLEO-2271-235x132.jpg 235w, https:\/\/www.diarioimagen.net\/wp-content\/uploads\/2014\/01\/DESEMPLEO-2271-202x114.jpg 202w, https:\/\/www.diarioimagen.net\/wp-content\/uploads\/2014\/01\/DESEMPLEO-2271-350x196.jpg 350w, https:\/\/www.diarioimagen.net\/wp-content\/uploads\/2014\/01\/DESEMPLEO-2271-220x123.jpg 220w, https:\/\/www.diarioimagen.net\/wp-content\/uploads\/2014\/01\/DESEMPLEO-2271-237x132.jpg 237w, https:\/\/www.diarioimagen.net\/wp-content\/uploads\/2014\/01\/DESEMPLEO-2271.jpg 480w\" sizes=\"auto, (max-width: 240px) 100vw, 240px\" \/><\/a><p id=\"caption-attachment-159521\" class=\"wp-caption-text\">La OCDE afirma que la tasa de desempleo en nuestro pa\u00eds tiene una tendencia a la baja.<\/p><\/div>\n<p>En noviembre de 2013 la tasa de desempleo de M\u00e9xico, de 4.6 por ciento, fue la tercera m\u00e1s baja de los pa\u00edses integrantes de la Organizaci\u00f3n para la Cooperaci\u00f3n y el Desarrollo Econ\u00f3micos (OCDE), s\u00f3lo superior a la de Corea y Jap\u00f3n.<\/p>\n<p>Seg\u00fan el reporte mensual del organismo, la tasa de desempleo de M\u00e9xico en noviembre, que lig\u00f3 dos meses a la baja, involucr\u00f3 a dos millones 418 mil personas y es casi la mitad del promedio de 7.8 por ciento para el conjunto de la OCDE en dicho mes.<\/p>\n<p>En tanto que la tasa de desempleo entre los j\u00f3venes mexicanos (de 15 a 24 a\u00f1os) pas\u00f3 de 9.6 por ciento que ten\u00eda en octubre a 8.9 por ciento en noviembre, y entre los adultos (de 25 a\u00f1os y m\u00e1s) tambi\u00e9n disminuy\u00f3 de 3.8 por ciento a 3.6.<\/p>\n<p>Datos por g\u00e9nero para M\u00e9xico muestran que la tasa de desempleo en las mujeres retrocedi\u00f3 a 4.6 por ciento en noviembre, luego de que en octubre era de 5.0 por ciento; mientras que la de hombres disminuy\u00f3 a 4.6 por ciento cuando en octubre era de 4.8.<\/p>\n<p>La tasa de desempleo para el conjunto de 34 pa\u00edses de la OCDE baj\u00f3 a 7.8 por ciento en noviembre de 2013 en comparaci\u00f3n con la de octubre que era de 7.9 por ciento, nivel que se hab\u00eda mantenido durante los cinco meses previos.<\/p>\n<p>&nbsp;<\/p>\n","protected":false},"excerpt":{"rendered":"<p>En noviembre de 2013 la tasa de desempleo de M\u00e9xico, de 4.6 por ciento, fue la tercera m\u00e1s baja de los pa\u00edses integrantes de la Organizaci\u00f3n para la Cooperaci\u00f3n y el Desarrollo Econ\u00f3micos (OCDE), s\u00f3lo superior a la de Corea y Jap\u00f3n.<\/p>\n","protected":false},"author":3,"featured_media":159521,"comment_status":"open","ping_status":"open","sticky":false,"template":"","format":"standard","meta":{"_monsterinsights_skip_tracking":false,"_monsterinsights_sitenote_active":false,"_monsterinsights_sitenote_note":"","_monsterinsights_sitenote_category":0,"footnotes":""},"categories":[3],"tags":[19983,482,44,43673,360],"class_list":["post-159476","post","type-post","status-publish","format-standard","has-post-thumbnail","hentry","category-nacional","tag-cooperacion-y-el-desarrollo-economicos","tag-desempleo","tag-mexico","tag-nacional","tag-ocde"],"_links":{"self":[{"href":"https:\/\/www.diarioimagen.net\/index.php?rest_route=\/wp\/v2\/posts\/159476","targetHints":{"allow":["GET"]}}],"collection":[{"href":"https:\/\/www.diarioimagen.net\/index.php?rest_route=\/wp\/v2\/posts"}],"about":[{"href":"https:\/\/www.diarioimagen.net\/index.php?rest_route=\/wp\/v2\/types\/post"}],"author":[{"embeddable":true,"href":"https:\/\/www.diarioimagen.net\/index.php?rest_route=\/wp\/v2\/users\/3"}],"replies":[{"embeddable":true,"href":"https:\/\/www.diarioimagen.net\/index.php?rest_route=%2Fwp%2Fv2%2Fcomments&post=159476"}],"version-history":[{"count":0,"href":"https:\/\/www.diarioimagen.net\/index.php?rest_route=\/wp\/v2\/posts\/159476\/revisions"}],"wp:featuredmedia":[{"embeddable":true,"href":"https:\/\/www.diarioimagen.net\/index.php?rest_route=\/wp\/v2\/media\/159521"}],"wp:attachment":[{"href":"https:\/\/www.diarioimagen.net\/index.php?rest_route=%2Fwp%2Fv2%2Fmedia&parent=159476"}],"wp:term":[{"taxonomy":"category","embeddable":true,"href":"https:\/\/www.diarioimagen.net\/index.php?rest_route=%2Fwp%2Fv2%2Fcategories&post=159476"},{"taxonomy":"post_tag","embeddable":true,"href":"https:\/\/www.diarioimagen.net\/index.php?rest_route=%2Fwp%2Fv2%2Ftags&post=159476"}],"curies":[{"name":"wp","href":"https:\/\/api.w.org\/{rel}","templated":true}]}}