{"id":159549,"date":"2014-01-16T00:03:54","date_gmt":"2014-01-16T06:03:54","guid":{"rendered":"http:\/\/www.diarioimagen.net\/?p=159549"},"modified":"2014-01-17T04:29:39","modified_gmt":"2014-01-17T10:29:39","slug":"atrapan-en-chihuahua-al-asesino-del-hijo-de-sicilia","status":"publish","type":"post","link":"https:\/\/www.diarioimagen.net\/?p=159549","title":{"rendered":"Atrapan en Chihuahua al asesino del hijo de Sicilia"},"content":{"rendered":"<ul>\n<li><strong><em>Detenido el martes por la noche<\/em><\/strong><\/li>\n<\/ul>\n<div id=\"attachment_159550\" style=\"width: 250px\" class=\"wp-caption alignleft\"><img loading=\"lazy\" decoding=\"async\" aria-describedby=\"caption-attachment-159550\" class=\"size-medium wp-image-159550 \" alt=\"\u00c1ngel Salvador Taboada Villanueva, \u201cEl Cone\u201d o \u201cConejo\u201d, fue presentado ayer por las autoridades de Chihuahua.\" src=\"http:\/\/www.diarioimagen.net\/wp-content\/uploads\/2014\/01\/CICILIA-portal-240x135.jpg\" width=\"240\" height=\"135\" srcset=\"https:\/\/www.diarioimagen.net\/wp-content\/uploads\/2014\/01\/CICILIA-portal-240x135.jpg 240w, https:\/\/www.diarioimagen.net\/wp-content\/uploads\/2014\/01\/CICILIA-portal-420x236.jpg 420w, https:\/\/www.diarioimagen.net\/wp-content\/uploads\/2014\/01\/CICILIA-portal-235x132.jpg 235w, https:\/\/www.diarioimagen.net\/wp-content\/uploads\/2014\/01\/CICILIA-portal-202x114.jpg 202w, https:\/\/www.diarioimagen.net\/wp-content\/uploads\/2014\/01\/CICILIA-portal-350x196.jpg 350w, https:\/\/www.diarioimagen.net\/wp-content\/uploads\/2014\/01\/CICILIA-portal-220x123.jpg 220w, https:\/\/www.diarioimagen.net\/wp-content\/uploads\/2014\/01\/CICILIA-portal-237x132.jpg 237w, https:\/\/www.diarioimagen.net\/wp-content\/uploads\/2014\/01\/CICILIA-portal.jpg 480w\" sizes=\"auto, (max-width: 240px) 100vw, 240px\" \/><p id=\"caption-attachment-159550\" class=\"wp-caption-text\">\u00c1ngel Salvador Taboada Villanueva \u201cEl Cone\u201d o \u201cEl Conejo\u201d, fue presentado ayer por las autoridades de Chihuahua.<\/p><\/div>\n<p><strong>Chihuahua, Chih<\/strong>.- La Procuradur\u00eda General de Justicia del Estado inform\u00f3 que fue detenido \u00c1ngel Salvador Taboada Villanueva, \u201cEl Cone\u201d o \u201cEl Conejo\u201d, presunto asesino de Juan Francisco Sicilia Ortega, hijo del poeta y escritor Javier Sicilia.<\/p>\n<p>El vocero de la dependencia, Carlos Gonz\u00e1lez Estrada, se\u00f1al\u00f3 que el sujeto fue asegurado la noche del martes en la ciudad de Chihuahua por elementos de la Polic\u00eda Estatal \u00danica\u201d, dijo.<\/p>\n<p>La Procuradur\u00eda General de la Rep\u00fablica ofrec\u00eda a trav\u00e9s del programa de recompensas, 3 millones de pesos a quien proporcionara datos que llevaran a la captura de \u201cEl Cone\u201d o \u201cEl Conejo\u201d.<\/p>\n<p>En tanto, la Polic\u00eda Estatal \u00danica present\u00f3 ante los medios de comunicaci\u00f3n al presunto c\u00f3mplice en la muerte del hijo del poeta Javier Sicilia.<\/p>\n<p>El director de la Polic\u00eda Estatal, Ra\u00fal \u00c1vila, inform\u00f3 que el detenido particip\u00f3 en el homicidio junto con su jefe en la organizaci\u00f3n criminal, Julio de Jes\u00fas Radilla. Posteriormente huy\u00f3 al estado de Sinaloa, hasta que finalmente se refugi\u00f3 en Chihuahua. Hasta hace unos d\u00edas trabajaba como encargado de un restaurante, para ocultar su identidad.<\/p>\n<p>&nbsp;<\/p>\n","protected":false},"excerpt":{"rendered":"<p>La Procuradur\u00eda General de Justicia del Estado inform\u00f3 que fue detenido \u00c1ngel Salvador Taboada Villanueva, \u201cEl Cone\u201d o \u201cConejo\u201d, presunto asesino de Juan Francisco Sicilia Ortega, hijo del poeta y escritor Javier Sicilia.<\/p>\n","protected":false},"author":5,"featured_media":159550,"comment_status":"open","ping_status":"open","sticky":false,"template":"","format":"standard","meta":{"_monsterinsights_skip_tracking":false,"_monsterinsights_sitenote_active":false,"_monsterinsights_sitenote_note":"","_monsterinsights_sitenote_category":0,"footnotes":""},"categories":[17,7],"tags":[37,16979,28656,43677],"class_list":["post-159549","post","type-post","status-publish","format-standard","has-post-thumbnail","hentry","category-especiales","category-seguridad","tag-chihuahua","tag-javier-sicilia","tag-procuraduria-general-de-justicia-del-estado","tag-seguridad"],"_links":{"self":[{"href":"https:\/\/www.diarioimagen.net\/index.php?rest_route=\/wp\/v2\/posts\/159549","targetHints":{"allow":["GET"]}}],"collection":[{"href":"https:\/\/www.diarioimagen.net\/index.php?rest_route=\/wp\/v2\/posts"}],"about":[{"href":"https:\/\/www.diarioimagen.net\/index.php?rest_route=\/wp\/v2\/types\/post"}],"author":[{"embeddable":true,"href":"https:\/\/www.diarioimagen.net\/index.php?rest_route=\/wp\/v2\/users\/5"}],"replies":[{"embeddable":true,"href":"https:\/\/www.diarioimagen.net\/index.php?rest_route=%2Fwp%2Fv2%2Fcomments&post=159549"}],"version-history":[{"count":0,"href":"https:\/\/www.diarioimagen.net\/index.php?rest_route=\/wp\/v2\/posts\/159549\/revisions"}],"wp:featuredmedia":[{"embeddable":true,"href":"https:\/\/www.diarioimagen.net\/index.php?rest_route=\/wp\/v2\/media\/159550"}],"wp:attachment":[{"href":"https:\/\/www.diarioimagen.net\/index.php?rest_route=%2Fwp%2Fv2%2Fmedia&parent=159549"}],"wp:term":[{"taxonomy":"category","embeddable":true,"href":"https:\/\/www.diarioimagen.net\/index.php?rest_route=%2Fwp%2Fv2%2Fcategories&post=159549"},{"taxonomy":"post_tag","embeddable":true,"href":"https:\/\/www.diarioimagen.net\/index.php?rest_route=%2Fwp%2Fv2%2Ftags&post=159549"}],"curies":[{"name":"wp","href":"https:\/\/api.w.org\/{rel}","templated":true}]}}