{"id":159560,"date":"2014-01-16T00:04:34","date_gmt":"2014-01-16T06:04:34","guid":{"rendered":"http:\/\/www.diarioimagen.net\/?p=159560"},"modified":"2014-01-17T04:29:44","modified_gmt":"2014-01-17T10:29:44","slug":"se-trabaja-en-poner-orden-en-michoacan-videgaray","status":"publish","type":"post","link":"https:\/\/www.diarioimagen.net\/?p=159560","title":{"rendered":"Se trabaja para poner orden en Michoac\u00e1n: Videgaray"},"content":{"rendered":"<ul>\n<li><em><strong>Estado de Derecho es un elemento fundamental para generar desarrollo econ\u00f3mico, destaca<\/strong><\/em><\/li>\n<\/ul>\n<div id=\"attachment_159561\" style=\"width: 250px\" class=\"wp-caption alignleft\"><img loading=\"lazy\" decoding=\"async\" aria-describedby=\"caption-attachment-159561\" class=\"size-medium wp-image-159561 \" alt=\"Videgaray Caso coment\u00f3 que esta es una entidad importante por su contribuci\u00f3n econ\u00f3mica, pues tiene la producci\u00f3n agr\u00edcola de mayor valor en el pa\u00eds por su tipo de cultivos y hortalizas, como aguacate y lim\u00f3n, algunos de los cuales se exportan.\" src=\"http:\/\/www.diarioimagen.net\/wp-content\/uploads\/2014\/01\/videgaray-portal-240x135.jpg\" width=\"240\" height=\"135\" srcset=\"https:\/\/www.diarioimagen.net\/wp-content\/uploads\/2014\/01\/videgaray-portal-240x135.jpg 240w, https:\/\/www.diarioimagen.net\/wp-content\/uploads\/2014\/01\/videgaray-portal-420x236.jpg 420w, https:\/\/www.diarioimagen.net\/wp-content\/uploads\/2014\/01\/videgaray-portal-235x132.jpg 235w, https:\/\/www.diarioimagen.net\/wp-content\/uploads\/2014\/01\/videgaray-portal-202x114.jpg 202w, https:\/\/www.diarioimagen.net\/wp-content\/uploads\/2014\/01\/videgaray-portal-350x196.jpg 350w, https:\/\/www.diarioimagen.net\/wp-content\/uploads\/2014\/01\/videgaray-portal-220x123.jpg 220w, https:\/\/www.diarioimagen.net\/wp-content\/uploads\/2014\/01\/videgaray-portal-237x132.jpg 237w, https:\/\/www.diarioimagen.net\/wp-content\/uploads\/2014\/01\/videgaray-portal.jpg 480w\" sizes=\"auto, (max-width: 240px) 100vw, 240px\" \/><p id=\"caption-attachment-159561\" class=\"wp-caption-text\">El secretario de Hacienda y Cr\u00e9dito P\u00fablico, Luis Videgaray Caso.<\/p><\/div>\n<p>El gobierno de la Rep\u00fablica est\u00e1 tomando acciones para restablecer el orden, la gobernabilidad y el Estado de derecho en Michoac\u00e1n, afirm\u00f3 el secretario de Hacienda y Cr\u00e9dito P\u00fablico, Luis Videgaray Caso.<\/p>\n<p>El funcionario consider\u00f3 que \u201cel estado de Derecho en particular es un elemento fundamental para generar desarrollo econ\u00f3mico\u201d.<\/p>\n<p>Al reunirse con representantes de los medios de comunicaci\u00f3n con motivo del inicio de a\u00f1o, aclar\u00f3 que no le corresponde a Hacienda informar sobre la \u201ccompleja situaci\u00f3n\u201d que vive Michoac\u00e1n pero, insisti\u00f3, a trav\u00e9s de la Secretar\u00eda de Gobernaci\u00f3n, el gobierno de la Rep\u00fablica toma las acciones decididas para restablecer el orden en la entidad.<\/p>\n<p>Afirm\u00f3 que el estado de Derecho otorga certidumbre en el cumplimiento de los contratos, a la seguridad p\u00fablica, a la protecci\u00f3n a los derechos de propiedad; \u201cen todo el pa\u00eds y en todos los \u00e1mbitos, no solamente en el estado de Michoac\u00e1n, es un elemento fundamental para generar empleos, crecimiento econ\u00f3mico y desarrollo\u201d.<\/p>\n<p>Por ello, apunt\u00f3, la Secretar\u00eda de Hacienda y todas las \u00e1reas de pol\u00edticas econ\u00f3micas del gobierno federal respaldan y celebran la acci\u00f3n gubernamental decida para restablecer el Estado de derecho en Michoac\u00e1n.<\/p>\n<p>Videgaray Caso coment\u00f3 que esta es una entidad importante por su contribuci\u00f3n econ\u00f3mica, pues tiene la producci\u00f3n agr\u00edcola de mayor valor en el pa\u00eds por su tipo de cultivos y hortalizas, como aguacate y lim\u00f3n, algunos de los cuales se exportan.<\/p>\n<p>En materia econ\u00f3mica, explic\u00f3 que en 2014 se espera un crecimiento de 3.9 por ciento, mucho m\u00e1s en l\u00ednea con las expectativas, y es un \u201ca\u00f1o crucial\u201d para que todo lo que se hizo en 2013 cumpla su prop\u00f3sito.<\/p>\n<p>Por su parte, el poeta Javier Sicilia consider\u00f3 leg\u00edtimo y \u201cde lo m\u00e1s digno\u201d tomar una pistola para la autodefensa, en virtud de la violencia que sufre M\u00e9xico y de un Estado ausente que no ofrece seguridad ni justicia.<\/p>\n<p>Expuso que \u201cpor un principio de dignidad\u201d y cuando el Estado no escucha a movimientos pac\u00edficos como el suyo, \u201ces leg\u00edtima cualquier defensa\u201d.<b><\/b><\/p>\n","protected":false},"excerpt":{"rendered":"<p>El gobierno de la Rep\u00fablica est\u00e1 tomando acciones para restablecer el orden, la gobernabilidad y el Estado de derecho en Michoac\u00e1n, afirm\u00f3 el secretario de Hacienda y Cr\u00e9dito P\u00fablico, Luis Videgaray Caso.<\/p>\n","protected":false},"author":5,"featured_media":159561,"comment_status":"open","ping_status":"open","sticky":false,"template":"","format":"standard","meta":{"_monsterinsights_skip_tracking":false,"_monsterinsights_sitenote_active":false,"_monsterinsights_sitenote_note":"","_monsterinsights_sitenote_category":0,"footnotes":""},"categories":[17,3],"tags":[7517,803,442,1101],"class_list":["post-159560","post","type-post","status-publish","format-standard","has-post-thumbnail","hentry","category-especiales","category-nacional","tag-luis-videgaray-caso","tag-michoacan","tag-secretaria-de-gobernacion","tag-secretaria-de-hacienda-y-credito-publico"],"_links":{"self":[{"href":"https:\/\/www.diarioimagen.net\/index.php?rest_route=\/wp\/v2\/posts\/159560","targetHints":{"allow":["GET"]}}],"collection":[{"href":"https:\/\/www.diarioimagen.net\/index.php?rest_route=\/wp\/v2\/posts"}],"about":[{"href":"https:\/\/www.diarioimagen.net\/index.php?rest_route=\/wp\/v2\/types\/post"}],"author":[{"embeddable":true,"href":"https:\/\/www.diarioimagen.net\/index.php?rest_route=\/wp\/v2\/users\/5"}],"replies":[{"embeddable":true,"href":"https:\/\/www.diarioimagen.net\/index.php?rest_route=%2Fwp%2Fv2%2Fcomments&post=159560"}],"version-history":[{"count":0,"href":"https:\/\/www.diarioimagen.net\/index.php?rest_route=\/wp\/v2\/posts\/159560\/revisions"}],"wp:featuredmedia":[{"embeddable":true,"href":"https:\/\/www.diarioimagen.net\/index.php?rest_route=\/wp\/v2\/media\/159561"}],"wp:attachment":[{"href":"https:\/\/www.diarioimagen.net\/index.php?rest_route=%2Fwp%2Fv2%2Fmedia&parent=159560"}],"wp:term":[{"taxonomy":"category","embeddable":true,"href":"https:\/\/www.diarioimagen.net\/index.php?rest_route=%2Fwp%2Fv2%2Fcategories&post=159560"},{"taxonomy":"post_tag","embeddable":true,"href":"https:\/\/www.diarioimagen.net\/index.php?rest_route=%2Fwp%2Fv2%2Ftags&post=159560"}],"curies":[{"name":"wp","href":"https:\/\/api.w.org\/{rel}","templated":true}]}}