{"id":159578,"date":"2014-01-16T00:06:23","date_gmt":"2014-01-16T06:06:23","guid":{"rendered":"http:\/\/www.diarioimagen.net\/?p=159578"},"modified":"2014-01-17T04:29:55","modified_gmt":"2014-01-17T10:29:55","slug":"eruviel-avila-coordina-trabajos-del-eje-vial-metropolitano","status":"publish","type":"post","link":"https:\/\/www.diarioimagen.net\/?p=159578","title":{"rendered":"Eruviel \u00c1vila coordina trabajos del Eje Vial Metropolitano"},"content":{"rendered":"<ul>\n<li><strong><em>Pemex, CFE, Telmex, Semarnat y ayuntamiento de Ecatepec agilizar\u00e1n la remoci\u00f3n de ductos y cables<\/em><\/strong><\/li>\n<\/ul>\n<div id=\"attachment_159654\" style=\"width: 250px\" class=\"wp-caption alignleft\"><a href=\"http:\/\/www.diarioimagen.net\/wp-content\/uploads\/2014\/01\/eruviel-2272.jpg\"><img loading=\"lazy\" decoding=\"async\" aria-describedby=\"caption-attachment-159654\" class=\"size-medium wp-image-159654\" alt=\"El gobernador Eruviel \u00c1vila Villegas encabez\u00f3 una reuni\u00f3n con autoridades de la Semarnat, Pemex, CFE, Telmex, ayuntamiento de Ecatepec y la empresa Mota-Engil, para trabajar de manera coordinada en la reubicaci\u00f3n de ductos de petr\u00f3leo, l\u00edneas telef\u00f3nicas o cables de alta tensi\u00f3n, entre otros obst\u00e1culos, que pudieran retrasar la ejecuci\u00f3n de la construcci\u00f3n del Eje Metropolitano Siervo de la Naci\u00f3n.\" src=\"http:\/\/www.diarioimagen.net\/wp-content\/uploads\/2014\/01\/eruviel-2272-240x135.jpg\" width=\"240\" height=\"135\" srcset=\"https:\/\/www.diarioimagen.net\/wp-content\/uploads\/2014\/01\/eruviel-2272-240x135.jpg 240w, https:\/\/www.diarioimagen.net\/wp-content\/uploads\/2014\/01\/eruviel-2272-420x236.jpg 420w, https:\/\/www.diarioimagen.net\/wp-content\/uploads\/2014\/01\/eruviel-2272-235x132.jpg 235w, https:\/\/www.diarioimagen.net\/wp-content\/uploads\/2014\/01\/eruviel-2272-202x114.jpg 202w, https:\/\/www.diarioimagen.net\/wp-content\/uploads\/2014\/01\/eruviel-2272-350x196.jpg 350w, https:\/\/www.diarioimagen.net\/wp-content\/uploads\/2014\/01\/eruviel-2272-220x123.jpg 220w, https:\/\/www.diarioimagen.net\/wp-content\/uploads\/2014\/01\/eruviel-2272-237x132.jpg 237w, https:\/\/www.diarioimagen.net\/wp-content\/uploads\/2014\/01\/eruviel-2272.jpg 480w\" sizes=\"auto, (max-width: 240px) 100vw, 240px\" \/><\/a><p id=\"caption-attachment-159654\" class=\"wp-caption-text\">El gobernador Eruviel \u00c1vila Villegas encabez\u00f3 una reuni\u00f3n con autoridades de la Semarnat, Pemex, CFE, Telmex, ayuntamiento de Ecatepec y la empresa Mota-Engil, para trabajar de manera coordinada en la reubicaci\u00f3n de ductos de petr\u00f3leo, l\u00edneas telef\u00f3nicas o cables de alta tensi\u00f3n, entre otros obst\u00e1culos, que pudieran retrasar la ejecuci\u00f3n de la construcci\u00f3n del Eje Metropolitano Siervo de la Naci\u00f3n.<\/p><\/div>\n<p><strong>Toluca, Estado de M\u00e9xico<\/strong>.- El gobernador Eruviel \u00c1vila Villegas encabez\u00f3 una reuni\u00f3n con autoridades de la Secretar\u00eda de Medio Ambiente y Recursos Naturales (Semarnat), Petr\u00f3leos Mexicanos (Pemex), Comisi\u00f3n Federal de Electricidad (CFE), Tel\u00e9fonos de M\u00e9xico (Telmex), del ayuntamiento de Ecatepec y la empresa Mota-Engil, para trabajar de manera coordinada en la reubicaci\u00f3n de ductos de petr\u00f3leo, l\u00edneas telef\u00f3nicas o cables de alta tensi\u00f3n, entre otros obst\u00e1culos, que pudieran retrasar la ejecuci\u00f3n de la construcci\u00f3n del Eje Metropolitano Siervo de la Naci\u00f3n, en el que se invertir\u00e1n m\u00e1s de 4 mil 550 millones de pesos.<\/p>\n<p>\u201cNos hemos reunido para poder trabajar de manera coordinada, en equipo, porque en la ejecuci\u00f3n de esta obra seguramente nos habremos de encontrar, de hecho los hay, ductos de Pemex, cables de alta tensi\u00f3n, l\u00edneas tambi\u00e9n, por ejemplo,\u00a0 de Telmex, se requiere medir el impacto ambiental,\u00a0 as\u00ed que nos hemos dado tareas todos para que esta obra pueda iniciar formalmente en el mes de mayo de este a\u00f1o, y se est\u00e9 terminando la ejecuci\u00f3n de la misma, en esta primera etapa, en el a\u00f1o de 2015; esta obra habr\u00e1 de generar empleos, modernidad, colaborar y apoyar en la competitividad para elevar la productividad del Estado de M\u00e9xico y, de esta manera, sumarnos al proyecto nacional de nuestro presidente Enrique Pe\u00f1a Nieto de modernizar y de invertir en infraestructura\u201d, expres\u00f3.<\/p>\n<p>Se\u00f1al\u00f3 que la construcci\u00f3n de la primera etapa de 14.5 kil\u00f3metros del Eje Metropolitano, iniciar\u00e1 en mayo y se estima ser\u00e1 concluida a finales de 2015, con el apoyo de\u00a0 la Semarnat, CFE, Pemex y la Comisi\u00f3n Nacional del Agua (Conagua), quien otorg\u00f3 el derecho de v\u00eda del Gran Canal al Gobierno del Estado de M\u00e9xico en octubre de 2013. Y como resultado de esta primera reuni\u00f3n, los participantes tendr\u00e1n cada 15 d\u00edas encuentros para ir dise\u00f1ando estrategias que permitan avanzar en la edificaci\u00f3n de la vialidad.<b><\/b><\/p>\n<p>&nbsp;<\/p>\n","protected":false},"excerpt":{"rendered":"<p>El gobernador Eruviel \u00c1vila Villegas encabez\u00f3 una reuni\u00f3n con autoridades de la Secretar\u00eda de Medio Ambiente y Recursos Naturales (Semarnat), Petr\u00f3leos Mexicanos (Pemex), Comisi\u00f3n Federal de Electricidad (CFE), Tel\u00e9fonos de M\u00e9xico (Telmex), del ayuntamiento de Ecatepec y la empresa Mota-Engil, para trabajar de manera coordinada en la reubicaci\u00f3n de ductos de petr\u00f3leo, l\u00edneas telef\u00f3nicas o cables de alta tensi\u00f3n, entre otros obst\u00e1culos, que pudieran retrasar la ejecuci\u00f3n de la construcci\u00f3n del Eje Metropolitano Siervo de la Naci\u00f3n, en el que se invertir\u00e1n m\u00e1s de 4 mil 550 millones de pesos.<\/p>\n","protected":false},"author":3,"featured_media":159654,"comment_status":"open","ping_status":"open","sticky":false,"template":"","format":"standard","meta":{"_monsterinsights_skip_tracking":false,"_monsterinsights_sitenote_active":false,"_monsterinsights_sitenote_note":"","_monsterinsights_sitenote_category":0,"footnotes":""},"categories":[17,3],"tags":[139,5828,43675,292,539,1054,452],"class_list":["post-159578","post","type-post","status-publish","format-standard","has-post-thumbnail","hentry","category-especiales","category-nacional","tag-cfe","tag-eruviel-avila-villegas","tag-estado-de-mexico","tag-pemex","tag-semarnat","tag-telmex","tag-toluca"],"_links":{"self":[{"href":"https:\/\/www.diarioimagen.net\/index.php?rest_route=\/wp\/v2\/posts\/159578","targetHints":{"allow":["GET"]}}],"collection":[{"href":"https:\/\/www.diarioimagen.net\/index.php?rest_route=\/wp\/v2\/posts"}],"about":[{"href":"https:\/\/www.diarioimagen.net\/index.php?rest_route=\/wp\/v2\/types\/post"}],"author":[{"embeddable":true,"href":"https:\/\/www.diarioimagen.net\/index.php?rest_route=\/wp\/v2\/users\/3"}],"replies":[{"embeddable":true,"href":"https:\/\/www.diarioimagen.net\/index.php?rest_route=%2Fwp%2Fv2%2Fcomments&post=159578"}],"version-history":[{"count":0,"href":"https:\/\/www.diarioimagen.net\/index.php?rest_route=\/wp\/v2\/posts\/159578\/revisions"}],"wp:featuredmedia":[{"embeddable":true,"href":"https:\/\/www.diarioimagen.net\/index.php?rest_route=\/wp\/v2\/media\/159654"}],"wp:attachment":[{"href":"https:\/\/www.diarioimagen.net\/index.php?rest_route=%2Fwp%2Fv2%2Fmedia&parent=159578"}],"wp:term":[{"taxonomy":"category","embeddable":true,"href":"https:\/\/www.diarioimagen.net\/index.php?rest_route=%2Fwp%2Fv2%2Fcategories&post=159578"},{"taxonomy":"post_tag","embeddable":true,"href":"https:\/\/www.diarioimagen.net\/index.php?rest_route=%2Fwp%2Fv2%2Ftags&post=159578"}],"curies":[{"name":"wp","href":"https:\/\/api.w.org\/{rel}","templated":true}]}}