{"id":159593,"date":"2014-01-16T00:07:31","date_gmt":"2014-01-16T06:07:31","guid":{"rendered":"http:\/\/www.diarioimagen.net\/?p=159593"},"modified":"2014-01-16T02:48:28","modified_gmt":"2014-01-16T08:48:28","slug":"constructoras-navales-y-pemex-firman-acuerdo","status":"publish","type":"post","link":"https:\/\/www.diarioimagen.net\/?p=159593","title":{"rendered":"Constructoras navales y Pemex firman acuerdo"},"content":{"rendered":"<ul>\n<li><strong><em>Potenciar\u00e1n capacidad de astilleros<\/em><\/strong><\/li>\n<\/ul>\n<div id=\"attachment_159660\" style=\"width: 250px\" class=\"wp-caption alignleft\"><a href=\"http:\/\/www.diarioimagen.net\/wp-content\/uploads\/2014\/01\/PEMEX-2272.jpg\"><img loading=\"lazy\" decoding=\"async\" aria-describedby=\"caption-attachment-159660\" class=\"size-medium wp-image-159660\" alt=\"El objetivo de la paraestatal es reactivar la construcci\u00f3n de barcos, como el de la gr\u00e1fica por parte de la industria nacional.\" src=\"http:\/\/www.diarioimagen.net\/wp-content\/uploads\/2014\/01\/PEMEX-2272-240x135.jpg\" width=\"240\" height=\"135\" srcset=\"https:\/\/www.diarioimagen.net\/wp-content\/uploads\/2014\/01\/PEMEX-2272-240x135.jpg 240w, https:\/\/www.diarioimagen.net\/wp-content\/uploads\/2014\/01\/PEMEX-2272-420x236.jpg 420w, https:\/\/www.diarioimagen.net\/wp-content\/uploads\/2014\/01\/PEMEX-2272-235x132.jpg 235w, https:\/\/www.diarioimagen.net\/wp-content\/uploads\/2014\/01\/PEMEX-2272-202x114.jpg 202w, https:\/\/www.diarioimagen.net\/wp-content\/uploads\/2014\/01\/PEMEX-2272-350x196.jpg 350w, https:\/\/www.diarioimagen.net\/wp-content\/uploads\/2014\/01\/PEMEX-2272-220x123.jpg 220w, https:\/\/www.diarioimagen.net\/wp-content\/uploads\/2014\/01\/PEMEX-2272-237x132.jpg 237w, https:\/\/www.diarioimagen.net\/wp-content\/uploads\/2014\/01\/PEMEX-2272.jpg 480w\" sizes=\"auto, (max-width: 240px) 100vw, 240px\" \/><\/a><p id=\"caption-attachment-159660\" class=\"wp-caption-text\">El objetivo de la paraestatal es reactivar la construcci\u00f3n de barcos, como el de la gr\u00e1fica por parte de la industria nacional.<\/p><\/div>\n<p>Petr\u00f3leos Mexicanos (Pemex) firm\u00f3 un acuerdo de transferencia tecnol\u00f3gica con las principales empresas nacionales de la industria de la construcci\u00f3n naval, a fin de potenciar las capacidades de los astilleros en M\u00e9xico.<\/p>\n<p>En un comunicado, la paraestatal detalla que el acuerdo fue suscrito tambi\u00e9n por el mayor astillero privado de Espa\u00f1a, Barreras, en el cual Pemex tiene 51 por ciento del capital.<\/p>\n<p>El director de Pemex, Emilio Lozoya Austin, reiter\u00f3 el compromiso de la petrolera mexicana de fortalecer al sector naval mexicano y reactivar a esta industria mediante la construcci\u00f3n de nuevas embarcaciones a precios competitivos.<\/p>\n<p>De acuerdo con Pemex, en este esfuerzo destaca el programa de renovaci\u00f3n de la flota menor de la empresa, en el que ser\u00e1n construidas 22 embarcaciones, en coordinaci\u00f3n con la Secretar\u00eda de Marina.<\/p>\n<p>Otras empresas firmantes son Talleres Navales del Golfo (Veracruz), Servicios Navales Industriales (Sinaloa), Servicios Portuarios (Baja California) y Fundiciones Rice (Sinaloa).<\/p>\n<p>Pemex agrega que 10 unidades ser\u00e1n construidas por astilleros mexicanos con el apoyo de la industria auxiliar nacional.<\/p>\n<p>&nbsp;<\/p>\n","protected":false},"excerpt":{"rendered":"<p>Petr\u00f3leos Mexicanos (Pemex) firm\u00f3 un acuerdo de transferencia tecnol\u00f3gica con las principales empresas nacionales de la industria de la construcci\u00f3n naval, a fin de potenciar las capacidades de los astilleros en M\u00e9xico.<\/p>\n","protected":false},"author":3,"featured_media":159660,"comment_status":"open","ping_status":"open","sticky":false,"template":"","format":"standard","meta":{"_monsterinsights_skip_tracking":false,"_monsterinsights_sitenote_active":false,"_monsterinsights_sitenote_note":"","_monsterinsights_sitenote_category":0,"footnotes":""},"categories":[3],"tags":[43673,292],"class_list":["post-159593","post","type-post","status-publish","format-standard","has-post-thumbnail","hentry","category-nacional","tag-nacional","tag-pemex"],"_links":{"self":[{"href":"https:\/\/www.diarioimagen.net\/index.php?rest_route=\/wp\/v2\/posts\/159593","targetHints":{"allow":["GET"]}}],"collection":[{"href":"https:\/\/www.diarioimagen.net\/index.php?rest_route=\/wp\/v2\/posts"}],"about":[{"href":"https:\/\/www.diarioimagen.net\/index.php?rest_route=\/wp\/v2\/types\/post"}],"author":[{"embeddable":true,"href":"https:\/\/www.diarioimagen.net\/index.php?rest_route=\/wp\/v2\/users\/3"}],"replies":[{"embeddable":true,"href":"https:\/\/www.diarioimagen.net\/index.php?rest_route=%2Fwp%2Fv2%2Fcomments&post=159593"}],"version-history":[{"count":0,"href":"https:\/\/www.diarioimagen.net\/index.php?rest_route=\/wp\/v2\/posts\/159593\/revisions"}],"wp:featuredmedia":[{"embeddable":true,"href":"https:\/\/www.diarioimagen.net\/index.php?rest_route=\/wp\/v2\/media\/159660"}],"wp:attachment":[{"href":"https:\/\/www.diarioimagen.net\/index.php?rest_route=%2Fwp%2Fv2%2Fmedia&parent=159593"}],"wp:term":[{"taxonomy":"category","embeddable":true,"href":"https:\/\/www.diarioimagen.net\/index.php?rest_route=%2Fwp%2Fv2%2Fcategories&post=159593"},{"taxonomy":"post_tag","embeddable":true,"href":"https:\/\/www.diarioimagen.net\/index.php?rest_route=%2Fwp%2Fv2%2Ftags&post=159593"}],"curies":[{"name":"wp","href":"https:\/\/api.w.org\/{rel}","templated":true}]}}