{"id":159595,"date":"2014-01-16T00:04:14","date_gmt":"2014-01-16T06:04:14","guid":{"rendered":"http:\/\/www.diarioimagen.net\/?p=159595"},"modified":"2014-01-17T03:00:44","modified_gmt":"2014-01-17T09:00:44","slug":"espionaje-telefonico-panista","status":"publish","type":"post","link":"https:\/\/www.diarioimagen.net\/?p=159595","title":{"rendered":"Espionaje telef\u00f3nico panista"},"content":{"rendered":"<h2>Punto por punto<\/h2>\n<h5>Augusto Corro<\/h5>\n<p><span><br \/>\nEl senador Ernesto Cordero se puso rojo de ira cuando supo que su l\u00ednea telef\u00f3nica hab\u00eda sido intervenida por sus adversarios pol\u00edticos.<\/span><\/p>\n<p>De esa manera se conoci\u00f3 la pl\u00e1tica entre el propio Cordero y un diputado al que le plante\u00f3 la posibilidad de hundir a Gustavo Madero y su grupo a los que calific\u00f3 de ladrones.<\/p>\n<p>En fin, muy molesto el legislador panista acudi\u00f3 ante las autoridades a presentar una denuncia de hechos por el delito de intervenci\u00f3n, circulaci\u00f3n y difusi\u00f3n de sus conversaciones telef\u00f3nicas.<\/p>\n<p>Cordero quiere saber qui\u00e9n o qui\u00e9nes son los responsables de la violaci\u00f3n de sus garant\u00edas individuales, \u201cen lo que respecta a la grabaci\u00f3n ilegal y circulaci\u00f3n ante los medios de informaci\u00f3n de sus comunicaciones telef\u00f3nicas personales\u201d.<\/p>\n<p>El espionaje telef\u00f3nico en M\u00e9xico es una pr\u00e1ctica com\u00fan y nadie es castigado por ese delito. A trav\u00e9s de la intervenci\u00f3n ilegal se conocen los manejos turbios de los pol\u00edticos, pero sin repercusi\u00f3n penal alguna.<\/p>\n<p>El caso del senador Cordero correr\u00e1 la misma suerte, pues terminar\u00e1 en el archivo de asuntos pendientes.<\/p>\n<p>Por otra parte, el senador Cordero, representante fiel del calderonismo, contin\u00faa en su lucha por alcanzar la presidencia del Comit\u00e9 Ejecutivo Nacional (CEN) del Partido Acci\u00f3n Nacional (PAN).<\/p>\n<p>Como se sabe, el legislador tiene como contrincante al actual l\u00edder del PAN, Gustavo Madero, quien busca la reelecci\u00f3n.\u00a0 Obviamente, el ex secretario de Hacienda acus\u00f3 a Madero de ser el autor de ese hecho ilegal, \u201cporque es capaz de eso y de muchas cosas m\u00e1s\u201d. Mientras, crece la pugna interna entre los panistas, pues se encuentra muy pr\u00f3xima la fecha para fijar las reglas de la contienda por la presidencia del partido.<\/p>\n<p align=\"center\"><b>LOS CACIQUES<\/b><\/p>\n<p>En Oaxaca, contin\u00faan las agresiones contra los periodistas, inform\u00f3 la Defensor\u00eda de los Derechos Humanos del Pueblo de Oaxaca (DDHPO).<\/p>\n<p>Lo anterior llev\u00f3 a ese organismo a presentar una \u201calerta temprana\u201d dirigida a la Secretar\u00eda General de Gobierno, la Secretar\u00eda de Seguridad P\u00fablica, la Procuradur\u00eda General de Justicia del Estado y la Coordinaci\u00f3n para la Atenci\u00f3n de los Derechos Humanos del gobierno estatal.<\/p>\n<p>Se\u00f1al\u00f3 el DDHPO que en los \u00faltimos cinco a\u00f1os ha documentado 65 casos de agresiones a periodistas en la entidad, y en el \u00faltimo mes se denunciaron nueve casos\u00a0 que incluyen amenazas y hechos violentos.<\/p>\n<p>Suponemos que la denuncia contra las autoridades que agreden a los representantes de los medios de comunicaci\u00f3n no ser\u00e1 atendida por nadie. Las autoridades estatales poca atenci\u00f3n le brindan a las organizaciones defensoras de los derechos humanos.<\/p>\n<p>M\u00e9xico es uno de los pa\u00edses donde la pr\u00e1ctica del periodismo es considerada como una actividad de alto riesgo. En los estados, las autoridades que practican el caciquismo, poco o nada les interesa el trato a los periodistas.<\/p>\n<p align=\"center\"><b>VIOLENCIA<\/b><\/p>\n<p>En el estado de Morelos la violencia sigue incontrolable. El gobernador perredista, Graco Ram\u00edrez, no encuentra la manera para que esa entidad regrese a la tranquilidad.\u00a0 Sus promesas de campa\u00f1a no han funcionado y la poblaci\u00f3n ve con temor la\u00a0 ineptitud de las autoridades.<\/p>\n<p>En los primeros d\u00edas de 2014, la cifra de cr\u00edmenes violentos\u00a0 ascendi\u00f3 a 20. Esto no incluye al n\u00famero de secuestros y a las extorsiones que pr\u00e1ctica la delincuencia organizada.\u00a0 Los actos criminales se suceden a lo largo y a lo ancho de Morelos, ante la incapacidad de las autoridades para frenarlos.<\/p>\n<p>Recientemente fue designado un nuevo titular en la Secretar\u00eda de Seguridad P\u00fablica de Morelos: Alberto Capella Ibarra, quien inmediatamente se refiri\u00f3 a los objetivos que atender\u00e1 con urgencia.<\/p>\n<p>Se\u00f1al\u00f3 que el delito m\u00e1s impacta en la percepci\u00f3n y en el \u00e1nimo de la ciudadan\u00eda es el secuestro. Los morelenses esperan, impacientes, resultados positivos en la lucha contra la delincuencia organizada, \u201ctal\u00f3n de Aquiles\u201d de Graco Ram\u00edrez.<\/p>\n<p><em><a href=\"mailto:aco2742@hotmail.com\" target=\"_blank\">aco2742@hotmail.com<\/a><\/em><\/p>\n","protected":false},"excerpt":{"rendered":"<p><span style=\"color: #005497;\"><strong>Augusto Corro<\/strong><\/span><\/p>\n","protected":false},"author":3,"featured_media":0,"comment_status":"open","ping_status":"open","sticky":false,"template":"","format":"standard","meta":{"_monsterinsights_skip_tracking":false,"_monsterinsights_sitenote_active":false,"_monsterinsights_sitenote_note":"","_monsterinsights_sitenote_category":0,"footnotes":""},"categories":[157],"tags":[43686,2045,10227,43674,11515],"class_list":["post-159595","post","type-post","status-publish","format-standard","hentry","category-augusto-corro","tag-augusto-corro","tag-comite-ejecutivo-nacional","tag-gustavo-madero-munoz","tag-opinion","tag-punto-por-punto"],"_links":{"self":[{"href":"https:\/\/www.diarioimagen.net\/index.php?rest_route=\/wp\/v2\/posts\/159595","targetHints":{"allow":["GET"]}}],"collection":[{"href":"https:\/\/www.diarioimagen.net\/index.php?rest_route=\/wp\/v2\/posts"}],"about":[{"href":"https:\/\/www.diarioimagen.net\/index.php?rest_route=\/wp\/v2\/types\/post"}],"author":[{"embeddable":true,"href":"https:\/\/www.diarioimagen.net\/index.php?rest_route=\/wp\/v2\/users\/3"}],"replies":[{"embeddable":true,"href":"https:\/\/www.diarioimagen.net\/index.php?rest_route=%2Fwp%2Fv2%2Fcomments&post=159595"}],"version-history":[{"count":0,"href":"https:\/\/www.diarioimagen.net\/index.php?rest_route=\/wp\/v2\/posts\/159595\/revisions"}],"wp:attachment":[{"href":"https:\/\/www.diarioimagen.net\/index.php?rest_route=%2Fwp%2Fv2%2Fmedia&parent=159595"}],"wp:term":[{"taxonomy":"category","embeddable":true,"href":"https:\/\/www.diarioimagen.net\/index.php?rest_route=%2Fwp%2Fv2%2Fcategories&post=159595"},{"taxonomy":"post_tag","embeddable":true,"href":"https:\/\/www.diarioimagen.net\/index.php?rest_route=%2Fwp%2Fv2%2Ftags&post=159595"}],"curies":[{"name":"wp","href":"https:\/\/api.w.org\/{rel}","templated":true}]}}