{"id":159602,"date":"2014-01-16T00:05:50","date_gmt":"2014-01-16T06:05:50","guid":{"rendered":"http:\/\/www.diarioimagen.net\/?p=159602"},"modified":"2014-01-17T04:29:49","modified_gmt":"2014-01-17T10:29:49","slug":"pena-nieto-instala-el-sistema-nacional-de-atencion-a-victimas","status":"publish","type":"post","link":"https:\/\/www.diarioimagen.net\/?p=159602","title":{"rendered":"Pe\u00f1a Nieto instala el Sistema Nacional de Atenci\u00f3n a V\u00edctimas"},"content":{"rendered":"<ul>\n<li><strong><em>Es la instancia rectora del Estado mexicano encargada de definir y aplicar la pol\u00edtica p\u00fablica en la materia<\/em><\/strong><\/li>\n<\/ul>\n<div id=\"attachment_159667\" style=\"width: 250px\" class=\"wp-caption alignleft\"><a href=\"http:\/\/www.diarioimagen.net\/wp-content\/uploads\/2014\/01\/epn-2272.jpg\"><img loading=\"lazy\" decoding=\"async\" aria-describedby=\"caption-attachment-159667\" class=\"size-medium wp-image-159667\" alt=\"\u201cEl gobierno de la Rep\u00fablica tiene un compromiso indeclinable con las v\u00edctimas del delito y con quienes han padecido, lamentablemente, violaciones a sus derechos humanos\u201d, afirm\u00f3 el presidente Enrique Pe\u00f1a Nieto, durante la instalaci\u00f3n del Sistema Nacional de Atenci\u00f3n a V\u00edctimas.\" src=\"http:\/\/www.diarioimagen.net\/wp-content\/uploads\/2014\/01\/epn-2272-240x135.jpg\" width=\"240\" height=\"135\" srcset=\"https:\/\/www.diarioimagen.net\/wp-content\/uploads\/2014\/01\/epn-2272-240x135.jpg 240w, https:\/\/www.diarioimagen.net\/wp-content\/uploads\/2014\/01\/epn-2272-420x236.jpg 420w, https:\/\/www.diarioimagen.net\/wp-content\/uploads\/2014\/01\/epn-2272-235x132.jpg 235w, https:\/\/www.diarioimagen.net\/wp-content\/uploads\/2014\/01\/epn-2272-202x114.jpg 202w, https:\/\/www.diarioimagen.net\/wp-content\/uploads\/2014\/01\/epn-2272-350x196.jpg 350w, https:\/\/www.diarioimagen.net\/wp-content\/uploads\/2014\/01\/epn-2272-220x123.jpg 220w, https:\/\/www.diarioimagen.net\/wp-content\/uploads\/2014\/01\/epn-2272-237x132.jpg 237w, https:\/\/www.diarioimagen.net\/wp-content\/uploads\/2014\/01\/epn-2272.jpg 480w\" sizes=\"auto, (max-width: 240px) 100vw, 240px\" \/><\/a><p id=\"caption-attachment-159667\" class=\"wp-caption-text\">\u201cEl gobierno de la Rep\u00fablica tiene un compromiso indeclinable con las v\u00edctimas del delito y con quienes han padecido, lamentablemente, violaciones a sus derechos humanos\u201d, afirm\u00f3 el presidente Enrique Pe\u00f1a Nieto, durante la instalaci\u00f3n del Sistema Nacional de Atenci\u00f3n a V\u00edctimas.<\/p><\/div>\n<p>\u201cEl gobierno de la Rep\u00fablica tiene un compromiso indeclinable con las v\u00edctimas del delito y con quienes han padecido, lamentablemente, violaciones a sus derechos humanos\u201d, subray\u00f3 ayer el presidente Enrique Pe\u00f1a Nieto, al encabezar la instalaci\u00f3n del Sistema Nacional de Atenci\u00f3n a V\u00edctimas.<\/p>\n<p>Asimismo, refrend\u00f3 el compromiso del gobierno de la Rep\u00fablica \u201cpara ejercer un gobierno abierto, sensible y cercano a las v\u00edctimas, que escuche y atienda sus demandas\u201d.<\/p>\n<p>Destac\u00f3 que con la instalaci\u00f3n del sistema nace el d\u00eda de hoy legalmente la instancia rectora del Estado mexicano encargada de definir y aplicar la pol\u00edtica p\u00fablica de apoyo a v\u00edctimas, cuya funci\u00f3n ser\u00e1 determinante en el dise\u00f1o de programas y acciones m\u00e1s eficaces, as\u00ed como para mejorar los esquemas de coordinaci\u00f3n entre los tres \u00f3rdenes de gobierno y las organizaciones de la sociedad civil.<\/p>\n<p>Afirm\u00f3 que hacer justicia no s\u00f3lo implica que los culpables reciban el castigo y la sanci\u00f3n que merecen y que la ley prev\u00e9, sino tambi\u00e9n reivindicar los derechos de las v\u00edctimas.<\/p>\n<p>Tras resaltar que la dignidad de una naci\u00f3n tambi\u00e9n se expresa en la calidad de la atenci\u00f3n y el trato institucional que reciben las v\u00edctimas, el primer mandatario asegur\u00f3 que la Ley General de V\u00edctimas, promulgada al inicio de su administraci\u00f3n, es \u201cun ordenamiento de vanguardia, porque uno como tal lo hay en muy pocos pa\u00edses, y en la regi\u00f3n pr\u00e1cticamente en ninguno\u201d.<\/p>\n<p>\u201cSomos de los primeros pa\u00ed\u00adses, como lo fuimos a inicios del siglo XX, en establecer garant\u00edas sociales para nuestro pa\u00eds, y de los primeros pa\u00edses en asumir este compromiso por parte del Estado mexicano en esta asignatura, la de atenci\u00f3n a v\u00edctimas del delito. Somos tambi\u00e9n uno de los primeros pa\u00edses que establece un ordenamiento legal para garantizar la protecci\u00f3n del Estado mexicano a las v\u00edctimas del delito\u201d, indic\u00f3.<\/p>\n<p>El Ejecutivo federal precis\u00f3 que para alcanzar estos objetivos, la legislaci\u00f3n mandata la instrumentaci\u00f3n de un nuevo sistema nacional de atenci\u00f3n a v\u00edctimas, \u201cque precisamente el d\u00eda de (hoy) ayer ha quedado debidamente instalado y formalizado\u201d.<\/p>\n<p>Puntualiz\u00f3 que el elemento central del Sistema es la Comisi\u00f3n Ejecutiva de Atenci\u00f3n a V\u00edctimas, que se erige como \u00f3rgano vigilante y de control de la ley, y cuyos comisionados, despu\u00e9s de un proceso p\u00fablico, abierto y minucioso, rindieron protesta ante el Senado de la Rep\u00fablica.<\/p>\n<p>A partir de ahora, abund\u00f3, \u201cla Comisi\u00f3n Ejecutiva de Atenci\u00f3n a V\u00edctimas es un organismo descentralizado de la Administraci\u00f3n P\u00fablica Federal con autonom\u00eda t\u00e9cnica y de gesti\u00f3n, as\u00ed como con personalidad jur\u00eddica y patrimonio propio\u201d. La creaci\u00f3n de la Comisi\u00f3n Ejecutiva, apunt\u00f3, \u201ces un paso fundamental para aplicar la Ley General de V\u00edctimas\u201d.<\/p>\n<p>El presidente Pe\u00f1a Nieto se\u00f1al\u00f3 algunos de los objetivos que mandata la Ley General de V\u00edctimas para el Sistema Nacional de Atenci\u00f3n a V\u00edctimas:<\/p>\n<p>\u00b7Que las v\u00edctimas puedan ser tratadas por las autoridades de manera respetuosa, sensible, pero sobre todo humana.<\/p>\n<p>\u00b7Recibir asistencia, atenci\u00f3n y protecci\u00f3n del Estado, salvaguardando su integridad f\u00edsica y psicol\u00f3gica.<\/p>\n<p>\u00b7Tener acceso a la reparaci\u00f3n integral del da\u00f1o que padecieron.<\/p>\n<p>\u00b7Conocer la verdad sobre el delito que sufrieron.<\/p>\n<p>\u00b7Ser informados con precisi\u00f3n del proceso penal contra sus agresores.<\/p>\n<p>Adem\u00e1s, agreg\u00f3, como \u00f3rgano operativo, el nuevo Sistema Nacional de Atenci\u00f3n a V\u00edctimas de la Comisi\u00f3n Ejecutiva deber\u00e1 centrar sus esfuerzos en tres acciones esenciales:<\/p>\n<p>Primera: Construir el Registro Nacional de V\u00edctimas. Este registro, que ser\u00e1 alimentado por las Comisiones Ejecutivas Estatales, facilitar\u00e1 el acceso de las v\u00edctimas a la ayuda prevista en\u00a0 la Ley.<\/p>\n<p>Segunda: Definir las reglas de operaci\u00f3n del Fondo de Ayuda, Asistencia y Reparaci\u00f3n Integral.<\/p>\n<p>Tercera: Determinar las medidas de asesor\u00eda jur\u00eddica que en los tres \u00f3rdenes de gobierno brindar\u00e1n a las v\u00edctimas.<\/p>\n<p>El primer mandatario exhort\u00f3 a la Comisi\u00f3n Ejecutiva de Atenci\u00f3n a V\u00edctimas a realizar una amplia consulta ciudadana para elaborar el Programa Integral de Atenci\u00f3n a V\u00edctimas, retomando las mejores propuestas e ideas de especialistas y actores de la sociedad civil.<\/p>\n<p>Asegur\u00f3 que con la creaci\u00f3n de la Comisi\u00f3n Ejecutiva de Atenci\u00f3n a V\u00edctimas, la instalaci\u00f3n del Sistema Nacional de Atenci\u00f3n a V\u00edctimas y la elaboraci\u00f3n del Programa Integral de Atenci\u00f3n a V\u00edctimas, \u201cM\u00e9xico, sin duda, estar\u00e1 a la vanguardia internacional en esta asignatura\u201d.<\/p>\n<p>Pero lo m\u00e1s importante, resalt\u00f3, \u201cel Estado podr\u00e1 responder adecuadamente a las leg\u00edtimas demandas de quienes sufrieron a causa del delito o de una violaci\u00f3n a sus derechos humanos\u201d.<\/p>\n","protected":false},"excerpt":{"rendered":"<p>\u201cEl gobierno de la Rep\u00fablica tiene un compromiso indeclinable con las v\u00edctimas del delito y con quienes han padecido, lamentablemente, violaciones a sus derechos humanos\u201d, subray\u00f3 ayer el presidente Enrique Pe\u00f1a Nieto, al encabezar la instalaci\u00f3n del Sistema Nacional de Atenci\u00f3n a V\u00edctimas.<\/p>\n","protected":false},"author":3,"featured_media":159667,"comment_status":"open","ping_status":"open","sticky":false,"template":"","format":"standard","meta":{"_monsterinsights_skip_tracking":false,"_monsterinsights_sitenote_active":false,"_monsterinsights_sitenote_note":"","_monsterinsights_sitenote_category":0,"footnotes":""},"categories":[17,3],"tags":[18,43673],"class_list":["post-159602","post","type-post","status-publish","format-standard","has-post-thumbnail","hentry","category-especiales","category-nacional","tag-enrique-pena-nieto","tag-nacional"],"_links":{"self":[{"href":"https:\/\/www.diarioimagen.net\/index.php?rest_route=\/wp\/v2\/posts\/159602","targetHints":{"allow":["GET"]}}],"collection":[{"href":"https:\/\/www.diarioimagen.net\/index.php?rest_route=\/wp\/v2\/posts"}],"about":[{"href":"https:\/\/www.diarioimagen.net\/index.php?rest_route=\/wp\/v2\/types\/post"}],"author":[{"embeddable":true,"href":"https:\/\/www.diarioimagen.net\/index.php?rest_route=\/wp\/v2\/users\/3"}],"replies":[{"embeddable":true,"href":"https:\/\/www.diarioimagen.net\/index.php?rest_route=%2Fwp%2Fv2%2Fcomments&post=159602"}],"version-history":[{"count":0,"href":"https:\/\/www.diarioimagen.net\/index.php?rest_route=\/wp\/v2\/posts\/159602\/revisions"}],"wp:featuredmedia":[{"embeddable":true,"href":"https:\/\/www.diarioimagen.net\/index.php?rest_route=\/wp\/v2\/media\/159667"}],"wp:attachment":[{"href":"https:\/\/www.diarioimagen.net\/index.php?rest_route=%2Fwp%2Fv2%2Fmedia&parent=159602"}],"wp:term":[{"taxonomy":"category","embeddable":true,"href":"https:\/\/www.diarioimagen.net\/index.php?rest_route=%2Fwp%2Fv2%2Fcategories&post=159602"},{"taxonomy":"post_tag","embeddable":true,"href":"https:\/\/www.diarioimagen.net\/index.php?rest_route=%2Fwp%2Fv2%2Ftags&post=159602"}],"curies":[{"name":"wp","href":"https:\/\/api.w.org\/{rel}","templated":true}]}}