{"id":159625,"date":"2014-01-16T00:03:01","date_gmt":"2014-01-16T06:03:01","guid":{"rendered":"http:\/\/www.diarioimagen.net\/?p=159625"},"modified":"2014-01-17T03:02:53","modified_gmt":"2014-01-17T09:02:53","slug":"tres-anos-solo-son-el-principio","status":"publish","type":"post","link":"https:\/\/www.diarioimagen.net\/?p=159625","title":{"rendered":"\u00bfTres a\u00f1os s\u00f3lo son el principio?"},"content":{"rendered":"<h2>Detr\u00e1s del Poder<\/h2>\n<h5>Jos\u00e9 Antonio L\u00f3pez Sosa<\/h5>\n<p><span><br \/>\nGobernadores como Rafael Moreno Valle viven para promocionarse, para hacer de su labor de gobierno un espect\u00e1culo en el que sus gobernados deban agradecerles por cumplir su trabajo y, en el centro del pa\u00eds, se les deba admirar por su gesti\u00f3n.<\/span><\/p>\n<p>As\u00ed Moreno Valle en Puebla, Duarte en Veracruz, Velasco en Chiapas, Medina en Nuevo Le\u00f3n, Sandoval en Jalisco, tienen programas de comunicaci\u00f3n que proyectan en demas\u00eda su imagen.<\/p>\n<p>Cuando todos ellos como candidatos salieron a pedir el voto ciudadano, el compromiso que asum\u00edan en caso de ser gobernadores fue cumplir con la responsabilidad del cargo y con las promesas que en campa\u00f1a hicieron.<\/p>\n<p>\u00bfEn alg\u00fan momento dijeron que habr\u00eda que aplaudirles por hacer su trabajo? \u00bfqu\u00e9 otro trabajo existe donde el patr\u00f3n deba aplaudirle al empleado por cumplir con sus labores?<\/p>\n<p>La incipiente democracia mexicana ha cambiado radicalmente, ahora radica en la promoci\u00f3n de gobernadores para hacer carrera pol\u00edtica.<\/p>\n<p>Quiz\u00e1 el vertiginoso asenso p\u00fablico que tuvo el actual presidente Pe\u00f1a Nieto, pasando de diputado local a gobernador y luego a presidente sea fuente de inspiraci\u00f3n para muchos, lastimosamente para alcanzar este sue\u00f1o se mal gastan recursos p\u00fablicos.<\/p>\n<p>\u00bfCu\u00e1nto est\u00e1n pagando todos estos gobernadores por su auto promoci\u00f3n? \u00bfes necesario que en el centro del pa\u00eds nos enteremos del contenido de sus informes? \u00bfde cada que inauguran una obra? \u00bfde la prosperidad en la que dicen, viven sus entidades?<\/p>\n<p>3 a\u00f1os solo son el principio dice Moreno Valle, \u00bfde qu\u00e9 se\u00f1or gobernador? \u00bfde otros 3 que faltan gastando millones de pesos en publicidad? \u00bfde una prominente carrera pol\u00edtica donde aspira usted a ser Presidente de la Rep\u00fablica?, o el principio exactamente de qu\u00e9, porque su gesti\u00f3n ya va a la mitad.<\/p>\n<p>Al final el \u201cmarketing\u201d pol\u00edtico y la sobre exposici\u00f3n de la imagen est\u00e1 siendo el eje que define el rumbo electoral de un pa\u00eds, cosa por dem\u00e1s preocupante para la ciudadan\u00eda y una mina de oro para las agencias que manejan imagen p\u00fablica y relaciones p\u00fablicas de la clase pol\u00edtica.<\/p>\n<p>Cada quien lo mira desde el lugar donde est\u00e1, la mitad de la poblaci\u00f3n de este pa\u00eds que vive en pobreza dudo que lo vea con buenos ojos.<\/p>\n<p><em><a href=\"mailto:lopez.sosa@mexico.com\" target=\"_blank\">lopez.sosa@mexico.com<\/a><\/em><br \/>\n<em><a href=\"http:\/\/twitter.com\/#%21\/joseantonio1977\" target=\"_blank\">@joseantonio1977<br \/>\n<\/a><\/em><em><a href=\"http:\/\/www.formulaconfidencial.com.mx\/\" target=\"_blank\">www.formulaconfidencial.com.mx<\/a><\/em><\/p>\n","protected":false},"excerpt":{"rendered":"<p><span style=\"color: #005497;\"><strong>Jos\u00e9 Antonio L\u00f3pez Sosa<\/strong><\/span><\/p>\n","protected":false},"author":3,"featured_media":0,"comment_status":"open","ping_status":"open","sticky":false,"template":"","format":"standard","meta":{"_monsterinsights_skip_tracking":false,"_monsterinsights_sitenote_active":false,"_monsterinsights_sitenote_note":"","_monsterinsights_sitenote_category":0,"footnotes":""},"categories":[637],"tags":[638,43690,43674],"class_list":["post-159625","post","type-post","status-publish","format-standard","hentry","category-jose-antonio-lopez-sosa","tag-detras-del-poder","tag-jose-antonio-lopez-sosa","tag-opinion"],"_links":{"self":[{"href":"https:\/\/www.diarioimagen.net\/index.php?rest_route=\/wp\/v2\/posts\/159625","targetHints":{"allow":["GET"]}}],"collection":[{"href":"https:\/\/www.diarioimagen.net\/index.php?rest_route=\/wp\/v2\/posts"}],"about":[{"href":"https:\/\/www.diarioimagen.net\/index.php?rest_route=\/wp\/v2\/types\/post"}],"author":[{"embeddable":true,"href":"https:\/\/www.diarioimagen.net\/index.php?rest_route=\/wp\/v2\/users\/3"}],"replies":[{"embeddable":true,"href":"https:\/\/www.diarioimagen.net\/index.php?rest_route=%2Fwp%2Fv2%2Fcomments&post=159625"}],"version-history":[{"count":0,"href":"https:\/\/www.diarioimagen.net\/index.php?rest_route=\/wp\/v2\/posts\/159625\/revisions"}],"wp:attachment":[{"href":"https:\/\/www.diarioimagen.net\/index.php?rest_route=%2Fwp%2Fv2%2Fmedia&parent=159625"}],"wp:term":[{"taxonomy":"category","embeddable":true,"href":"https:\/\/www.diarioimagen.net\/index.php?rest_route=%2Fwp%2Fv2%2Fcategories&post=159625"},{"taxonomy":"post_tag","embeddable":true,"href":"https:\/\/www.diarioimagen.net\/index.php?rest_route=%2Fwp%2Fv2%2Ftags&post=159625"}],"curies":[{"name":"wp","href":"https:\/\/api.w.org\/{rel}","templated":true}]}}