{"id":159708,"date":"2014-01-17T00:05:48","date_gmt":"2014-01-17T06:05:48","guid":{"rendered":"http:\/\/www.diarioimagen.net\/?p=159708"},"modified":"2014-01-20T03:00:05","modified_gmt":"2014-01-20T09:00:05","slug":"en-segob-casi-todo-el-gabinete-examina-el-tema-michoacan","status":"publish","type":"post","link":"https:\/\/www.diarioimagen.net\/?p=159708","title":{"rendered":"En Segob, casi todo el gabinete examina el tema Michoac\u00e1n"},"content":{"rendered":"<ul>\n<li><em><strong>Apoyada por el ej\u00e9rcito, la Polic\u00eda Federal asumi\u00f3 la seguridad de 20 municipios en Tierra Caliente<\/strong><\/em><\/li>\n<\/ul>\n<div id=\"attachment_159808\" style=\"width: 250px\" class=\"wp-caption alignleft\"><a href=\"http:\/\/www.diarioimagen.net\/wp-content\/uploads\/2014\/01\/Osorio-2273.jpg\"><img loading=\"lazy\" decoding=\"async\" aria-describedby=\"caption-attachment-159808\" class=\"size-medium wp-image-159808\" alt=\"El secretariode Gobernaci\u00f3n, Miguel \u00c1ngel Osorio Chong, presidi\u00f3 la reuni\u00f3n de representantes del gabinete federal.\" src=\"http:\/\/www.diarioimagen.net\/wp-content\/uploads\/2014\/01\/Osorio-2273-240x135.jpg\" width=\"240\" height=\"135\" srcset=\"https:\/\/www.diarioimagen.net\/wp-content\/uploads\/2014\/01\/Osorio-2273-240x135.jpg 240w, https:\/\/www.diarioimagen.net\/wp-content\/uploads\/2014\/01\/Osorio-2273-420x236.jpg 420w, https:\/\/www.diarioimagen.net\/wp-content\/uploads\/2014\/01\/Osorio-2273-235x132.jpg 235w, https:\/\/www.diarioimagen.net\/wp-content\/uploads\/2014\/01\/Osorio-2273-202x114.jpg 202w, https:\/\/www.diarioimagen.net\/wp-content\/uploads\/2014\/01\/Osorio-2273-350x196.jpg 350w, https:\/\/www.diarioimagen.net\/wp-content\/uploads\/2014\/01\/Osorio-2273-220x123.jpg 220w, https:\/\/www.diarioimagen.net\/wp-content\/uploads\/2014\/01\/Osorio-2273-237x132.jpg 237w, https:\/\/www.diarioimagen.net\/wp-content\/uploads\/2014\/01\/Osorio-2273.jpg 480w\" sizes=\"auto, (max-width: 240px) 100vw, 240px\" \/><\/a><p id=\"caption-attachment-159808\" class=\"wp-caption-text\">El secretariode Gobernaci\u00f3n, Miguel \u00c1ngel Osorio Chong, presidi\u00f3 la reuni\u00f3n de representantes del gabinete federal.<\/p><\/div>\n<p>Un d\u00eda despu\u00e9s de la creaci\u00f3n de la Comisi\u00f3n para la Seguridad y el Desarrollo Integral de Michoac\u00e1n, el secretario de Gobernaci\u00f3n, Miguel \u00c1ngel Osorio Chong, encabez\u00f3 una reuni\u00f3n privada en el Palacio de Covi\u00e1n para coordinar los trabajos que se llevar\u00e1n a cabo en la entidad.<\/p>\n<p>Al encuentro asistieron el comisionado del gobierno de la Rep\u00fablica en Michoac\u00e1n, Alfredo Castillo Cervantes, as\u00ed como los secretarios de Desarrollo Social, Rosario Robles; de Salud, Mercedes Juan; del Trabajo, Alfonso Navarrete; de Comunicaciones y Transportes, Gerardo Ruiz Esparza; de Educaci\u00f3n P\u00fablica, Emilio Chuayffet Chemor; de Agricultura, Enrique Mart\u00ednez y Mart\u00ednez, y de Desarrollo Agrario Territorial y Urbano, Jorge Carlos Ram\u00edrez Mar\u00edn.<\/p>\n<p>En representaci\u00f3n del secretario de Relaciones Exteriores, Jos\u00e9 Antonio Meade, y de Econom\u00eda, Ildefonso Guajardo, acudieron subsecretarios de ambas dependencias. Emilio Lozoya, director de Petr\u00f3leos Mexicanos, tambi\u00e9n envi\u00f3 un representante. No estuvieron los secretarios de Marina, almirante Vidal Francisco Sober\u00f3n Sanz; de la Defensa, general Salvador Cienfuegos, ni el procurador general de la Rep\u00fablica, Jes\u00fas Murillo Karam.<\/p>\n<p>Osorio Chong y Alfredo Castillo dieron a conocer a los integrantes del gabinete programas que se impulsar\u00e1n en Michoac\u00e1n en los pr\u00f3ximos d\u00edas y qued\u00f3 establecido que los secretarios de Estado visitar\u00e1n la entidad.<\/p>\n<p>En el encuentro, que dur\u00f3 alrededor de dos horas, el titular de Gobernaci\u00f3n convoc\u00f3 a sus compa\u00f1eros de gabinete a trabajar juntos y articulados en torno al comisionado para la Seguridad y el Desarrollo Integral en Michoac\u00e1n, quien despu\u00e9s de la reuni\u00f3n se traslad\u00f3 a esa entidad.<\/p>\n<p>Se dijo que la Comisi\u00f3n para Michoac\u00e1n busca superar la crisis de inseguridad y del tejido social que origin\u00f3 la creaci\u00f3n de grupos de autodefensa.<\/p>\n<p>Por la tarde, el Sistema Nacional de Seguridad P\u00fablica indic\u00f3 que la PF, apoyada por el Ej\u00e9rcito, asumi\u00f3 la seguridad en 20 municipios michoacanos.<\/p>\n","protected":false},"excerpt":{"rendered":"<p>Un d\u00eda despu\u00e9s de la creaci\u00f3n de la Comisi\u00f3n para la Seguridad y el Desarrollo Integral de Michoac\u00e1n, el secretario de Gobernaci\u00f3n, Miguel \u00c1ngel Osorio Chong, encabez\u00f3 una reuni\u00f3n privada en el Palacio de Covi\u00e1n para coordinar los trabajos que se llevar\u00e1n a cabo en la entidad.<\/p>\n","protected":false},"author":5,"featured_media":159808,"comment_status":"open","ping_status":"open","sticky":false,"template":"","format":"standard","meta":{"_monsterinsights_skip_tracking":false,"_monsterinsights_sitenote_active":false,"_monsterinsights_sitenote_note":"","_monsterinsights_sitenote_category":0,"footnotes":""},"categories":[17,3],"tags":[7564,3573,803,3676],"class_list":["post-159708","post","type-post","status-publish","format-standard","has-post-thumbnail","hentry","category-especiales","category-nacional","tag-alfredo-castillo-cervantes","tag-ejercito-mexicano","tag-michoacan","tag-miguel-angel-osorio-chong"],"_links":{"self":[{"href":"https:\/\/www.diarioimagen.net\/index.php?rest_route=\/wp\/v2\/posts\/159708","targetHints":{"allow":["GET"]}}],"collection":[{"href":"https:\/\/www.diarioimagen.net\/index.php?rest_route=\/wp\/v2\/posts"}],"about":[{"href":"https:\/\/www.diarioimagen.net\/index.php?rest_route=\/wp\/v2\/types\/post"}],"author":[{"embeddable":true,"href":"https:\/\/www.diarioimagen.net\/index.php?rest_route=\/wp\/v2\/users\/5"}],"replies":[{"embeddable":true,"href":"https:\/\/www.diarioimagen.net\/index.php?rest_route=%2Fwp%2Fv2%2Fcomments&post=159708"}],"version-history":[{"count":0,"href":"https:\/\/www.diarioimagen.net\/index.php?rest_route=\/wp\/v2\/posts\/159708\/revisions"}],"wp:featuredmedia":[{"embeddable":true,"href":"https:\/\/www.diarioimagen.net\/index.php?rest_route=\/wp\/v2\/media\/159808"}],"wp:attachment":[{"href":"https:\/\/www.diarioimagen.net\/index.php?rest_route=%2Fwp%2Fv2%2Fmedia&parent=159708"}],"wp:term":[{"taxonomy":"category","embeddable":true,"href":"https:\/\/www.diarioimagen.net\/index.php?rest_route=%2Fwp%2Fv2%2Fcategories&post=159708"},{"taxonomy":"post_tag","embeddable":true,"href":"https:\/\/www.diarioimagen.net\/index.php?rest_route=%2Fwp%2Fv2%2Ftags&post=159708"}],"curies":[{"name":"wp","href":"https:\/\/api.w.org\/{rel}","templated":true}]}}