{"id":159711,"date":"2014-01-17T00:07:27","date_gmt":"2014-01-17T06:07:27","guid":{"rendered":"http:\/\/www.diarioimagen.net\/?p=159711"},"modified":"2014-01-20T03:00:17","modified_gmt":"2014-01-20T09:00:17","slug":"alfredo-castillo-nombrara-jefe-de-policia-y-procurador-en-michoacan","status":"publish","type":"post","link":"https:\/\/www.diarioimagen.net\/?p=159711","title":{"rendered":"Alfredo Castillo nombrar\u00e1 jefe de Polic\u00eda y procurador en Michoac\u00e1n"},"content":{"rendered":"<ul>\n<li><em><strong>No hay \u00e1nimo de enjuiciar a los que est\u00e1n ahora; se busca \u201cla alineaci\u00f3n en todas las \u00e1reas\u201d<\/strong><\/em><\/li>\n<\/ul>\n<h6>Jos\u00e9 Luis Monta\u00f1ez<\/h6>\n<p><span>\u00a0<\/span><\/p>\n<div id=\"attachment_159793\" style=\"width: 250px\" class=\"wp-caption alignleft\"><a href=\"http:\/\/www.diarioimagen.net\/wp-content\/uploads\/2014\/01\/Castillo-2273.jpg\"><img loading=\"lazy\" decoding=\"async\" aria-describedby=\"caption-attachment-159793\" class=\"size-medium wp-image-159793\" alt=\"El comisionado federal de Seguridad en Michoac\u00e1n,Alfredo Castillo, inform\u00f3 que ser\u00e1 radical la transformaci\u00f3n del estado.\" src=\"http:\/\/www.diarioimagen.net\/wp-content\/uploads\/2014\/01\/Castillo-2273-240x135.jpg\" width=\"240\" height=\"135\" srcset=\"https:\/\/www.diarioimagen.net\/wp-content\/uploads\/2014\/01\/Castillo-2273-240x135.jpg 240w, https:\/\/www.diarioimagen.net\/wp-content\/uploads\/2014\/01\/Castillo-2273-420x236.jpg 420w, https:\/\/www.diarioimagen.net\/wp-content\/uploads\/2014\/01\/Castillo-2273-235x132.jpg 235w, https:\/\/www.diarioimagen.net\/wp-content\/uploads\/2014\/01\/Castillo-2273-202x114.jpg 202w, https:\/\/www.diarioimagen.net\/wp-content\/uploads\/2014\/01\/Castillo-2273-350x196.jpg 350w, https:\/\/www.diarioimagen.net\/wp-content\/uploads\/2014\/01\/Castillo-2273-220x123.jpg 220w, https:\/\/www.diarioimagen.net\/wp-content\/uploads\/2014\/01\/Castillo-2273-237x132.jpg 237w, https:\/\/www.diarioimagen.net\/wp-content\/uploads\/2014\/01\/Castillo-2273.jpg 480w\" sizes=\"auto, (max-width: 240px) 100vw, 240px\" \/><\/a><p id=\"caption-attachment-159793\" class=\"wp-caption-text\">El comisionado federal de Seguridad en Michoac\u00e1n,Alfredo Castillo, inform\u00f3 que ser\u00e1 radical la transformaci\u00f3n del estado.<\/p><\/div>\n<p>El comisionado federal de Seguridad en Michoac\u00e1n, Alfredo Castillo, afirm\u00f3 que ser\u00e1 radical la transformaci\u00f3n que se ver\u00e1 en el corto plazo en Michoac\u00e1n, una vez que la federaci\u00f3n toma el control de municipios de Tierra Caliente. \u201cEste mismo a\u00f1o habr\u00e1 resultados claros en el restablecimiento del estado de Derecho en la entidad\u201d.<\/p>\n<p>Anticip\u00f3 que una de sus labores en el estado ser\u00e1 nombrar a quienes tomen las riendas de la Procuradur\u00eda y Seguridad P\u00fablica locales, aunque \u201csin \u00e1nimos de enjuiciar a quienes est\u00e1n ahora\u201d. Explic\u00f3 que tiene buenas referencias de los actuales titulares, sin embargo, el cambio \u201cno tiene que ver con las capacidades personales\u201d, ya que lo que se busca es \u201cla alineaci\u00f3n en todas las \u00e1reas, porque es muy importante la correlaci\u00f3n directa\u201d.<\/p>\n<p>El funcionario reci\u00e9n nombrado dijo que \u201csin hablar de plazos fatales, en el menor tiempo humanamente posible se va a dar, ser\u00e1 la primera vez en la historia que se articular\u00e1 de una manera real el esfuerzo de todas las instituciones\u201d.<\/p>\n<p>Alfredo Castillo expuso que su funci\u00f3n es la de coordinar operativos y supervisar las tareas que las dependencias federales har\u00e1n en el estado. Dijo que su env\u00edo al estado es porque se necesita \u201ctener la presencia permanente y f\u00edsica de un representante del gobierno que articule, supervise y coordine todas las acciones en beneficio de Michoac\u00e1n\u201d.<\/p>\n<p>El comisionado de Seguridad en Michoac\u00e1n precis\u00f3 que \u201cvamos a tener que hacer el fortalecimiento de las instituciones y no retirarnos hasta que las autoridades tengan la capacidad de tomar el control\u201d. Por ello tendr\u00e1 oficinas provisionales en Morelia y se estar\u00e1 desplazando por el estado.<\/p>\n<p>Dijo que hoy sostendr\u00e1 una reuni\u00f3n con el gobernador Fausto Vallejo para hablar sobre la estrategia que se aplicar\u00e1 con las subprocuradur\u00edas, la Polic\u00eda Federal y la coordinaci\u00f3n con la PGR.<\/p>\n<p>Ayer, Alfredo Castillo fue nombrado comisionado para la Seguridad y el Desarrollo Integral en Michoac\u00e1n y tendr\u00e1 la responsabilidad sobre todas las decisiones pol\u00edticas, sociales, econ\u00f3micas y de seguridad en la entidad.<\/p>\n","protected":false},"excerpt":{"rendered":"<p><span style=\"color: #005497;\"><strong>Jos\u00e9 Luis Monta\u00f1ez<\/strong><\/span><br \/>\n<br \/>\nEl comisionado federal de seguridad en Michoac\u00e1n, Alfredo Castillo, afirm\u00f3 que ser\u00e1 radical la transformaci\u00f3n que se ver\u00e1 en el corto plazo en Michoac\u00e1n, una vez que la federaci\u00f3n toma el control de municipios de Tierra Caliente. \u201cEste mismo a\u00f1o habr\u00e1 resultados claros en el restablecimiento del estado de derecho en la entidad\u201d dijo.<\/p>\n","protected":false},"author":5,"featured_media":159793,"comment_status":"open","ping_status":"open","sticky":false,"template":"","format":"standard","meta":{"_monsterinsights_skip_tracking":false,"_monsterinsights_sitenote_active":false,"_monsterinsights_sitenote_note":"","_monsterinsights_sitenote_category":0,"footnotes":""},"categories":[17,3],"tags":[7564,803,43673,12958],"class_list":["post-159711","post","type-post","status-publish","format-standard","has-post-thumbnail","hentry","category-especiales","category-nacional","tag-alfredo-castillo-cervantes","tag-michoacan","tag-nacional","tag-tierra-caliente"],"_links":{"self":[{"href":"https:\/\/www.diarioimagen.net\/index.php?rest_route=\/wp\/v2\/posts\/159711","targetHints":{"allow":["GET"]}}],"collection":[{"href":"https:\/\/www.diarioimagen.net\/index.php?rest_route=\/wp\/v2\/posts"}],"about":[{"href":"https:\/\/www.diarioimagen.net\/index.php?rest_route=\/wp\/v2\/types\/post"}],"author":[{"embeddable":true,"href":"https:\/\/www.diarioimagen.net\/index.php?rest_route=\/wp\/v2\/users\/5"}],"replies":[{"embeddable":true,"href":"https:\/\/www.diarioimagen.net\/index.php?rest_route=%2Fwp%2Fv2%2Fcomments&post=159711"}],"version-history":[{"count":0,"href":"https:\/\/www.diarioimagen.net\/index.php?rest_route=\/wp\/v2\/posts\/159711\/revisions"}],"wp:featuredmedia":[{"embeddable":true,"href":"https:\/\/www.diarioimagen.net\/index.php?rest_route=\/wp\/v2\/media\/159793"}],"wp:attachment":[{"href":"https:\/\/www.diarioimagen.net\/index.php?rest_route=%2Fwp%2Fv2%2Fmedia&parent=159711"}],"wp:term":[{"taxonomy":"category","embeddable":true,"href":"https:\/\/www.diarioimagen.net\/index.php?rest_route=%2Fwp%2Fv2%2Fcategories&post=159711"},{"taxonomy":"post_tag","embeddable":true,"href":"https:\/\/www.diarioimagen.net\/index.php?rest_route=%2Fwp%2Fv2%2Ftags&post=159711"}],"curies":[{"name":"wp","href":"https:\/\/api.w.org\/{rel}","templated":true}]}}