{"id":159714,"date":"2014-01-17T00:09:08","date_gmt":"2014-01-17T06:09:08","guid":{"rendered":"http:\/\/www.diarioimagen.net\/?p=159714"},"modified":"2014-01-17T04:27:58","modified_gmt":"2014-01-17T10:27:58","slug":"valida-corte-geolocalizacion-de-celulares-en-delitos-graves","status":"publish","type":"post","link":"https:\/\/www.diarioimagen.net\/?p=159714","title":{"rendered":"Valida Corte geolocalizaci\u00f3n de celulares en delitos graves"},"content":{"rendered":"<ul>\n<li><em><strong>Procuradur\u00edas y \u201clos servidores p\u00fablicos\u201d podr\u00e1n solicitarla sin la intervenci\u00f3n de un juez federal<\/strong><\/em><\/li>\n<\/ul>\n<div id=\"attachment_159816\" style=\"width: 250px\" class=\"wp-caption alignleft\"><a href=\"http:\/\/www.diarioimagen.net\/wp-content\/uploads\/2014\/01\/suprema-2273.jpg\"><img loading=\"lazy\" decoding=\"async\" aria-describedby=\"caption-attachment-159816\" class=\"size-medium wp-image-159816\" alt=\"Una mayor\u00eda de cinco ministros vot\u00f3 en el sentido de que las reformas al C\u00f3digo Federal de Procedimientos Penales y de la Ley Federal de Telecomunicaciones no violan el derecho a la intimidad.\" src=\"http:\/\/www.diarioimagen.net\/wp-content\/uploads\/2014\/01\/suprema-2273-240x135.jpg\" width=\"240\" height=\"135\" srcset=\"https:\/\/www.diarioimagen.net\/wp-content\/uploads\/2014\/01\/suprema-2273-240x135.jpg 240w, https:\/\/www.diarioimagen.net\/wp-content\/uploads\/2014\/01\/suprema-2273-420x236.jpg 420w, https:\/\/www.diarioimagen.net\/wp-content\/uploads\/2014\/01\/suprema-2273-235x132.jpg 235w, https:\/\/www.diarioimagen.net\/wp-content\/uploads\/2014\/01\/suprema-2273-202x114.jpg 202w, https:\/\/www.diarioimagen.net\/wp-content\/uploads\/2014\/01\/suprema-2273-350x196.jpg 350w, https:\/\/www.diarioimagen.net\/wp-content\/uploads\/2014\/01\/suprema-2273-220x123.jpg 220w, https:\/\/www.diarioimagen.net\/wp-content\/uploads\/2014\/01\/suprema-2273-237x132.jpg 237w, https:\/\/www.diarioimagen.net\/wp-content\/uploads\/2014\/01\/suprema-2273.jpg 480w\" sizes=\"auto, (max-width: 240px) 100vw, 240px\" \/><\/a><p id=\"caption-attachment-159816\" class=\"wp-caption-text\">Una mayor\u00eda de cinco ministros vot\u00f3 en el sentido de que las reformas al C\u00f3digo Federal de Procedimientos Penales y de la Ley Federal de Telecomunicaciones no violan el derecho a la intimidad.<\/p><\/div>\n<p>El pleno de la Suprema Corte de Justicia de la Naci\u00f3n valid\u00f3 que la Procuradur\u00eda General de la Rep\u00fablica, las procuradur\u00edas estatales y \u201clos servidores p\u00fablicos\u201d soliciten \u201cpor simple oficio o medios electr\u00f3nicos\u201d a los concesionarios la geolocalizaci\u00f3n en tiempo real de tel\u00e9fonos celulares involucrados en la investigaci\u00f3n de delitos graves, sin la intervenci\u00f3n de un juez federal.<\/p>\n<p>Una mayor\u00eda de cinco ministros vot\u00f3 en el sentido de que las reformas al C\u00f3digo Federal de Procedimientos Penales y de la Ley Federal de Telecomunicaciones no violan el derecho a la intimidad y, por tanto, no se requiere de que el Ministerio P\u00fablico solicite la autorizaci\u00f3n judicial para localizar los tel\u00e9fonos celulares involucrados en casos de secuestro, extorsi\u00f3n, narcotr\u00e1fico y amenazas.<\/p>\n<p>Asimismo, tres ministros votaron a favor de que la Corte fijara criterios que evitaran el uso arbitrario de la medida por parte de las Procuradur\u00edas, mientras que tres mantuvieron su voto por la inconstitucionalidad de las normas.<\/p>\n<p>Los ministros Sergio Valls, Olga S\u00e1nchez Cordero y Jos\u00e9 Ram\u00f3n Coss\u00edo votaron por la invalidez de las normas. El primero cuestion\u00f3 que la Corte haya aprobado reglas o lineamientos que son \u00fanicamente \u201cde buen fe\u201d para acotar las atribuciones de las procuradur\u00edas \u201cpara que no se den excesos o un uso indebido en detrimento de los derechos humanos\u201d.<\/p>\n<p>Plante\u00f3: \u201cQu\u00e9 o qui\u00e9n lo garantiza, qu\u00e9 o qui\u00e9n lo controla, adem\u00e1s, trat\u00e1ndose de los derechos humos no se trata de que exista la posibilidad de que posteriormente se puedan denunciar abusos, a fin de que se repare el da\u00f1o hecho, sino que, precisamente se trata de que el Estado garantice su ejercicio y protecci\u00f3n para que no se cause lesi\u00f3n a los derechos humanos\u201d. Agreg\u00f3 que la \u00fanica forma para que no haya un exceso o un uso indebido por parte de la autoridad investigadora y proteger as\u00ed los derechos humanos, es mediante la autorizaci\u00f3n judicial, como contrapeso institucional de la funci\u00f3n investigadora que realizan las procuradur\u00edas del pa\u00eds.<\/p>\n","protected":false},"excerpt":{"rendered":"<p>El pleno de la Suprema Corte de Justicia de la Naci\u00f3n valid\u00f3 que la Procuradur\u00eda General de la Rep\u00fablica, las procuradur\u00edas estatales y \u201clos servidores p\u00fablicos\u201d soliciten \u201cpor simple oficio o medios electr\u00f3nicos\u201d a los concesionarios la geolocalizaci\u00f3n en tiempo real de tel\u00e9fonos celulares involucrados en la investigaci\u00f3n de delitos graves, sin la intervenci\u00f3n de un juez federal.<\/p>\n","protected":false},"author":5,"featured_media":159816,"comment_status":"open","ping_status":"open","sticky":false,"template":"","format":"standard","meta":{"_monsterinsights_skip_tracking":false,"_monsterinsights_sitenote_active":false,"_monsterinsights_sitenote_note":"","_monsterinsights_sitenote_category":0,"footnotes":""},"categories":[3],"tags":[5333,1399,27887,1584],"class_list":["post-159714","post","type-post","status-publish","format-standard","has-post-thumbnail","hentry","category-nacional","tag-celulares","tag-ministerio-publico","tag-procuraduria-general-de-la-republica","tag-suprema-corte-de-justicia-de-la-nacion"],"_links":{"self":[{"href":"https:\/\/www.diarioimagen.net\/index.php?rest_route=\/wp\/v2\/posts\/159714","targetHints":{"allow":["GET"]}}],"collection":[{"href":"https:\/\/www.diarioimagen.net\/index.php?rest_route=\/wp\/v2\/posts"}],"about":[{"href":"https:\/\/www.diarioimagen.net\/index.php?rest_route=\/wp\/v2\/types\/post"}],"author":[{"embeddable":true,"href":"https:\/\/www.diarioimagen.net\/index.php?rest_route=\/wp\/v2\/users\/5"}],"replies":[{"embeddable":true,"href":"https:\/\/www.diarioimagen.net\/index.php?rest_route=%2Fwp%2Fv2%2Fcomments&post=159714"}],"version-history":[{"count":0,"href":"https:\/\/www.diarioimagen.net\/index.php?rest_route=\/wp\/v2\/posts\/159714\/revisions"}],"wp:featuredmedia":[{"embeddable":true,"href":"https:\/\/www.diarioimagen.net\/index.php?rest_route=\/wp\/v2\/media\/159816"}],"wp:attachment":[{"href":"https:\/\/www.diarioimagen.net\/index.php?rest_route=%2Fwp%2Fv2%2Fmedia&parent=159714"}],"wp:term":[{"taxonomy":"category","embeddable":true,"href":"https:\/\/www.diarioimagen.net\/index.php?rest_route=%2Fwp%2Fv2%2Fcategories&post=159714"},{"taxonomy":"post_tag","embeddable":true,"href":"https:\/\/www.diarioimagen.net\/index.php?rest_route=%2Fwp%2Fv2%2Ftags&post=159714"}],"curies":[{"name":"wp","href":"https:\/\/api.w.org\/{rel}","templated":true}]}}