{"id":159726,"date":"2014-01-17T00:03:29","date_gmt":"2014-01-17T06:03:29","guid":{"rendered":"http:\/\/www.diarioimagen.net\/?p=159726"},"modified":"2014-01-20T02:59:56","modified_gmt":"2014-01-20T08:59:56","slug":"fallece-jose-sulaiman-presidente-del-cmb","status":"publish","type":"post","link":"https:\/\/www.diarioimagen.net\/?p=159726","title":{"rendered":"Fallece Jos\u00e9 Sulaim\u00e1n, presidente del CMB"},"content":{"rendered":"<ul>\n<li><strong><em>Ten\u00eda 82 a\u00f1os<\/em><\/strong><\/li>\n<\/ul>\n<div id=\"attachment_159795\" style=\"width: 250px\" class=\"wp-caption alignleft\"><a href=\"http:\/\/www.diarioimagen.net\/wp-content\/uploads\/2014\/01\/jose-sulaiman-2273.jpg\"><img loading=\"lazy\" decoding=\"async\" aria-describedby=\"caption-attachment-159795\" class=\"size-medium wp-image-159795\" alt=\"Jos\u00e9 Sulaim\u00e1n muri\u00f3 por complicaciones cardiacas.\" src=\"http:\/\/www.diarioimagen.net\/wp-content\/uploads\/2014\/01\/jose-sulaiman-2273-240x135.jpg\" width=\"240\" height=\"135\" srcset=\"https:\/\/www.diarioimagen.net\/wp-content\/uploads\/2014\/01\/jose-sulaiman-2273-240x135.jpg 240w, https:\/\/www.diarioimagen.net\/wp-content\/uploads\/2014\/01\/jose-sulaiman-2273-420x236.jpg 420w, https:\/\/www.diarioimagen.net\/wp-content\/uploads\/2014\/01\/jose-sulaiman-2273-235x132.jpg 235w, https:\/\/www.diarioimagen.net\/wp-content\/uploads\/2014\/01\/jose-sulaiman-2273-202x114.jpg 202w, https:\/\/www.diarioimagen.net\/wp-content\/uploads\/2014\/01\/jose-sulaiman-2273-350x196.jpg 350w, https:\/\/www.diarioimagen.net\/wp-content\/uploads\/2014\/01\/jose-sulaiman-2273-220x123.jpg 220w, https:\/\/www.diarioimagen.net\/wp-content\/uploads\/2014\/01\/jose-sulaiman-2273-237x132.jpg 237w, https:\/\/www.diarioimagen.net\/wp-content\/uploads\/2014\/01\/jose-sulaiman-2273.jpg 480w\" sizes=\"auto, (max-width: 240px) 100vw, 240px\" \/><\/a><p id=\"caption-attachment-159795\" class=\"wp-caption-text\">Jos\u00e9 Sulaim\u00e1n muri\u00f3 por complicaciones cardiacas.<\/p><\/div>\n<p>El presidente del Consejo Mundial de Boxeo, Jos\u00e9 Sulaim\u00e1n Chagnon, falleci\u00f3 ayer en un hospital privado de Los \u00c1ngeles, California, tras sufrir complicaciones luego de una intervenci\u00f3n a coraz\u00f3n abierto realizada en octubre pasado.<\/p>\n<p>Sulaim\u00e1n Chagnon fue intervenido quir\u00fargicamente en el Hospital de la Universidad de California en Los \u00c1ngeles, debido a que ten\u00eda dos arterias obstruidas, por lo que le hab\u00edan colocado <i>bypass<\/i> y por complicaciones con la diabetes que padec\u00eda no se pudo recuperar y falleci\u00f3 ayer.<\/p>\n<p>El dirigente tamaulipeco presidi\u00f3 al CMB desde la convenci\u00f3n anual realizada en T\u00fanez en 1975 y fue l\u00edder de este organismo hasta el d\u00eda de su muerte.<\/p>\n<p>Sulaim\u00e1n es reconocido como el m\u00e1ximo dirigente box\u00edstico de la historia, luego de colocar al Consejo Mundial en la cima del deporte de los pu\u00f1os y ser reconocido como el organismo de mayor prestigio.<\/p>\n<p>De ascendencia libanesa, el dirigente naci\u00f3 el 30 de mayo de 1931 en Ciudad Victoria, Tamaulipas, M\u00e9xico, donde empez\u00f3 su inquietud por el boxeo al practicarlo durante su adolescencia a la par del b\u00e9isbol, as\u00ed como su inicio como comisionado en el pugilismo.<\/p>\n<p>A los 16 a\u00f1os ya era parte de la Comisi\u00f3n de Boxeo en San Luis Potos\u00ed. En 1968 se uni\u00f3 al CMB.<\/p>\n<p>Entre sus mejoras al boxeo profesional est\u00e1n el reducir el n\u00famero de asaltos de 15 a 12 en las peleas de campeonato, el peso oficial 24 horas antes del combate, la creaci\u00f3n de divisiones intermedias, creaci\u00f3n del Congreso M\u00e9dico Mundial y la introducci\u00f3n de los guantes con el pulgar adherido.<\/p>\n<p>&nbsp;<\/p>\n<p>&nbsp;<\/p>\n","protected":false},"excerpt":{"rendered":"<p>El presidente del Consejo Mundial de Boxeo, Jos\u00e9 Sulaim\u00e1n Chagnon, falleci\u00f3 ayer en un hospital privado de Los \u00c1ngeles, California, tras sufrir complicaciones luego de una intervenci\u00f3n a coraz\u00f3n abierto realizada en octubre pasado.<\/p>\n","protected":false},"author":5,"featured_media":159795,"comment_status":"open","ping_status":"open","sticky":false,"template":"","format":"standard","meta":{"_monsterinsights_skip_tracking":false,"_monsterinsights_sitenote_active":false,"_monsterinsights_sitenote_note":"","_monsterinsights_sitenote_category":0,"footnotes":""},"categories":[17,10],"tags":[4626,12122,43680,19084,1932],"class_list":["post-159726","post","type-post","status-publish","format-standard","has-post-thumbnail","hentry","category-especiales","category-deportes","tag-california","tag-cmb","tag-deportes","tag-fallece","tag-los-angeles"],"_links":{"self":[{"href":"https:\/\/www.diarioimagen.net\/index.php?rest_route=\/wp\/v2\/posts\/159726","targetHints":{"allow":["GET"]}}],"collection":[{"href":"https:\/\/www.diarioimagen.net\/index.php?rest_route=\/wp\/v2\/posts"}],"about":[{"href":"https:\/\/www.diarioimagen.net\/index.php?rest_route=\/wp\/v2\/types\/post"}],"author":[{"embeddable":true,"href":"https:\/\/www.diarioimagen.net\/index.php?rest_route=\/wp\/v2\/users\/5"}],"replies":[{"embeddable":true,"href":"https:\/\/www.diarioimagen.net\/index.php?rest_route=%2Fwp%2Fv2%2Fcomments&post=159726"}],"version-history":[{"count":0,"href":"https:\/\/www.diarioimagen.net\/index.php?rest_route=\/wp\/v2\/posts\/159726\/revisions"}],"wp:featuredmedia":[{"embeddable":true,"href":"https:\/\/www.diarioimagen.net\/index.php?rest_route=\/wp\/v2\/media\/159795"}],"wp:attachment":[{"href":"https:\/\/www.diarioimagen.net\/index.php?rest_route=%2Fwp%2Fv2%2Fmedia&parent=159726"}],"wp:term":[{"taxonomy":"category","embeddable":true,"href":"https:\/\/www.diarioimagen.net\/index.php?rest_route=%2Fwp%2Fv2%2Fcategories&post=159726"},{"taxonomy":"post_tag","embeddable":true,"href":"https:\/\/www.diarioimagen.net\/index.php?rest_route=%2Fwp%2Fv2%2Ftags&post=159726"}],"curies":[{"name":"wp","href":"https:\/\/api.w.org\/{rel}","templated":true}]}}