{"id":159762,"date":"2014-01-17T00:04:21","date_gmt":"2014-01-17T06:04:21","guid":{"rendered":"http:\/\/www.diarioimagen.net\/?p=159762"},"modified":"2014-01-20T03:00:00","modified_gmt":"2014-01-20T09:00:00","slug":"pena-nieto-anuncia-creacion-de-agencia-nacional-de-huracanes","status":"publish","type":"post","link":"https:\/\/www.diarioimagen.net\/?p=159762","title":{"rendered":"Pe\u00f1a Nieto anuncia creaci\u00f3n de Agencia Nacional de Huracanes"},"content":{"rendered":"<ul>\n<li><em><strong>El Presidente se\u00f1ala que es tiempo de fortalecer y ampliar las capacidades de la Comisi\u00f3n Nacional del Agua<\/strong><\/em><\/li>\n<\/ul>\n<div id=\"attachment_159804\" style=\"width: 250px\" class=\"wp-caption alignleft\"><a href=\"http:\/\/www.diarioimagen.net\/wp-content\/uploads\/2014\/01\/epn-2273.jpg\"><img loading=\"lazy\" decoding=\"async\" aria-describedby=\"caption-attachment-159804\" class=\"size-medium wp-image-159804\" alt=\"El presidente Enrique Pe\u00f1a Nieto es flanqueado por el titular de la Semarnat, Juan Jos\u00e9 Guerra Abud, y el director general de la Conagua, David Korenfeld Federman.\" src=\"http:\/\/www.diarioimagen.net\/wp-content\/uploads\/2014\/01\/epn-2273-240x135.jpg\" width=\"240\" height=\"135\" srcset=\"https:\/\/www.diarioimagen.net\/wp-content\/uploads\/2014\/01\/epn-2273-240x135.jpg 240w, https:\/\/www.diarioimagen.net\/wp-content\/uploads\/2014\/01\/epn-2273-420x236.jpg 420w, https:\/\/www.diarioimagen.net\/wp-content\/uploads\/2014\/01\/epn-2273-235x132.jpg 235w, https:\/\/www.diarioimagen.net\/wp-content\/uploads\/2014\/01\/epn-2273-202x114.jpg 202w, https:\/\/www.diarioimagen.net\/wp-content\/uploads\/2014\/01\/epn-2273-350x196.jpg 350w, https:\/\/www.diarioimagen.net\/wp-content\/uploads\/2014\/01\/epn-2273-220x123.jpg 220w, https:\/\/www.diarioimagen.net\/wp-content\/uploads\/2014\/01\/epn-2273-237x132.jpg 237w, https:\/\/www.diarioimagen.net\/wp-content\/uploads\/2014\/01\/epn-2273.jpg 480w\" sizes=\"auto, (max-width: 240px) 100vw, 240px\" \/><\/a><p id=\"caption-attachment-159804\" class=\"wp-caption-text\">El presidente Enrique Pe\u00f1a Nieto es flanqueado por el titular de la Semarnat, Juan Jos\u00e9 Guerra Abud, y el director general de la Conagua, David Korenfeld Federman.<\/p><\/div>\n<p>Al encabezar la ceremonia conmemorativa del 25 aniversario de la Comisi\u00f3n Nacional del Agua (Conagua), el presidente de la Rep\u00fablica, Enrique Pe\u00f1a Nieto, afirm\u00f3 que a cinco lustros de su creaci\u00f3n \u201ces tiempo de fortalecer y ampliar sus capacidades\u201d, e inform\u00f3 una serie de acciones que la dependencia llevar\u00e1 a cabo durante esta administraci\u00f3n que le dar\u00e1n mayor fortaleza, la har\u00e1n m\u00e1s eficiente en su desempe\u00f1o, \u201cy lo m\u00e1s importante: traer\u00e1n beneficios reales a la vida cotidiana de las familias mexicanas en un tema que es de la mayor prioridad\u201d.<\/p>\n<p>Mencion\u00f3 que la Conagua realizar\u00e1 diferentes acciones de pol\u00edtica p\u00fablica fundamentales para el sector, y en este rubro destac\u00f3 las siguientes:<\/p>\n<p>Primera: Se crear\u00e1 la Agencia Nacional de Huracanes y Clima Severo y se modernizar\u00e1 integralmente el Servicio Meteorol\u00f3gico Nacional. Para este \u00faltimo se prev\u00e9 una inversi\u00f3n de\u00a0 170 millones de d\u00f3lares, de los cuales 105 provendr\u00e1n de financiamiento del Banco Mundial.<\/p>\n<p>Segunda: Se habr\u00e1 de acelerar la construcci\u00f3n de 10 centros regionales para monitorear el clima, para as\u00ed contar con informaci\u00f3n m\u00e1s precisa y oportuna.<\/p>\n<p>Tercera: Se prev\u00e9 que en breve se presenten las acciones del Programa Nacional H\u00eddrico 2013-2018, que ya se han empezado a llevar a cabo. Con \u00e9l se fortalecer\u00e1 la gesti\u00f3n del agua, se aumentar\u00e1 la seguridad h\u00eddrica ante sequ\u00edas e inundaciones y se incrementar\u00e1 el acceso a servicios de agua potable, alcantarillado y saneamiento.<\/p>\n<p>Pe\u00f1a Nieto asegur\u00f3 que gracias al respaldo de la C\u00e1mara de Diputados y a los ingresos adicionales que permitir\u00e1 la reforma hacendaria, la Conagua tendr\u00e1 un presupuesto cercano a los 50 mil millones de pesos; es decir, pr\u00e1cticamente 8 mil 480 millones m\u00e1s que en 2013, un incremento real de 16.2 por ciento.<\/p>\n<p>Dentro de este presupuesto, a\u00f1adi\u00f3, \u201cse duplicaron los recursos para infraestructura de riego, con una inversi\u00f3n de casi 4 mil millones de pesos. Por su parte, el Programa de Inversi\u00f3n en Infraestructura Social y de Protecci\u00f3n Ambiental, contar\u00e1 con mil 300 millones de pesos; un incremento real de 127 por ciento respecto al a\u00f1o anterior\u201d.<\/p>\n<p>Indic\u00f3 que conscientes de la vulnerabilidad de distintos centros urbanos y la importancia de prevenir y mitigar desastres, en 2014 los proyectos de infraestructura para la protecci\u00f3n de centros de poblaci\u00f3n y \u00e1reas productivas, tendr\u00e1n m\u00e1s de 6 mil 650 millones de pesos; es decir, 173 por ciento m\u00e1s con respecto al a\u00f1o 2013.<\/p>\n<p>El primer mandatario dio a conocer que tan s\u00f3lo durante el presente a\u00f1o, se prev\u00e9 inaugurar 21 obras de elevado beneficio social incluyendo presas, acueductos, canales, plantas potabilizadoras, sistemas de agua potable, drenajes y plantas de tratamiento de agua residuales. \u201cCon esta infraestructura estaremos en mejores condiciones de atender fen\u00f3menos meteorol\u00f3gicos extremos, como los que afectaron al pa\u00eds el a\u00f1o pasado\u201d.<\/p>\n<p>\u201cCon una inversi\u00f3n total cercana a los 13 mil millones de pesos, estas obras beneficiar\u00e1n a los estados de Baja California, Baja California Sur, Campeche, Chiapas, Chihuahua, Guanajuato, Guerrero, Michoac\u00e1n, San Luis Potos\u00ed, Sinaloa, Tabasco y Zacatecas\u201d, precis\u00f3.<\/p>\n<p>Se\u00f1al\u00f3 que durante 2014 y 2015 la Conagua prev\u00e9 arrancar obras de gran calado como el Proyecto Monterrey 6, para incrementar\u00e1 la oferta de agua en esa Zona Metropolitana; nuevas fuentes de abastecimiento de agua potable para la ciudad de M\u00e9xico; la presa Santa Mar\u00eda, en Sinaloa, para ampliar el abasto de riego en ese estado; y la modernizaci\u00f3n de los sistemas de agua potable y drenaje de la ciudad de San Francisco, en Campeche.<\/p>\n<p>El titular del Ejecutivo federal agreg\u00f3 que para nuestro pa\u00eds la gesti\u00f3n y administraci\u00f3n del recurso h\u00eddrico sigue siendo un gran reto.<\/p>\n<p>Adem\u00e1s, continu\u00f3, \u201cel pa\u00eds siempre tiene que estar alerta, porque en cuanto termina la temporada de huracanes y ciclones, inician los frentes fr\u00edos\u201d.<\/p>\n<p>Expres\u00f3 su reconocimiento y felicitaci\u00f3n a los m\u00e1s de 13 mil servidores p\u00fablicos de la Conagua \u201cpor su importante contribuci\u00f3n y esfuerzo en favor de la gesti\u00f3n del recurso h\u00eddrico de nuestro pa\u00eds\u201d.<\/p>\n<p>En el acto, realizado en la explanada central del edificio de la Conagua, el presidente Pe\u00f1a Nieto entreg\u00f3 reconocimientos a cinco trabajadores con 25 a\u00f1os de servicio en esa dependencia. Adem\u00e1s, devel\u00f3 la placa de la escultura Manantial, y cancel\u00f3 el timbre postal del 25 aniversario de la Comisi\u00f3n Nacional del Agua.<b><\/b><\/p>\n<p>&nbsp;<\/p>\n","protected":false},"excerpt":{"rendered":"<p>Al encabezar la ceremonia conmemorativa del 25 aniversario de la Comisi\u00f3n Nacional del Agua (Conagua), el presidente de la Rep\u00fablica, Enrique Pe\u00f1a Nieto, afirm\u00f3 que a cinco lustros de su creaci\u00f3n \u201ces tiempo de fortalecer y ampliar sus capacidades\u201d, e inform\u00f3 una serie de acciones que la dependencia llevar\u00e1 a cabo durante esta administraci\u00f3n que le dar\u00e1n mayor fortaleza, la har\u00e1n m\u00e1s eficiente en su desempe\u00f1o, \u201cy lo m\u00e1s importante: traer\u00e1n beneficios reales a la vida cotidiana de las familias mexicanas en un tema que es de la mayor prioridad\u201d.<\/p>\n","protected":false},"author":3,"featured_media":159804,"comment_status":"open","ping_status":"open","sticky":false,"template":"","format":"standard","meta":{"_monsterinsights_skip_tracking":false,"_monsterinsights_sitenote_active":false,"_monsterinsights_sitenote_note":"","_monsterinsights_sitenote_category":0,"footnotes":""},"categories":[17,3],"tags":[18,43673],"class_list":["post-159762","post","type-post","status-publish","format-standard","has-post-thumbnail","hentry","category-especiales","category-nacional","tag-enrique-pena-nieto","tag-nacional"],"_links":{"self":[{"href":"https:\/\/www.diarioimagen.net\/index.php?rest_route=\/wp\/v2\/posts\/159762","targetHints":{"allow":["GET"]}}],"collection":[{"href":"https:\/\/www.diarioimagen.net\/index.php?rest_route=\/wp\/v2\/posts"}],"about":[{"href":"https:\/\/www.diarioimagen.net\/index.php?rest_route=\/wp\/v2\/types\/post"}],"author":[{"embeddable":true,"href":"https:\/\/www.diarioimagen.net\/index.php?rest_route=\/wp\/v2\/users\/3"}],"replies":[{"embeddable":true,"href":"https:\/\/www.diarioimagen.net\/index.php?rest_route=%2Fwp%2Fv2%2Fcomments&post=159762"}],"version-history":[{"count":0,"href":"https:\/\/www.diarioimagen.net\/index.php?rest_route=\/wp\/v2\/posts\/159762\/revisions"}],"wp:featuredmedia":[{"embeddable":true,"href":"https:\/\/www.diarioimagen.net\/index.php?rest_route=\/wp\/v2\/media\/159804"}],"wp:attachment":[{"href":"https:\/\/www.diarioimagen.net\/index.php?rest_route=%2Fwp%2Fv2%2Fmedia&parent=159762"}],"wp:term":[{"taxonomy":"category","embeddable":true,"href":"https:\/\/www.diarioimagen.net\/index.php?rest_route=%2Fwp%2Fv2%2Fcategories&post=159762"},{"taxonomy":"post_tag","embeddable":true,"href":"https:\/\/www.diarioimagen.net\/index.php?rest_route=%2Fwp%2Fv2%2Ftags&post=159762"}],"curies":[{"name":"wp","href":"https:\/\/api.w.org\/{rel}","templated":true}]}}