{"id":159853,"date":"2014-01-19T12:50:40","date_gmt":"2014-01-19T18:50:40","guid":{"rendered":"http:\/\/www.diarioimagen.net\/?p=159853"},"modified":"2014-01-20T03:00:32","modified_gmt":"2014-01-20T09:00:32","slug":"exhiben-excesos-de-templarios","status":"publish","type":"post","link":"https:\/\/www.diarioimagen.net\/?p=159853","title":{"rendered":"Exhiben excesos de &#8216;templarios&#8217;"},"content":{"rendered":"<ul>\n<li><em><strong>Grupos de &#8216;autodefensa&#8217; continuaron ayer la ocupaci\u00f3n de inmuebles atribuidos a &#8216;Los Caballeros Templarios&#8217; y mostraron varios objetos pertenecientes a Nazario Moreno Gonz\u00e1lez, &#8216;El Chayo&#8217;<\/strong><\/em><\/li>\n<\/ul>\n<div id=\"attachment_159855\" style=\"width: 250px\" class=\"wp-caption alignleft\"><img loading=\"lazy\" decoding=\"async\" aria-describedby=\"caption-attachment-159855\" class=\"size-medium wp-image-159855\" alt=\"La estatua, comenta &quot;Pap\u00e1 Pitufo&quot;, es una de tantas im\u00e1genes que Nazario Moreno se mand\u00f3 crear para llevar a cada una de las poblaciones en las que Los Caballeros Templarios cobraban derecho de piso: \u201cMuchas veces las cambiaban por las im\u00e1genes de la Virgen, y ante El Chayo Templario se oficiaban sus propios cultos\u201d.\" src=\"http:\/\/www.diarioimagen.net\/wp-content\/uploads\/2014\/01\/templario-PORTAL-240x135.jpg\" width=\"240\" height=\"135\" srcset=\"https:\/\/www.diarioimagen.net\/wp-content\/uploads\/2014\/01\/templario-PORTAL-240x135.jpg 240w, https:\/\/www.diarioimagen.net\/wp-content\/uploads\/2014\/01\/templario-PORTAL-420x236.jpg 420w, https:\/\/www.diarioimagen.net\/wp-content\/uploads\/2014\/01\/templario-PORTAL-235x132.jpg 235w, https:\/\/www.diarioimagen.net\/wp-content\/uploads\/2014\/01\/templario-PORTAL-202x114.jpg 202w, https:\/\/www.diarioimagen.net\/wp-content\/uploads\/2014\/01\/templario-PORTAL-350x196.jpg 350w, https:\/\/www.diarioimagen.net\/wp-content\/uploads\/2014\/01\/templario-PORTAL-220x123.jpg 220w, https:\/\/www.diarioimagen.net\/wp-content\/uploads\/2014\/01\/templario-PORTAL-237x132.jpg 237w, https:\/\/www.diarioimagen.net\/wp-content\/uploads\/2014\/01\/templario-PORTAL.jpg 480w\" sizes=\"auto, (max-width: 240px) 100vw, 240px\" \/><p id=\"caption-attachment-159855\" class=\"wp-caption-text\">La estatua, comenta \u00abPap\u00e1 Pitufo\u00bb, es una de tantas im\u00e1genes que Nazario Moreno se mand\u00f3 crear para llevar a cada una de las poblaciones en las que Los Caballeros Templarios cobraban derecho de piso: \u201cMuchas veces las cambiaban por las im\u00e1genes de la Virgen, y ante El Chayo Templario se oficiaban sus propios cultos\u201d.<\/p><\/div>\n<p>Grupos de autodefensa continuaron ayer la ocupaci\u00f3n de inmuebles atribuidos a \u00abLos Caballeros Templarios\u00bb y mostraron varios objetos pertenecientes a Nazario Moreno Gonz\u00e1lez, \u00abEl Chayo\u00bb, uno de los capos de ese grupo criminal a quien el gobierno federal dio por muerto desde 2010.<\/p>\n<p><span style=\"line-height: 1.5em;\">En otro inmueble, del capo conocido como El Tuc\u00e1n, fueron halladas caballerizas en las que hab\u00eda, seg\u00fan vecinos, animales valuados en miles de d\u00f3lares.<\/span><\/p>\n<p><span style=\"line-height: 1.5em;\">Entre las pertenencias mostraron una estatua con la que El Chayo se representaba en sus cultos, sotanas, libros escritos por ese personaje y un chaleco met\u00e1lico al estilo medieval.<\/span><\/p>\n<p><strong>\u00a0\u00abDecomisan\u201d un rancho a \u00abtemplarios\u00bb<\/strong><\/p>\n<p>Grupos de autodefensa de esta comunidad tomaron varios objetos de culto pertenecientes a Nazario Moreno Gonz\u00e1lez, El Chayo, principal terrateniente de Los Caballeros Templarios.<\/p>\n<p>Entre dichas pertenencias mostraron una estatua con la que el mismo l\u00edder se representaba en sus cultos, varias sotanas con la cruz de \u00abLos Templarios\u00bb al frente, un par de libros sobre este personaje, al que tambi\u00e9n se le conoce como \u00abEl m\u00e1s loco\u00bb, \u00abEl doctor\u00bb, \u00abErnesto\u00bb y \u00abVilla Zapata\u00bb. Tambi\u00e9n un chaleco de metal de estilo medieval y un uniforme competo de la Polic\u00eda Federal.<\/p>\n","protected":false},"excerpt":{"rendered":"<p>Grupos de autodefensa continuaron ayer la ocupaci\u00f3n de inmuebles atribuidos a \u00abLos Caballeros Templarios\u00bb y mostraron varios objetos pertenecientes a Nazario Moreno Gonz\u00e1lez, \u00abEl Chayo\u00bb, uno de los capos de ese grupo criminal a quien el gobierno federal dio por muerto desde 2010.<\/p>\n","protected":false},"author":5,"featured_media":159855,"comment_status":"open","ping_status":"open","sticky":false,"template":"","format":"standard","meta":{"_monsterinsights_skip_tracking":false,"_monsterinsights_sitenote_active":false,"_monsterinsights_sitenote_note":"","_monsterinsights_sitenote_category":0,"footnotes":""},"categories":[17,3],"tags":[9978,29906],"class_list":["post-159853","post","type-post","status-publish","format-standard","has-post-thumbnail","hentry","category-especiales","category-nacional","tag-el-chayo","tag-nazario-moreno-gonzalez"],"_links":{"self":[{"href":"https:\/\/www.diarioimagen.net\/index.php?rest_route=\/wp\/v2\/posts\/159853","targetHints":{"allow":["GET"]}}],"collection":[{"href":"https:\/\/www.diarioimagen.net\/index.php?rest_route=\/wp\/v2\/posts"}],"about":[{"href":"https:\/\/www.diarioimagen.net\/index.php?rest_route=\/wp\/v2\/types\/post"}],"author":[{"embeddable":true,"href":"https:\/\/www.diarioimagen.net\/index.php?rest_route=\/wp\/v2\/users\/5"}],"replies":[{"embeddable":true,"href":"https:\/\/www.diarioimagen.net\/index.php?rest_route=%2Fwp%2Fv2%2Fcomments&post=159853"}],"version-history":[{"count":0,"href":"https:\/\/www.diarioimagen.net\/index.php?rest_route=\/wp\/v2\/posts\/159853\/revisions"}],"wp:featuredmedia":[{"embeddable":true,"href":"https:\/\/www.diarioimagen.net\/index.php?rest_route=\/wp\/v2\/media\/159855"}],"wp:attachment":[{"href":"https:\/\/www.diarioimagen.net\/index.php?rest_route=%2Fwp%2Fv2%2Fmedia&parent=159853"}],"wp:term":[{"taxonomy":"category","embeddable":true,"href":"https:\/\/www.diarioimagen.net\/index.php?rest_route=%2Fwp%2Fv2%2Fcategories&post=159853"},{"taxonomy":"post_tag","embeddable":true,"href":"https:\/\/www.diarioimagen.net\/index.php?rest_route=%2Fwp%2Fv2%2Ftags&post=159853"}],"curies":[{"name":"wp","href":"https:\/\/api.w.org\/{rel}","templated":true}]}}