{"id":159860,"date":"2014-01-20T00:04:27","date_gmt":"2014-01-20T06:04:27","guid":{"rendered":"http:\/\/www.diarioimagen.net\/?p=159860"},"modified":"2014-01-21T03:56:49","modified_gmt":"2014-01-21T09:56:49","slug":"pf-asume-seguridad-en-todo-el-sur-de-michoacan","status":"publish","type":"post","link":"https:\/\/www.diarioimagen.net\/?p=159860","title":{"rendered":"PF asume seguridad en todo el sur de Michoac\u00e1n"},"content":{"rendered":"<ul>\n<li><em><strong>Vicario de Apatzing\u00e1n denuncia atentado en su contra, donde federales matan a cinco sicarios<\/strong><\/em><\/li>\n<\/ul>\n<div id=\"attachment_159861\" style=\"width: 250px\" class=\"wp-caption alignleft\"><img loading=\"lazy\" decoding=\"async\" aria-describedby=\"caption-attachment-159861\" class=\"size-medium wp-image-159861 \" alt=\"El sacerdote hab\u00eda recibido amenazas de muerte por sus denuncias contra Los Caballeros Templarios. Del ataque no revel\u00f3 el lugar y s\u00f3lo dijo que ocurri\u00f3 este s\u00e1bado. Tambi\u00e9n afirm\u00f3 que no va a solicitar seguridad personal. \" src=\"http:\/\/www.diarioimagen.net\/wp-content\/uploads\/2014\/01\/federal-portal-240x135.jpg\" width=\"240\" height=\"135\" srcset=\"https:\/\/www.diarioimagen.net\/wp-content\/uploads\/2014\/01\/federal-portal-240x135.jpg 240w, https:\/\/www.diarioimagen.net\/wp-content\/uploads\/2014\/01\/federal-portal-420x236.jpg 420w, https:\/\/www.diarioimagen.net\/wp-content\/uploads\/2014\/01\/federal-portal-235x132.jpg 235w, https:\/\/www.diarioimagen.net\/wp-content\/uploads\/2014\/01\/federal-portal-202x114.jpg 202w, https:\/\/www.diarioimagen.net\/wp-content\/uploads\/2014\/01\/federal-portal-350x196.jpg 350w, https:\/\/www.diarioimagen.net\/wp-content\/uploads\/2014\/01\/federal-portal-220x123.jpg 220w, https:\/\/www.diarioimagen.net\/wp-content\/uploads\/2014\/01\/federal-portal-237x132.jpg 237w, https:\/\/www.diarioimagen.net\/wp-content\/uploads\/2014\/01\/federal-portal.jpg 480w\" sizes=\"auto, (max-width: 240px) 100vw, 240px\" \/><p id=\"caption-attachment-159861\" class=\"wp-caption-text\">La Polic\u00eda Federal patrulla las calles de las principales poblaciones del sur de Michoac\u00e1n.<\/p><\/div>\n<p>Con el apoyo de efectivos del Ej\u00e9rcito, la Polic\u00eda Federal asumi\u00f3 la responsabilidad en la totalidad de los municipios de la regi\u00f3n sur de Michoac\u00e1n, inform\u00f3 la Secretar\u00eda de Gobernaci\u00f3n. Adem\u00e1s, la Sedena concluy\u00f3 la tarea de acopio de armamento correspondiente para su revisi\u00f3n y evaluaci\u00f3n.<\/p>\n<p>La dependencia indic\u00f3 que 393 polic\u00edas municipales de nueve ayuntamientos ser\u00edan trasladados para su evaluaci\u00f3n al Centro de Adiestramiento Regional de la Sexta Regi\u00f3n Militar en Tlaxcala. Los polic\u00edas trasladados pertenecen a los municipios de Huetamo, M\u00fagica, Aquila, Gabriel Zamora, Par\u00e1cuaro, Ario de Rosales, Coahuayana, Nuevo Urecho y Villa Victoria.<\/p>\n<p>Tambi\u00e9n report\u00f3 como satisfactorio el estado de salud de los tripulantes del helic\u00f3ptero que el viernes pasado se desplom\u00f3 en Michoac\u00e1n.<\/p>\n<p>En tanto, el vicario de Apatzing\u00e1n, Gregorio L\u00f3pez, asegur\u00f3 que cinco presuntos delincuentes fueron abatidos por elementos de la Polic\u00eda Federal que le rescataron de un atentado. \u201cAbatieron a cinco criminales que me iban siguiendo y (los federales) con un helic\u00f3ptero artillado abatieron a los cinco criminales\u201d, dijo.<\/p>\n<p>El sacerdote hab\u00eda recibido amenazas de muerte por sus denuncias contra <i>Los Caballeros Templarios<\/i>. Del ataque no revel\u00f3 el lugar y s\u00f3lo dijo que ocurri\u00f3 el s\u00e1bado. Tambi\u00e9n afirm\u00f3 que no va a solicitar seguridad personal.<\/p>\n<p>Por su parte, el coordinador de los senadores panistas, Jorge Luis Preciado, anunci\u00f3 que su bancada realizar\u00e1 su reuni\u00f3n plenaria en Morelia, para as\u00ed dar a conocer la situaci\u00f3n que viven los ciudadanos en esa entidad. Reconoci\u00f3 que le da temor la situaci\u00f3n que se vive all\u00e1, pero que buscar\u00e1n contar con todas las medidas de seguridad para realizar la plenaria los d\u00edas 29, 30 y 31 de enero.<\/p>\n<p>Apunt\u00f3 que pedir\u00e1n al comisionado Alfredo Castillo que asista para que explique si \u201cde facto\u201d ya se dio la desaparici\u00f3n de poderes en Michoac\u00e1n. Anunci\u00f3 que all\u00e1 dar\u00e1n a conocer su propuesta de modificaci\u00f3n al art\u00edculo 77 constitucional para que, ante la desaparici\u00f3n de poderes en una entidad, se permita la creaci\u00f3n de una Junta de Gobierno ante la imposibilidad de realizar elecciones extraordinarias para nombrar nuevo gobernador.<\/p>\n","protected":false},"excerpt":{"rendered":"<p>Con el apoyo de efectivos del Ej\u00e9rcito, la Polic\u00eda Federal asumi\u00f3 la responsabilidad en la totalidad de los municipios de la regi\u00f3n sur de Michoac\u00e1n, inform\u00f3 la Secretar\u00eda de Gobernaci\u00f3n. Adem\u00e1s, la Sedena concluy\u00f3 la tarea de acopio de armamento correspondiente para su revisi\u00f3n y evaluaci\u00f3n.<\/p>\n","protected":false},"author":5,"featured_media":159861,"comment_status":"open","ping_status":"open","sticky":false,"template":"","format":"standard","meta":{"_monsterinsights_skip_tracking":false,"_monsterinsights_sitenote_active":false,"_monsterinsights_sitenote_note":"","_monsterinsights_sitenote_category":0,"footnotes":""},"categories":[17,3],"tags":[27952,3573,803,43673,4516,1350,51],"class_list":["post-159860","post","type-post","status-publish","format-standard","has-post-thumbnail","hentry","category-especiales","category-nacional","tag-aquila","tag-ejercito-mexicano","tag-michoacan","tag-nacional","tag-pf","tag-policia-federal","tag-tlaxcala"],"_links":{"self":[{"href":"https:\/\/www.diarioimagen.net\/index.php?rest_route=\/wp\/v2\/posts\/159860","targetHints":{"allow":["GET"]}}],"collection":[{"href":"https:\/\/www.diarioimagen.net\/index.php?rest_route=\/wp\/v2\/posts"}],"about":[{"href":"https:\/\/www.diarioimagen.net\/index.php?rest_route=\/wp\/v2\/types\/post"}],"author":[{"embeddable":true,"href":"https:\/\/www.diarioimagen.net\/index.php?rest_route=\/wp\/v2\/users\/5"}],"replies":[{"embeddable":true,"href":"https:\/\/www.diarioimagen.net\/index.php?rest_route=%2Fwp%2Fv2%2Fcomments&post=159860"}],"version-history":[{"count":0,"href":"https:\/\/www.diarioimagen.net\/index.php?rest_route=\/wp\/v2\/posts\/159860\/revisions"}],"wp:featuredmedia":[{"embeddable":true,"href":"https:\/\/www.diarioimagen.net\/index.php?rest_route=\/wp\/v2\/media\/159861"}],"wp:attachment":[{"href":"https:\/\/www.diarioimagen.net\/index.php?rest_route=%2Fwp%2Fv2%2Fmedia&parent=159860"}],"wp:term":[{"taxonomy":"category","embeddable":true,"href":"https:\/\/www.diarioimagen.net\/index.php?rest_route=%2Fwp%2Fv2%2Fcategories&post=159860"},{"taxonomy":"post_tag","embeddable":true,"href":"https:\/\/www.diarioimagen.net\/index.php?rest_route=%2Fwp%2Fv2%2Ftags&post=159860"}],"curies":[{"name":"wp","href":"https:\/\/api.w.org\/{rel}","templated":true}]}}