{"id":159878,"date":"2014-01-20T00:03:09","date_gmt":"2014-01-20T06:03:09","guid":{"rendered":"http:\/\/www.diarioimagen.net\/?p=159878"},"modified":"2014-01-21T03:56:44","modified_gmt":"2014-01-21T09:56:44","slug":"la-conatrib-instalara-en-tiempo-la-reforma-penal","status":"publish","type":"post","link":"https:\/\/www.diarioimagen.net\/?p=159878","title":{"rendered":"La Conatrib instalar\u00e1 en tiempo la reforma penal"},"content":{"rendered":"<ul>\n<li><em><strong>Tribunales del pa\u00eds llaman a diputados a aprobar a la brevedad el C\u00f3digo Nacional de Procedimientos Penales<\/strong><\/em><\/li>\n<\/ul>\n<div id=\"attachment_17074\" style=\"width: 250px\" class=\"wp-caption alignleft\"><a href=\"http:\/\/www.diarioimagen.net\/wp-content\/uploads\/2010\/06\/elias-azar-1376.jpg\"><img loading=\"lazy\" decoding=\"async\" aria-describedby=\"caption-attachment-17074\" class=\"size-medium wp-image-17074 \" alt=\"Edgar El\u00edas Azar, presidente de la Comisi\u00f3n Nacional de Tribunales Superiores de Justicia de los Estados Unidos Mexicanos.\" src=\"http:\/\/www.diarioimagen.net\/wp-content\/uploads\/2010\/06\/elias-azar-1376-300x168.jpg\" width=\"240\" height=\"134\" \/><\/a><p id=\"caption-attachment-17074\" class=\"wp-caption-text\">Edgar El\u00edas Azar, presidente de la Comisi\u00f3n Nacional de Tribunales Superiores de Justicia de los Estados Unidos Mexicanos.<\/p><\/div>\n<p>La Comisi\u00f3n Nacional de Tribunales Superiores de Justicia de los Estados Unidos Mexicanos (Conatrib) asumi\u00f3 ayer el compromiso de garantizar la entrada en vigor, en tiempo y forma, de la reforma constitucional que establece el nuevo sistema de justicia penal en todas y cada una de las entidades, e hizo un llamado a la C\u00e1mara de Diputados para que se apruebe, a la brevedad, el C\u00f3digo Nacional de Procedimientos Penales.<\/p>\n<p>Durante la Primera Asamblea Plenaria Ordinaria de este a\u00f1o de la organizaci\u00f3n que re\u00fane a todos los tribunales del fuero com\u00fan del pa\u00eds, se acord\u00f3 por unanimidad reiterar la voluntad de cooperaci\u00f3n plena con los otros poderes y el foro de abogados, para que el mandato constitucional se cumpla sin sobresaltos.<\/p>\n<p>En los trabajos encabezados por el presidente de la Conatrib, magistrado Edgar El\u00edas Azar, se urgi\u00f3 a la aprobaci\u00f3n del C\u00f3digo Nacional de Procedimientos Penales en la C\u00e1mara de Diputados, a fin de que el tiempo restante para que venza el plazo de la implementaci\u00f3n de la reforma sea suficiente y se logre una transici\u00f3n ordenada y eficaz.<\/p>\n<p>La asamblea reconoci\u00f3 que la sociedad hoy est\u00e1 m\u00e1s informada de sus derechos, y, por ende, demanda en mayor medida de los servicios de impartici\u00f3n de justicia que realizan los \u00f3rganos jurisdiccionales. Asimismo, enfatiz\u00f3 que la reforma constitucional en materia penal es la respuesta del Estado a las necesidades apremiantes en la materia.<\/p>\n<p>Los representantes de los tribunales, adem\u00e1s, reconocieron la labor de las autoridades federales y locales, lo que ha hecho posible los avances en la difusi\u00f3n y sensibilizaci\u00f3n respecto de la reforma.<\/p>\n<p>En la asamblea plenaria ordinaria, por otra parte, la Conatrib acord\u00f3 elaborar e impulsar una iniciativa de reforma constitucional que garantice la autonom\u00eda financiera de los tribunales del fuero com\u00fan, as\u00ed como otra con la que se fortalezcan las decisiones de los \u00f3rganos de vigilancia de los mismos.<\/p>\n<p>En el tema de derechos humanos, la organizaci\u00f3n se comprometi\u00f3 a la implementaci\u00f3n de la reforma constitucional en la materia, as\u00ed como al desarrollo de un sistema de informaci\u00f3n sobre la protecci\u00f3n judicial de los mismos.<\/p>\n<p>Adem\u00e1s de aprobarse por unanimidad el programa de trabajo 2014-2015 de la Conatrib, se acord\u00f3 impulsar la implementaci\u00f3n de la licenciatura en ciencia forense a nivel nacional, pugnar por la creaci\u00f3n de una red nacional de jueces de proceso oral civil y mercantil, promover los medios alternos de soluci\u00f3n de conflictos en cada una de las entidades y emprender pol\u00edticas p\u00fablicas que redunden en la dignificaci\u00f3n de la funci\u00f3n judicial.<\/p>\n","protected":false},"excerpt":{"rendered":"<p>La Comisi\u00f3n Nacional de Tribunales Superiores de Justicia de los Estados Unidos Mexicanos (Conatrib) asumi\u00f3 ayer el compromiso de garantizar la entrada en vigor, en tiempo y forma, de la reforma constitucional que establece el nuevo sistema de justicia penal en todas y cada una de las entidades, e hizo un llamado a la C\u00e1mara de Diputados para que se apruebe, a la brevedad, el C\u00f3digo Nacional de Procedimientos Penales.<\/p>\n","protected":false},"author":5,"featured_media":0,"comment_status":"open","ping_status":"open","sticky":false,"template":"","format":"standard","meta":{"_monsterinsights_skip_tracking":false,"_monsterinsights_sitenote_active":false,"_monsterinsights_sitenote_note":"","_monsterinsights_sitenote_category":0,"footnotes":""},"categories":[17,6],"tags":[1925,15677],"class_list":["post-159878","post","type-post","status-publish","format-standard","hentry","category-especiales","category-cd-de-mexico","tag-edgar-elias-azar","tag-reforma-penal"],"_links":{"self":[{"href":"https:\/\/www.diarioimagen.net\/index.php?rest_route=\/wp\/v2\/posts\/159878","targetHints":{"allow":["GET"]}}],"collection":[{"href":"https:\/\/www.diarioimagen.net\/index.php?rest_route=\/wp\/v2\/posts"}],"about":[{"href":"https:\/\/www.diarioimagen.net\/index.php?rest_route=\/wp\/v2\/types\/post"}],"author":[{"embeddable":true,"href":"https:\/\/www.diarioimagen.net\/index.php?rest_route=\/wp\/v2\/users\/5"}],"replies":[{"embeddable":true,"href":"https:\/\/www.diarioimagen.net\/index.php?rest_route=%2Fwp%2Fv2%2Fcomments&post=159878"}],"version-history":[{"count":0,"href":"https:\/\/www.diarioimagen.net\/index.php?rest_route=\/wp\/v2\/posts\/159878\/revisions"}],"wp:attachment":[{"href":"https:\/\/www.diarioimagen.net\/index.php?rest_route=%2Fwp%2Fv2%2Fmedia&parent=159878"}],"wp:term":[{"taxonomy":"category","embeddable":true,"href":"https:\/\/www.diarioimagen.net\/index.php?rest_route=%2Fwp%2Fv2%2Fcategories&post=159878"},{"taxonomy":"post_tag","embeddable":true,"href":"https:\/\/www.diarioimagen.net\/index.php?rest_route=%2Fwp%2Fv2%2Ftags&post=159878"}],"curies":[{"name":"wp","href":"https:\/\/api.w.org\/{rel}","templated":true}]}}