{"id":159898,"date":"2014-01-20T00:06:35","date_gmt":"2014-01-20T06:06:35","guid":{"rendered":"http:\/\/www.diarioimagen.net\/?p=159898"},"modified":"2014-01-21T01:14:25","modified_gmt":"2014-01-21T07:14:25","slug":"sic-gloria-transit","status":"publish","type":"post","link":"https:\/\/www.diarioimagen.net\/?p=159898","title":{"rendered":"<i>Sic gloria transit<\/i>&#8230;"},"content":{"rendered":"<h2>\u00cdndice pol\u00edtico<\/h2>\n<h5>Francisco Rodr\u00edguez<\/h5>\n<p><span><br \/>\nEl arzobispo Antonio Chedraoui est\u00e1 de capa ca\u00edda. El tradicional festejo anual por su cumplea\u00f1os, el pasado viernes 17 de enero, result\u00f3 deslucido. Cierto, s\u00ed, que hubo 3 mil comensales. Cierto, s\u00ed, que por ah\u00ed desfilaron empresarios, pol\u00edticos, periodistas. Pero no los m\u00e1s importantes. Ya no asisti\u00f3, como sol\u00eda hacerlo, Enrique Pe\u00f1a Nieto. Tampoco Carlos Slim. El representante presidencial fue Guerra Abud.<\/span><\/p>\n<p>Ya ni las revistas llamadas del coraz\u00f3n le dedicaron sus principales espacios en sus versiones electr\u00f3nicas. Una de ellas lo brind\u00f3 al cumplea\u00f1os de los trillizos de In\u00e9s G\u00f3mez Mont. La otra, a difundir un rumor sobre un posible embarazo de la actriz Anah\u00ed, quien aparece al lado del tambi\u00e9n presunto responsable: el gobernador chiapaneco.<\/p>\n<p>Saydena debe estar triste. Uno de los juniors de Slim no es Slim el de a de veras. Guerra Abud fu el representante del Presidente.<\/p>\n<p>Muy diferente lo sucedido este fin de semana, a lo acontecido hace dos a\u00f1os. Se lo coment\u00e9 aqu\u00ed. Y le dec\u00eda entonces que \u201cno le conozco un solo serm\u00f3n. Ni una sola obra p\u00eda. Ni tampoco muchos feligreses. Pero es un obispo harto taquillero entre la clase pol\u00edtica. Un facilitador, m\u00e1s que un religioso. Enlace entre los hombres del poder y los hombres del dinero. Por eso lo buscan. Lo hacen grande. Lo festejan.<\/p>\n<p>\u201cSus cumplea\u00f1os son verdaderos hitos de las p\u00e1ginas y revistas \u2018de sociales\u2019. Por ah\u00ed, invariablemente, Carlos Slim, el verdadero patriarca de la comunidad libanesa. Y los gobernadores. Y miembros del gabinete. Pol\u00edticos y empresarios de toda ralea.<\/p>\n<p>\u201cEl de este martes 17 de enero (de 2012) no fue muy diferente a otros \u00e1gapes previos. Si acaso, con menos figuras pol\u00edticas. Por ejemplo, no anduvo por ah\u00ed ninguno de los presidenciables.<\/p>\n<p>\u201cMisa, primero; comida, despu\u00e9s. Como tres mil invitados y como 22 mil guaruras. La mayor\u00eda, de los pol\u00edticos. S\u00ed, de quienes se comprometen a cada rato -aunque sea nada m\u00e1s en los discursos\u2014 a combatir la inseguridad.<\/p>\n<p>\u201cAutos de lujo y una veintena de helic\u00f3pteros..<\/p>\n<p>\u201cY entre tanta y tanta cordialidad, apretones de mano y abrazos con estent\u00f3reas palmadas en la espalda, hubo pleitos para ocupar lugar en el pres\u00eddium. A grado tal que el homenajeado tuvo que llamar la atenci\u00f3n a los \u2018colados\u2019, pues le quitaron su lugar -\u00bfpremonici\u00f3n?- a Beatriz Paredes Rangel.<\/p>\n<p>\u201c\u00bfQui\u00e9n ser\u00eda? \u00bfEl actor G\u00fcicho Dom\u00ednguez? \u00bfEl fajador La Chiquita Gonz\u00e1lez? \u00bfCu\u00e1l de los dos arribistas?<\/p>\n<p align=\"center\"><b>ECUMENISMO ECON\u00d3MICO<\/b><\/p>\n<p>\u201cQuienes no perdieron su asiento de privilegio fueron Norberto Rivera, On\u00e9simo Cepeda, Vicente Fox y Marta Sahag\u00fan, Ivonne Ortega, Carlos Peralta, Juan Francisco Ealy, ni Eruviel \u00c1vila.<\/p>\n<p>\u201cTodos ellos se dieron cuenta de que el arzobispo de la ciudad de M\u00e9xico no salud\u00f3, ni siquiera volte\u00f3 a ver \u2014\u00a1se acab\u00f3 el amor!\u2014 a la mal llamada ex pareja presidencial.<\/p>\n<p>\u201cOtros gobernadores: el de Hidalgo, a quien el presentador llam\u00f3 \u201celecto\u201d.<\/p>\n<p>\u201cY una pl\u00e9yade de empresarios, de origen liban\u00e9s en su mayor\u00eda, a quien el obispo ha llenado de bendiciones, merced a sus contactos entre los administradores p\u00fablicos.<\/p>\n<p>\u201cDe tantos favores cruzados, estoy cierto, todos los asistentes, por \u2018buenas gentes\u2019 (sic)\u2019 se van a ir derechito al cielo. La asignaci\u00f3n de mesas cont\u00f3 a la hora de la hora.<\/p>\n<p>En primera l\u00ednea, Mar\u00eda de los \u00c1ngeles Moreno. Y Ra\u00fal Salinas de Gortari con novia nueva, joven y guapa, a grado tal que, retador, parec\u00eda entonar mentalmente aquella cl\u00e1sica de Jos\u00e9 Alfredo: \u201cpero voy a sacar juventud, \u00a1\u00a1\u00a1de mi carteeeera!!!<\/p>\n<p>\u201cAtrasito m\u00e1s empresarios \u2014los que se sabe poseen cuentas bancarias menos abultadas; tal vez hasta en cartera vencida\u2014, comunidad libanesa, el ex procurador Mancera, diputados \u2014la mayor\u00eda pri\u00edstas, como Omar Fayad\u2014, el pre-candidato verde, verde, verd\u00edsimo a la gubernatura de Chiapas, la ex subprocuradora Fromow&#8230;<\/p>\n<p>\u201cEn la tercera y cuarta fila m\u00e1s miembros de la comunidad libanesa. La local, del DF. Pero tambi\u00e9n la que se descolg\u00f3 desde Campeche, Puebla y Yucat\u00e1n. Y de ah\u00ed hasta la \u00faltima fila, empresarios de medio pelo, estirando el cuello, buscando la mirada del obispo que tiene apellido de supermercado, pero que ni por \u201cel buen fin\u201d pone en oferta sus servicios de intermediaci\u00f3n, lobbyst o \u2018coyote\u2019.<\/p>\n<p>\u201cNueva en estas lides, la controvertida Isabel Miranda de Wallace lleg\u00f3 a la misa como a la 13:30 horas. Demasiado temprano. Lo regular es llegar tarde, para ver y dejarse ver. Y fue nombrada en el discurso del obispo sin que consiguiera arrancar muchos aplausos de los ah\u00ed presentes.<\/p>\n<p>\u201cRueda de la fortuna. A la mesa 265 de las 300 habilitadas para que los asistentes degustaran el men\u00fa \u2014 botana libanesa, jabal\u00ed a las brasas, shawarma, carnero estilo pastor, borrego y pollo relleno y dulces \u00e1rabes\u2014estaba sentado \u00d3scar Espinosa Villarreal. Muy pocos se dieron cuenta de que por ah\u00ed andaba. Hace 20 a\u00f1os hubiese estado en el pres\u00eddium.<\/p>\n<p>\u201cY ante los dedos de novia -el postre, pues\u2014, habl\u00f3 el obispo festejado. Y Eruviel. Y ya para rematar se acordaron que el anfitri\u00f3n, ah\u00ed en Huixquilucan, era Alfredito del Mazo III al que nombraron, ya que casi todos se iban, como para que no se sintiera.<\/p>\n<p>\u201cHubo por ah\u00ed quien se tom\u00f3 una foto con Fox. \u2018S\u00ed \u2014acept\u00f3 el esposo de Martita\u2014, pero rapidito porque se me va el avi\u00f3n\u2019.<\/p>\n<p>\u201cY s\u00ed. Muy frecuentemente se le va el avi\u00f3n.<\/p>\n<p>\u201cPor eso en la gr\u00e1fica todos quienes les rodean aparecen soltando la carcajada.<\/p>\n<p>\u201cAunque el festejo no es cosa de risa. S\u00ed de muchos pesos, euros, d\u00f3lares, contratos, firmas, promesas, apoyos&#8230;<\/p>\n<p>\u201cLo com\u00fan, pues, en el supermarket de la grilla.\u201d<\/p>\n<p>Pero ya no. Ya no fueron al festejo las principales figuras de la pol\u00edtica y el dinero.<\/p>\n<p>Sic gloria transit mundi.<\/p>\n<p><b><i>\u00cdndice Flam\u00edgero:<\/i><\/b> Invitado permanente a esos festejos, el promotor box\u00edstico Jos\u00e9 Sulaim\u00e1n ya no lleg\u00f3 a la cita con Chedraoui en Bosque Real, el inconcluso fraccionamiento al poniente del DF que parece nunca va a ser totalmente habitado. Un d\u00eda antes rindi\u00f3 cuentas al Creador. Descanse en paz. Un abrazo a su familia.<\/p>\n<p><em><a href=\"http:\/\/www.indicepolitico.com\/\" target=\"_blank\"><em>www.indicepolitico.com<\/em><\/a><br \/>\n<\/em><em><a href=\"mailto:pacorodriguez@journalist.com\" target=\"_blank\">pacorodriguez@journalist.com<\/a><\/em><\/p>\n","protected":false},"excerpt":{"rendered":"<p><span style=\"color: #005497;\"><strong>Francisco Rodr\u00edguez<\/strong><\/span><\/p>\n","protected":false},"author":3,"featured_media":0,"comment_status":"open","ping_status":"open","sticky":false,"template":"","format":"standard","meta":{"_monsterinsights_skip_tracking":false,"_monsterinsights_sitenote_active":false,"_monsterinsights_sitenote_note":"","_monsterinsights_sitenote_category":0,"footnotes":""},"categories":[549],"tags":[2903,974,43689,550,43674],"class_list":["post-159898","post","type-post","status-publish","format-standard","hentry","category-francisco-rodriguez","tag-anahi","tag-carlos-slim-helu","tag-francisco-rodriguez","tag-indice-politico","tag-opinion"],"_links":{"self":[{"href":"https:\/\/www.diarioimagen.net\/index.php?rest_route=\/wp\/v2\/posts\/159898","targetHints":{"allow":["GET"]}}],"collection":[{"href":"https:\/\/www.diarioimagen.net\/index.php?rest_route=\/wp\/v2\/posts"}],"about":[{"href":"https:\/\/www.diarioimagen.net\/index.php?rest_route=\/wp\/v2\/types\/post"}],"author":[{"embeddable":true,"href":"https:\/\/www.diarioimagen.net\/index.php?rest_route=\/wp\/v2\/users\/3"}],"replies":[{"embeddable":true,"href":"https:\/\/www.diarioimagen.net\/index.php?rest_route=%2Fwp%2Fv2%2Fcomments&post=159898"}],"version-history":[{"count":0,"href":"https:\/\/www.diarioimagen.net\/index.php?rest_route=\/wp\/v2\/posts\/159898\/revisions"}],"wp:attachment":[{"href":"https:\/\/www.diarioimagen.net\/index.php?rest_route=%2Fwp%2Fv2%2Fmedia&parent=159898"}],"wp:term":[{"taxonomy":"category","embeddable":true,"href":"https:\/\/www.diarioimagen.net\/index.php?rest_route=%2Fwp%2Fv2%2Fcategories&post=159898"},{"taxonomy":"post_tag","embeddable":true,"href":"https:\/\/www.diarioimagen.net\/index.php?rest_route=%2Fwp%2Fv2%2Ftags&post=159898"}],"curies":[{"name":"wp","href":"https:\/\/api.w.org\/{rel}","templated":true}]}}