{"id":159959,"date":"2014-01-20T00:05:55","date_gmt":"2014-01-20T06:05:55","guid":{"rendered":"http:\/\/www.diarioimagen.net\/?p=159959"},"modified":"2014-01-21T03:56:53","modified_gmt":"2014-01-21T09:56:53","slug":"inflacion-de-0-69-a-la-mitad-de-enero","status":"publish","type":"post","link":"https:\/\/www.diarioimagen.net\/?p=159959","title":{"rendered":"Inflaci\u00f3n de 0.69% a la mitad de enero"},"content":{"rendered":"<ul>\n<li><strong><em>Grupos financieros<\/em><\/strong><\/li>\n<\/ul>\n<div id=\"attachment_159979\" style=\"width: 250px\" class=\"wp-caption alignleft\"><a href=\"http:\/\/www.diarioimagen.net\/wp-content\/uploads\/2014\/01\/inflacion-2274.jpg\"><img loading=\"lazy\" decoding=\"async\" aria-describedby=\"caption-attachment-159979\" class=\"size-medium wp-image-159979\" alt=\"Con la inflaci\u00f3n prevista para la primera quincena de enero de este a\u00f1o (0.69 por ciento), la tasa general anual repuntar\u00eda a 4.64 por ciento.\" src=\"http:\/\/www.diarioimagen.net\/wp-content\/uploads\/2014\/01\/inflacion-2274-240x135.jpg\" width=\"240\" height=\"135\" srcset=\"https:\/\/www.diarioimagen.net\/wp-content\/uploads\/2014\/01\/inflacion-2274-240x135.jpg 240w, https:\/\/www.diarioimagen.net\/wp-content\/uploads\/2014\/01\/inflacion-2274-420x236.jpg 420w, https:\/\/www.diarioimagen.net\/wp-content\/uploads\/2014\/01\/inflacion-2274-235x132.jpg 235w, https:\/\/www.diarioimagen.net\/wp-content\/uploads\/2014\/01\/inflacion-2274-202x114.jpg 202w, https:\/\/www.diarioimagen.net\/wp-content\/uploads\/2014\/01\/inflacion-2274-350x196.jpg 350w, https:\/\/www.diarioimagen.net\/wp-content\/uploads\/2014\/01\/inflacion-2274-220x123.jpg 220w, https:\/\/www.diarioimagen.net\/wp-content\/uploads\/2014\/01\/inflacion-2274-237x132.jpg 237w, https:\/\/www.diarioimagen.net\/wp-content\/uploads\/2014\/01\/inflacion-2274.jpg 480w\" sizes=\"auto, (max-width: 240px) 100vw, 240px\" \/><\/a><p id=\"caption-attachment-159979\" class=\"wp-caption-text\">Con la inflaci\u00f3n prevista para la primera quincena de enero de este a\u00f1o (0.69 por ciento), la tasa general anual repuntar\u00eda a 4.64 por ciento.<\/p><\/div>\n<p>Los primeros efectos de la reforma hacendaria se reflejar\u00e1n en la inflaci\u00f3n de la primera quincena de enero, la cual se estima ser\u00e1 de 0.69 por ciento y elevar\u00e1 la inflaci\u00f3n general a 4.64 por ciento, de acuerdo con grupos financieros.<\/p>\n<p>Anticiparon que entre los impuestos que impactar\u00e1n los precios al consumidor en la primera mitad de este mes destacan la homologaci\u00f3n del IVA en las fronteras de 11 a 16 por ciento, el impuesto especial a bebidas azucaradas y a la llamada comida \u201cchatarra\u201d, as\u00ed como los ajustes a los precios de las gasolinas y el diesel, entre otros.<\/p>\n<p>En sendos an\u00e1lisis, las instituciones financieras precisaron que los impactos de los impuestos aprobados por el Congreso estar\u00edan en parte compensados por el efecto de baja en los precios de algunos productos agr\u00edcolas, como el jitomate.<\/p>\n<p>As\u00ed, con la inflaci\u00f3n prevista para la primera quincena de enero de este a\u00f1o (0.69 por ciento), la tasa general anual repuntar\u00eda a 4.64 por ciento, desde 4.09 por ciento en la segunda quincena de diciembre y respecto a la de 3.97 por ciento al cierre de 2013.<\/p>\n<p>Respecto al dato de la primera quincena de enero, a conocerse el pr\u00f3ximo jueves, Banamex pronostica un inflaci\u00f3n de 0.48 por ciento, con lo que la tasa anual se situar\u00eda en 4.09 por ciento, por arriba del 4.09 por ciento reportado para la segunda quincena de diciembre.<\/p>\n<p>Refiere que a partir de enero entraron en vigor nuevos impuestos aprobados en la Ley de Ingresos 2014, lo cual implica incrementos en los precios de las bebidas azucaradas, de energ\u00e9ticos, y en general en precios en la frontera norte con la homologaci\u00f3n del IVA de 11 a 16 por ciento.<\/p>\n<p>BBVA Bancomer estima una inflaci\u00f3n quincenal de 0.55 por ciento y una tasa anual de 4.5 por ciento, contra cerca de 4.0 por ciento en diciembre del a\u00f1o pasado, lo que refleja el impacto sobre los precios de la reforma fiscal.<\/p>\n<p>En su opini\u00f3n, el sesgo alcista del impacto de los cambios impositivos podr\u00eda compensarse con una ligera deflaci\u00f3n de los precios agr\u00edcolas, ya que se anticipa una ca\u00edda en estos productos durante la primera quincena del mes.<\/p>\n<p>Santander calcula que durante la primera mitad de enero los precios al consumidor registraron un incremento de 0.72 por ciento, que llevar\u00eda a la tasa anual al nivel de 4.68 por ciento desde 4.09 por ciento en la segunda quincena de diciembre pasado.<\/p>\n<p>Considera que en los primeros 15 d\u00edas de enero se registraron buena parte de los efectos de los cambios en los impuestos aprobados por el Congreso el a\u00f1o pasado.<\/p>\n<p>La instituci\u00f3n financiera argumenta que estos impactos estar\u00edan parcialmente compensados por el efecto de baja en los precios de algunos productos agr\u00edcolas como el jitomate.<\/p>\n<p>Banorte estima un incremento de 0.73 por ciento quincenal en la primera mitad de enero, y con ello la inflaci\u00f3n anual se ubicar\u00e1 en 4.68 por ciento anual desde 3.97 por ciento al cierre de 2013.<\/p>\n<p>Coincide en que la inflaci\u00f3n durante este per\u00edodo empezar\u00e1 a resentir los efectos de la entrada en vigor de los cambios fiscales, que afectaron particularmente a las mercanc\u00edas, as\u00ed como a los precios de las gasolinas.<\/p>\n","protected":false},"excerpt":{"rendered":"<p>Los primeros efectos de la reforma hacendaria se reflejar\u00e1n en la inflaci\u00f3n de la primera quincena de enero, la cual se estima ser\u00e1 de 0.69 por ciento y elevar\u00e1 la inflaci\u00f3n general a 4.64 por ciento, de acuerdo con grupos financieros.<\/p>\n","protected":false},"author":3,"featured_media":159979,"comment_status":"open","ping_status":"open","sticky":false,"template":"","format":"standard","meta":{"_monsterinsights_skip_tracking":false,"_monsterinsights_sitenote_active":false,"_monsterinsights_sitenote_note":"","_monsterinsights_sitenote_category":0,"footnotes":""},"categories":[17,3],"tags":[199,198,932,103,43673],"class_list":["post-159959","post","type-post","status-publish","format-standard","has-post-thumbnail","hentry","category-especiales","category-nacional","tag-diesel","tag-gasolina","tag-inflacion","tag-iva","tag-nacional"],"_links":{"self":[{"href":"https:\/\/www.diarioimagen.net\/index.php?rest_route=\/wp\/v2\/posts\/159959","targetHints":{"allow":["GET"]}}],"collection":[{"href":"https:\/\/www.diarioimagen.net\/index.php?rest_route=\/wp\/v2\/posts"}],"about":[{"href":"https:\/\/www.diarioimagen.net\/index.php?rest_route=\/wp\/v2\/types\/post"}],"author":[{"embeddable":true,"href":"https:\/\/www.diarioimagen.net\/index.php?rest_route=\/wp\/v2\/users\/3"}],"replies":[{"embeddable":true,"href":"https:\/\/www.diarioimagen.net\/index.php?rest_route=%2Fwp%2Fv2%2Fcomments&post=159959"}],"version-history":[{"count":0,"href":"https:\/\/www.diarioimagen.net\/index.php?rest_route=\/wp\/v2\/posts\/159959\/revisions"}],"wp:featuredmedia":[{"embeddable":true,"href":"https:\/\/www.diarioimagen.net\/index.php?rest_route=\/wp\/v2\/media\/159979"}],"wp:attachment":[{"href":"https:\/\/www.diarioimagen.net\/index.php?rest_route=%2Fwp%2Fv2%2Fmedia&parent=159959"}],"wp:term":[{"taxonomy":"category","embeddable":true,"href":"https:\/\/www.diarioimagen.net\/index.php?rest_route=%2Fwp%2Fv2%2Fcategories&post=159959"},{"taxonomy":"post_tag","embeddable":true,"href":"https:\/\/www.diarioimagen.net\/index.php?rest_route=%2Fwp%2Fv2%2Ftags&post=159959"}],"curies":[{"name":"wp","href":"https:\/\/api.w.org\/{rel}","templated":true}]}}