{"id":160025,"date":"2014-01-21T00:07:15","date_gmt":"2014-01-21T06:07:15","guid":{"rendered":"http:\/\/www.diarioimagen.net\/?p=160025"},"modified":"2014-01-22T02:43:35","modified_gmt":"2014-01-22T08:43:35","slug":"ola-de-ataques-a-tiendas-oxxo-en-hidalgo-y-edomex","status":"publish","type":"post","link":"https:\/\/www.diarioimagen.net\/?p=160025","title":{"rendered":"Roban e incendian tiendas Oxxo en las entidades de M\u00e9xico e Hidalgo"},"content":{"rendered":"<ul>\n<li><strong><em>Autoridades judiciales lo atribuyen a delincuencia organizada proveniente de Michoac\u00e1n y Edomex<\/em><\/strong><\/li>\n<\/ul>\n<h6>Jos\u00e9 Luis Monta\u00f1ez<\/h6>\n<div id=\"attachment_160134\" style=\"width: 250px\" class=\"wp-caption alignleft\"><a href=\"http:\/\/www.diarioimagen.net\/wp-content\/uploads\/2014\/01\/oxxo-2275.jpg\"><img loading=\"lazy\" decoding=\"async\" aria-describedby=\"caption-attachment-160134\" class=\"size-medium wp-image-160134\" alt=\"En Tula esta tienda, aparte de ser asaltada, fue incendiada, sin que se tuviera idea de qui\u00e9nes son los delincuentes.\" src=\"http:\/\/www.diarioimagen.net\/wp-content\/uploads\/2014\/01\/oxxo-2275-240x135.jpg\" width=\"240\" height=\"135\" srcset=\"https:\/\/www.diarioimagen.net\/wp-content\/uploads\/2014\/01\/oxxo-2275-240x135.jpg 240w, https:\/\/www.diarioimagen.net\/wp-content\/uploads\/2014\/01\/oxxo-2275-420x236.jpg 420w, https:\/\/www.diarioimagen.net\/wp-content\/uploads\/2014\/01\/oxxo-2275-235x132.jpg 235w, https:\/\/www.diarioimagen.net\/wp-content\/uploads\/2014\/01\/oxxo-2275-202x114.jpg 202w, https:\/\/www.diarioimagen.net\/wp-content\/uploads\/2014\/01\/oxxo-2275-350x196.jpg 350w, https:\/\/www.diarioimagen.net\/wp-content\/uploads\/2014\/01\/oxxo-2275-220x123.jpg 220w, https:\/\/www.diarioimagen.net\/wp-content\/uploads\/2014\/01\/oxxo-2275-237x132.jpg 237w, https:\/\/www.diarioimagen.net\/wp-content\/uploads\/2014\/01\/oxxo-2275.jpg 480w\" sizes=\"auto, (max-width: 240px) 100vw, 240px\" \/><\/a><p id=\"caption-attachment-160134\" class=\"wp-caption-text\">En Tula esta tienda, aparte de ser asaltada, fue incendiada, sin que se tuviera idea de qui\u00e9nes son los delincuentes.<\/p><\/div>\n<p>Grupos de sujetos con armas de alto poder y a bordo de veh\u00edculos atacaron de manera simult\u00e1nea con bombas <i>Molotov<\/i> siete tiendas de autoservicio Oxxo en los estados de M\u00e9xico e Hidalgo durante la noche del domingo para lunes.<\/p>\n<p>El incendio y robo de cuatro establecimientos en Hidalgo ocurri\u00f3 en los municipios de Tula de Allende, Tepeapulco, Tizayuca y Pachuca, por lo que la polic\u00eda estatal realiz\u00f3 un despliegue de efectivos para localizar a los responsables.<\/p>\n<p>De manera simult\u00e1neamente, la polic\u00eda estatal report\u00f3 ataques a las tiendas Oxxo ubicadas en Avenida Universidad esquina con bulevar Luis Donaldo Colosio en Pachuca; en un fraccionamiento de Tizayuca, y en la localidad de Los \u00c1ngeles en los l\u00edmites con el municipio de Tolcayuca.<\/p>\n<p>Por su parte, el vocero de Seguridad del Estado de M\u00e9xico, Indalecio R\u00edos Vel\u00e1zquez, confirm\u00f3 que ante la Procuradur\u00eda General de Justicia del Estado de M\u00e9xico (PGJEM) s\u00f3lo se present\u00f3 una denuncia relacionada con los hechos delictivos ocurridos en tiendas Oxxo, en la colonia Los Reyes Tec\u00e1mac, en los l\u00edmites con el estado de Hidalgo. Indic\u00f3 que en esa entidad, hasta el momento, no se ha levantado denuncia por el asalto e incendio del mostrador de otra tienda de la misma franquicia en la zona de Los \u00c1ngeles, en los l\u00edmites entre esta entidad e Hidalgo.<\/p>\n<p>A su vez, el secretario de Seguridad P\u00fablica de Hidalgo, Alfredo Ahedo Mayorga, se\u00f1al\u00f3 que los ataques a tiendas Oxxo podr\u00edan atribuirse a grupos de la delincuencia organizada provenientes de Michoac\u00e1n y el Estado de M\u00e9xico, por lo que dijo se reforz\u00f3 el operativo en la regi\u00f3n de Tula-Tepeji.<\/p>\n<p>De acuerdo con informaci\u00f3n de la Secretar\u00eda de Seguridad P\u00fablica y Tr\u00e1nsito, en Tula de Allende, cuatro personas incendiaron la mercanc\u00eda para posteriormente darse a la fuga en un veh\u00edculo tipo sedan color rojo por la autopista Arco Norte con direcci\u00f3n a la M\u00e9xico-Pachuca.<\/p>\n<p>Las autoridades de Hidalgo reportaron dos lesionados: Monserrat Michaus Alamilla, de 21 a\u00f1os de edad, as\u00ed como Brandon Antonio Guzm\u00e1n Reyes, de 21 a\u00f1os de edad, el cual presenta quemaduras en la mano. La polic\u00eda comenz\u00f3 la busqueda de dos carros que fueron usados por los presuntos delincuentes para huir: un Mazda azul y un Jetta rojo (o vino), cada unidad con cuatro personas a bordo.<b> <\/b><\/p>\n","protected":false},"excerpt":{"rendered":"<p><span style=\"color: #005497;\"><strong>Jos\u00e9 Luis Monta\u00f1ez<\/strong><\/span><br \/>\n<br \/>\nGrupos de sujetos con armas de alto poder y a bordo de veh\u00edculos atacaron de manera simult\u00e1nea con bombas Molotov siete tiendas de autoservicio Oxxo en los estados de M\u00e9xico e Hidalgo durante la noche del domingo para lunes.<\/p>\n","protected":false},"author":5,"featured_media":160134,"comment_status":"open","ping_status":"open","sticky":false,"template":"","format":"standard","meta":{"_monsterinsights_skip_tracking":false,"_monsterinsights_sitenote_active":false,"_monsterinsights_sitenote_note":"","_monsterinsights_sitenote_category":0,"footnotes":""},"categories":[17,3],"tags":[11126,43675,42,8065,2804],"class_list":["post-160025","post","type-post","status-publish","format-standard","has-post-thumbnail","hentry","category-especiales","category-nacional","tag-ataques","tag-estado-de-mexico","tag-hidalgo","tag-incendio","tag-oxxo"],"_links":{"self":[{"href":"https:\/\/www.diarioimagen.net\/index.php?rest_route=\/wp\/v2\/posts\/160025","targetHints":{"allow":["GET"]}}],"collection":[{"href":"https:\/\/www.diarioimagen.net\/index.php?rest_route=\/wp\/v2\/posts"}],"about":[{"href":"https:\/\/www.diarioimagen.net\/index.php?rest_route=\/wp\/v2\/types\/post"}],"author":[{"embeddable":true,"href":"https:\/\/www.diarioimagen.net\/index.php?rest_route=\/wp\/v2\/users\/5"}],"replies":[{"embeddable":true,"href":"https:\/\/www.diarioimagen.net\/index.php?rest_route=%2Fwp%2Fv2%2Fcomments&post=160025"}],"version-history":[{"count":0,"href":"https:\/\/www.diarioimagen.net\/index.php?rest_route=\/wp\/v2\/posts\/160025\/revisions"}],"wp:featuredmedia":[{"embeddable":true,"href":"https:\/\/www.diarioimagen.net\/index.php?rest_route=\/wp\/v2\/media\/160134"}],"wp:attachment":[{"href":"https:\/\/www.diarioimagen.net\/index.php?rest_route=%2Fwp%2Fv2%2Fmedia&parent=160025"}],"wp:term":[{"taxonomy":"category","embeddable":true,"href":"https:\/\/www.diarioimagen.net\/index.php?rest_route=%2Fwp%2Fv2%2Fcategories&post=160025"},{"taxonomy":"post_tag","embeddable":true,"href":"https:\/\/www.diarioimagen.net\/index.php?rest_route=%2Fwp%2Fv2%2Ftags&post=160025"}],"curies":[{"name":"wp","href":"https:\/\/api.w.org\/{rel}","templated":true}]}}