{"id":160028,"date":"2014-01-20T12:26:11","date_gmt":"2014-01-20T18:26:11","guid":{"rendered":"http:\/\/www.diarioimagen.net\/?p=160028"},"modified":"2014-01-21T03:57:26","modified_gmt":"2014-01-21T09:57:26","slug":"rastrearan-a-extranjeros-conflictivos-renuevan-politica-migratoria","status":"publish","type":"post","link":"https:\/\/www.diarioimagen.net\/?p=160028","title":{"rendered":"Rastrear\u00e1n a extranjeros conflictivos; renuevan pol\u00edtica migratoria"},"content":{"rendered":"<ul>\n<li><em><strong>Prepara el gobierno nuevo centro de inteligencia; busca reforzar controles para ingresar al pa\u00eds<\/strong><\/em><\/li>\n<\/ul>\n<p>&nbsp;<\/p>\n<div id=\"attachment_160029\" style=\"width: 250px\" class=\"wp-caption alignleft\"><img loading=\"lazy\" decoding=\"async\" aria-describedby=\"caption-attachment-160029\" class=\"size-medium wp-image-160029\" alt=\"Fuentes del Gabinete de Seguridad explicaron que el INM, dependiente de la Secretar\u00eda de Gobernaci\u00f3n (Segob), prepara una transformaci\u00f3n total de sus operaciones, basadas en el combate a la corrupci\u00f3n, promoci\u00f3n de la cultura de la legalidad y respeto a los derechos humanos.\" src=\"http:\/\/www.diarioimagen.net\/wp-content\/uploads\/2014\/01\/MIGRATORIA-portal-240x135.jpg\" width=\"240\" height=\"135\" srcset=\"https:\/\/www.diarioimagen.net\/wp-content\/uploads\/2014\/01\/MIGRATORIA-portal-240x135.jpg 240w, https:\/\/www.diarioimagen.net\/wp-content\/uploads\/2014\/01\/MIGRATORIA-portal-420x236.jpg 420w, https:\/\/www.diarioimagen.net\/wp-content\/uploads\/2014\/01\/MIGRATORIA-portal-235x132.jpg 235w, https:\/\/www.diarioimagen.net\/wp-content\/uploads\/2014\/01\/MIGRATORIA-portal-202x114.jpg 202w, https:\/\/www.diarioimagen.net\/wp-content\/uploads\/2014\/01\/MIGRATORIA-portal-350x196.jpg 350w, https:\/\/www.diarioimagen.net\/wp-content\/uploads\/2014\/01\/MIGRATORIA-portal-220x123.jpg 220w, https:\/\/www.diarioimagen.net\/wp-content\/uploads\/2014\/01\/MIGRATORIA-portal-237x132.jpg 237w, https:\/\/www.diarioimagen.net\/wp-content\/uploads\/2014\/01\/MIGRATORIA-portal.jpg 480w\" sizes=\"auto, (max-width: 240px) 100vw, 240px\" \/><p id=\"caption-attachment-160029\" class=\"wp-caption-text\">Fuentes del Gabinete de Seguridad explicaron que el INM, dependiente de la Secretar\u00eda de Gobernaci\u00f3n (Segob), prepara una transformaci\u00f3n total de sus operaciones, basadas en el combate a la corrupci\u00f3n, promoci\u00f3n de la cultura de la legalidad y respeto a los derechos humanos.<\/p><\/div>\n<p>El gobierno federal anunciar\u00e1 en los pr\u00f3ximos d\u00edas la creaci\u00f3n de un centro de inteligencia migratoria para prevenir que personas \u201cconflictivas\u201d ingresen a M\u00e9xico.<\/p>\n<p>La creaci\u00f3n del nuevo centro obedece a la preocupaci\u00f3n federal detonada porque en el \u00faltimo a\u00f1o se ha incrementado el ingreso de extranjeros con intenciones delictivas.<\/p>\n<p>De acuerdo con fuentes del Gabinete de Seguridad, el Instituto Nacional de Migraci\u00f3n (INM), a cargo de Ardelio Vargas Fosado, trabaja en la transformaci\u00f3n de sus operaciones, basada en el combate a la corrupci\u00f3n, promoci\u00f3n de la cultura de la legalidad y respeto a los derechos humanos.<\/p>\n<p><span style=\"line-height: 1.5em;\">El centro de inteligencia buscar\u00e1 controlar de manera m\u00e1s efectiva el ingreso de los ciudadanos al pa\u00eds por los filtros migratorios oficiales en aeropuertos, puertos y fronteras, con informaci\u00f3n que permita confirmar de inmediato la identidad y la situaci\u00f3n legal de cada persona.<\/span><\/p>\n<p><span style=\"line-height: 1.5em;\">En el Gabinete de Seguridad detallaron que aument\u00f3 la cifra de colombianos dedicados al secuestro\u00a0 y al robo a casa habitaci\u00f3n en las principales ciudades del pa\u00eds, entre ellas, el Distrito Federal.<\/span><\/p>\n<p>Tambi\u00e9n se ha detectado el ingreso de venezolanos, peruanos y africanos involucrados con fraudes y clonaci\u00f3n de tarjetas de cr\u00e9dito.<\/p>\n","protected":false},"excerpt":{"rendered":"<p>El gobierno federal anunciar\u00e1 en los pr\u00f3ximos d\u00edas la creaci\u00f3n de un centro de inteligencia migratoria para prevenir que personas \u201cconflictivas\u201d ingresen a M\u00e9xico.<\/p>\n","protected":false},"author":5,"featured_media":160029,"comment_status":"open","ping_status":"open","sticky":false,"template":"","format":"standard","meta":{"_monsterinsights_skip_tracking":false,"_monsterinsights_sitenote_active":false,"_monsterinsights_sitenote_note":"","_monsterinsights_sitenote_category":0,"footnotes":""},"categories":[17,3],"tags":[4413,43677],"class_list":["post-160028","post","type-post","status-publish","format-standard","has-post-thumbnail","hentry","category-especiales","category-nacional","tag-ardelio-vargas-fosado","tag-seguridad"],"_links":{"self":[{"href":"https:\/\/www.diarioimagen.net\/index.php?rest_route=\/wp\/v2\/posts\/160028","targetHints":{"allow":["GET"]}}],"collection":[{"href":"https:\/\/www.diarioimagen.net\/index.php?rest_route=\/wp\/v2\/posts"}],"about":[{"href":"https:\/\/www.diarioimagen.net\/index.php?rest_route=\/wp\/v2\/types\/post"}],"author":[{"embeddable":true,"href":"https:\/\/www.diarioimagen.net\/index.php?rest_route=\/wp\/v2\/users\/5"}],"replies":[{"embeddable":true,"href":"https:\/\/www.diarioimagen.net\/index.php?rest_route=%2Fwp%2Fv2%2Fcomments&post=160028"}],"version-history":[{"count":0,"href":"https:\/\/www.diarioimagen.net\/index.php?rest_route=\/wp\/v2\/posts\/160028\/revisions"}],"wp:featuredmedia":[{"embeddable":true,"href":"https:\/\/www.diarioimagen.net\/index.php?rest_route=\/wp\/v2\/media\/160029"}],"wp:attachment":[{"href":"https:\/\/www.diarioimagen.net\/index.php?rest_route=%2Fwp%2Fv2%2Fmedia&parent=160028"}],"wp:term":[{"taxonomy":"category","embeddable":true,"href":"https:\/\/www.diarioimagen.net\/index.php?rest_route=%2Fwp%2Fv2%2Fcategories&post=160028"},{"taxonomy":"post_tag","embeddable":true,"href":"https:\/\/www.diarioimagen.net\/index.php?rest_route=%2Fwp%2Fv2%2Ftags&post=160028"}],"curies":[{"name":"wp","href":"https:\/\/api.w.org\/{rel}","templated":true}]}}