{"id":160040,"date":"2014-01-21T00:04:08","date_gmt":"2014-01-21T06:04:08","guid":{"rendered":"http:\/\/www.diarioimagen.net\/?p=160040"},"modified":"2014-01-21T03:17:23","modified_gmt":"2014-01-21T09:17:23","slug":"hallan-cinco-cadaveres-entre-ellos-un-bebe-en-michoacan","status":"publish","type":"post","link":"https:\/\/www.diarioimagen.net\/?p=160040","title":{"rendered":"Hallan cinco cad\u00e1veres, entre ellos un beb\u00e9, en Michoac\u00e1n"},"content":{"rendered":"<ul>\n<li><em><strong>Consignan a un penal federal en Veracruz a \u2018El Toro\u2019, presunto l\u00edder del c\u00e1rtel del estado<\/strong><\/em><\/li>\n<\/ul>\n<div id=\"attachment_160041\" style=\"width: 250px\" class=\"wp-caption alignleft\"><img loading=\"lazy\" decoding=\"async\" aria-describedby=\"caption-attachment-160041\" class=\"size-medium wp-image-160041 \" alt=\"'Los Caballeros Templarios' est\u00e1n menguados en sus capacidades operativas y de log\u00edstica, afirm\u00f3 el secretario del SNSP. \" src=\"http:\/\/www.diarioimagen.net\/wp-content\/uploads\/2014\/01\/michboacan-portal-240x135.jpg\" width=\"240\" height=\"135\" srcset=\"https:\/\/www.diarioimagen.net\/wp-content\/uploads\/2014\/01\/michboacan-portal-240x135.jpg 240w, https:\/\/www.diarioimagen.net\/wp-content\/uploads\/2014\/01\/michboacan-portal-420x236.jpg 420w, https:\/\/www.diarioimagen.net\/wp-content\/uploads\/2014\/01\/michboacan-portal-235x132.jpg 235w, https:\/\/www.diarioimagen.net\/wp-content\/uploads\/2014\/01\/michboacan-portal-202x114.jpg 202w, https:\/\/www.diarioimagen.net\/wp-content\/uploads\/2014\/01\/michboacan-portal-350x196.jpg 350w, https:\/\/www.diarioimagen.net\/wp-content\/uploads\/2014\/01\/michboacan-portal-220x123.jpg 220w, https:\/\/www.diarioimagen.net\/wp-content\/uploads\/2014\/01\/michboacan-portal-237x132.jpg 237w, https:\/\/www.diarioimagen.net\/wp-content\/uploads\/2014\/01\/michboacan-portal.jpg 480w\" sizes=\"auto, (max-width: 240px) 100vw, 240px\" \/><p id=\"caption-attachment-160041\" class=\"wp-caption-text\">La Polic\u00eda Federal encontr\u00f3 cinco cad\u00e1veres en el municipio de Susupuato, en los l\u00edmites con el Estado de M\u00e9xico.<\/p><\/div>\n<p>La procuradur\u00eda de Michoac\u00e1n confirm\u00f3 el hallazgo de cinco cad\u00e1veres, dos de ellos menores de edad, en el municipio de Susupuato, en los l\u00edmites con el Estado de M\u00e9xico.<\/p>\n<p>Los cuerpos corresponden a dos mujeres adultas y una ni\u00f1a, de cerca de seis meses, as\u00ed como de un hombre y un ni\u00f1o de aproximadamente cuatro a\u00f1os, quienes fueron descubiertos en la brecha que comunica a las comunidades de El Tanque y El Aguacate.<\/p>\n<p>De acuerdo a los primeros reportes, las v\u00edctimas presentan lesiones por arma de fuego y se desconoce el m\u00f3vil del crimen m\u00faltiple. Tampoco se ha podido establecer si eran integrantes de una misma familia o si fueron ultimados en el lugar donde fueron encontrados; se espera que durante las pr\u00f3ximas horas las autoridades den a conocer detalles sobre los hechos.<\/p>\n<p>En tanto, el secretario ejecutivo del Sistema Nacional de Seguridad P\u00fablica, Monte Alejandro Rubido, dijo estar seguro de que para 2015 la situaci\u00f3n en Tierra Caliente tendr\u00e1 las condiciones necesarias para llevar a cabo los comicios electorales en la entidad.<\/p>\n<p>\u201cLos Caballeros Templarios\u201d est\u00e1n menguados en sus capacidades operativas y de log\u00edstica, dijo el secretario del SNSP. Asegur\u00f3 que a una semana de haberse implementado el Acuerdo para el Apoyo Federal a la Seguridad de Michoac\u00e1n, el margen de maniobra del c\u00e1rtel michoacano est\u00e1 totalmente restringido. Sobre los rumores de que los l\u00edderes templarios huyeron del estado, Rubido aclar\u00f3 que no tienen ning\u00fan dato de que \u00e9stos hayan salido de Michoac\u00e1n, ya que normalmente quien encabeza los c\u00e1rteles tiene un movimiento constante, pero se han implementado las medidas para que no salgan de la entidad.<\/p>\n<p>Por otro lado, Jes\u00fas V\u00e1zquez Mac\u00edas, alias \u2018El Toro\u2019, presunto l\u00edder de una c\u00e9lula de \u201cLos Caballeros Templarios\u201d en el municipio de Aguililla, Michoac\u00e1n, detenido la semana pasada en el marco del Convenio por la Seguridad en la entidad, fue consignado ayer lunes a un penal federal en Veracruz.<\/p>\n","protected":false},"excerpt":{"rendered":"<p>La procuradur\u00eda de Michoac\u00e1n confirm\u00f3 el hallazgo de cinco cad\u00e1veres, dos de ellos menores de edad, en el municipio de Susupuato, en los l\u00edmites con el Estado de M\u00e9xico.<\/p>\n","protected":false},"author":5,"featured_media":160041,"comment_status":"open","ping_status":"open","sticky":false,"template":"","format":"standard","meta":{"_monsterinsights_skip_tracking":false,"_monsterinsights_sitenote_active":false,"_monsterinsights_sitenote_note":"","_monsterinsights_sitenote_category":0,"footnotes":""},"categories":[7],"tags":[803],"class_list":["post-160040","post","type-post","status-publish","format-standard","has-post-thumbnail","hentry","category-seguridad","tag-michoacan"],"_links":{"self":[{"href":"https:\/\/www.diarioimagen.net\/index.php?rest_route=\/wp\/v2\/posts\/160040","targetHints":{"allow":["GET"]}}],"collection":[{"href":"https:\/\/www.diarioimagen.net\/index.php?rest_route=\/wp\/v2\/posts"}],"about":[{"href":"https:\/\/www.diarioimagen.net\/index.php?rest_route=\/wp\/v2\/types\/post"}],"author":[{"embeddable":true,"href":"https:\/\/www.diarioimagen.net\/index.php?rest_route=\/wp\/v2\/users\/5"}],"replies":[{"embeddable":true,"href":"https:\/\/www.diarioimagen.net\/index.php?rest_route=%2Fwp%2Fv2%2Fcomments&post=160040"}],"version-history":[{"count":0,"href":"https:\/\/www.diarioimagen.net\/index.php?rest_route=\/wp\/v2\/posts\/160040\/revisions"}],"wp:featuredmedia":[{"embeddable":true,"href":"https:\/\/www.diarioimagen.net\/index.php?rest_route=\/wp\/v2\/media\/160041"}],"wp:attachment":[{"href":"https:\/\/www.diarioimagen.net\/index.php?rest_route=%2Fwp%2Fv2%2Fmedia&parent=160040"}],"wp:term":[{"taxonomy":"category","embeddable":true,"href":"https:\/\/www.diarioimagen.net\/index.php?rest_route=%2Fwp%2Fv2%2Fcategories&post=160040"},{"taxonomy":"post_tag","embeddable":true,"href":"https:\/\/www.diarioimagen.net\/index.php?rest_route=%2Fwp%2Fv2%2Ftags&post=160040"}],"curies":[{"name":"wp","href":"https:\/\/api.w.org\/{rel}","templated":true}]}}