{"id":160043,"date":"2014-01-21T00:02:42","date_gmt":"2014-01-21T06:02:42","guid":{"rendered":"http:\/\/www.diarioimagen.net\/?p=160043"},"modified":"2014-01-22T02:43:09","modified_gmt":"2014-01-22T08:43:09","slug":"gobierno-federal-asegurara-visita-de-obama-y-harper","status":"publish","type":"post","link":"https:\/\/www.diarioimagen.net\/?p=160043","title":{"rendered":"Gobierno federal asegurar\u00e1 visita de Obama y Harper"},"content":{"rendered":"<ul>\n<li><em><strong>Servicios de Inteligencia de EU, Canad\u00e1 y M\u00e9xico ya hicieron recorridos en Toluca<\/strong><\/em><\/li>\n<\/ul>\n<div id=\"attachment_160044\" style=\"width: 250px\" class=\"wp-caption alignleft\"><img loading=\"lazy\" decoding=\"async\" aria-describedby=\"caption-attachment-160044\" class=\"size-medium wp-image-160044 \" alt=\"\u201cLos servicios de inteligencia han venido, han estado haciendo algunos recorridos, ellos han estado ya revisando la capital, la han estado recorriendo, tambi\u00e9n por parte de los respectivos servicios del gobierno de Canad\u00e1, el Estado Mayor Presidencial ha estado muy vinculados con ellos y ellos con el gobierno estatal estaremos muy atentos a lo que nos soliciten, la forma en la que quieren que nos coordinemos con ellos para que este evento tan trascendental para el pa\u00eds y en particular para el gobierno del estado, a la capital del Estado de M\u00e9xico\u201d.\" src=\"http:\/\/www.diarioimagen.net\/wp-content\/uploads\/2014\/01\/obama-portal-240x135.jpg\" width=\"240\" height=\"135\" srcset=\"https:\/\/www.diarioimagen.net\/wp-content\/uploads\/2014\/01\/obama-portal-240x135.jpg 240w, https:\/\/www.diarioimagen.net\/wp-content\/uploads\/2014\/01\/obama-portal-420x236.jpg 420w, https:\/\/www.diarioimagen.net\/wp-content\/uploads\/2014\/01\/obama-portal-235x132.jpg 235w, https:\/\/www.diarioimagen.net\/wp-content\/uploads\/2014\/01\/obama-portal-202x114.jpg 202w, https:\/\/www.diarioimagen.net\/wp-content\/uploads\/2014\/01\/obama-portal-350x196.jpg 350w, https:\/\/www.diarioimagen.net\/wp-content\/uploads\/2014\/01\/obama-portal-220x123.jpg 220w, https:\/\/www.diarioimagen.net\/wp-content\/uploads\/2014\/01\/obama-portal-237x132.jpg 237w, https:\/\/www.diarioimagen.net\/wp-content\/uploads\/2014\/01\/obama-portal.jpg 480w\" sizes=\"auto, (max-width: 240px) 100vw, 240px\" \/><p id=\"caption-attachment-160044\" class=\"wp-caption-text\">Comenz\u00f3 la preparaci\u00f3n para la visita de Barack Obama y Stephen Harper, que ser\u00e1n recibidos en Toluca por el presidente Enrique Pe\u00f1a Nieto.<\/p><\/div>\n<p>El vocero de Seguridad del Estado de M\u00e9xico, Indalecio R\u00edos Vel\u00e1zquez inform\u00f3 que el operativo de seguridad que se implementar\u00e1 en Toluca para la visita del presidente de los Estados Unidos, Barack Obama; el primer ministro de Canad\u00e1, Stephen Harper y el presidente de M\u00e9xico, Enrique Pe\u00f1a Nieto, corre a cargo del gobierno federal y en \u00e9l participan los otros pa\u00edses.<\/p>\n<p>No obstante, afirm\u00f3 que en el estado est\u00e1n atentos a lo que les requieran para la Cumbre de L\u00edderes de Am\u00e9rica del Norte. \u201cComo gobierno del estado estaremos muy vinculados, estaremos muy atentos a la solicitud que nos hagan las dependencias que directamente estar\u00e1n encargadas de este evento, por parte del pa\u00eds de M\u00e9xico, de nuestro pa\u00eds, quienes est\u00e1n directamente vinculados y a cargo de esta responsabilidad es la federaci\u00f3n y por supuesto sus respectivos hom\u00f3logos en Estados Unidos y de Canad\u00e1\u201d, indic\u00f3.<\/p>\n<p>El funcionario expuso que personal de los Servicios de Inteligencia de Estados Unidos, del Estado Mayor Presidencial y de los Servicios de Canad\u00e1, ya visitaron la capital mexiquense para hacer algunos recorridos y estar al pendiente de la seguridad de los l\u00edderes de Am\u00e9rica del Norte.<\/p>\n<p>Agreg\u00f3: \u201cLos servicios de inteligencia han venido, han estado haciendo algunos recorridos, ellos han estado ya revisando la capital, la han estado recorriendo, tambi\u00e9n por parte de los respectivos servicios del gobierno de Canad\u00e1, el Estado Mayor Presidencial ha estado muy vinculados con ellos y ellos con el gobierno estatal estaremos muy atentos a lo que nos soliciten, la forma en la que quieren que nos coordinemos con ellos para que este evento tan trascendental para el pa\u00eds y en particular para el gobierno del estado, a la capital del Estado de M\u00e9xico\u201d.<\/p>\n<p>Se\u00f1al\u00f3 que para dar mayor seguridad a la reuni\u00f3n que se celebrar\u00e1 en febrero, se har\u00e1 un cierre de calles en el primer cuadro, para lo cual ya platican con transportistas, comerciantes y los involucrados en las modificaciones que se tendr\u00e1n que hacer para los d\u00edas de la visita.<\/p>\n<p>\u201cEn el caso del primer cuadro de aqu\u00ed de Toluca, por supuesto habr\u00e1 alg\u00fan cierre de calles por cuesti\u00f3n de seguridad, las diferentes \u00e1reas del gobierno del estado que tengan que ver para platicar con los comercios, con los transportistas, con todos los que est\u00e1n involucrados en la v\u00eda normal del primer cuadro de Ecatepec, se est\u00e1n ya visitando, est\u00e1n platicando ya con ellos, para generar las condiciones necesarias\u201d.<\/p>\n","protected":false},"excerpt":{"rendered":"<p>El vocero de Seguridad del Estado de M\u00e9xico, Indalecio R\u00edos Vel\u00e1zquez inform\u00f3 que el operativo de seguridad que se implementar\u00e1 en Toluca para la visita del presidente de los Estados Unidos, Barack Obama; el primer ministro de Canad\u00e1, Stephen Harper y el presidente de M\u00e9xico, Enrique Pe\u00f1a Nieto, corre a cargo del gobierno federal y en \u00e9l participan los otros pa\u00edses.<\/p>\n","protected":false},"author":5,"featured_media":160044,"comment_status":"open","ping_status":"open","sticky":false,"template":"","format":"standard","meta":{"_monsterinsights_skip_tracking":false,"_monsterinsights_sitenote_active":false,"_monsterinsights_sitenote_note":"","_monsterinsights_sitenote_category":0,"footnotes":""},"categories":[17,3],"tags":[1754,431,29940,18,177,44,43673,3957,9086],"class_list":["post-160043","post","type-post","status-publish","format-standard","has-post-thumbnail","hentry","category-especiales","category-nacional","tag-barack-obama","tag-canada","tag-cumbre-de-lideres-de-america-del-norte","tag-enrique-pena-nieto","tag-estados-unidos","tag-mexico","tag-nacional","tag-obama","tag-stephen-harper"],"_links":{"self":[{"href":"https:\/\/www.diarioimagen.net\/index.php?rest_route=\/wp\/v2\/posts\/160043","targetHints":{"allow":["GET"]}}],"collection":[{"href":"https:\/\/www.diarioimagen.net\/index.php?rest_route=\/wp\/v2\/posts"}],"about":[{"href":"https:\/\/www.diarioimagen.net\/index.php?rest_route=\/wp\/v2\/types\/post"}],"author":[{"embeddable":true,"href":"https:\/\/www.diarioimagen.net\/index.php?rest_route=\/wp\/v2\/users\/5"}],"replies":[{"embeddable":true,"href":"https:\/\/www.diarioimagen.net\/index.php?rest_route=%2Fwp%2Fv2%2Fcomments&post=160043"}],"version-history":[{"count":0,"href":"https:\/\/www.diarioimagen.net\/index.php?rest_route=\/wp\/v2\/posts\/160043\/revisions"}],"wp:featuredmedia":[{"embeddable":true,"href":"https:\/\/www.diarioimagen.net\/index.php?rest_route=\/wp\/v2\/media\/160044"}],"wp:attachment":[{"href":"https:\/\/www.diarioimagen.net\/index.php?rest_route=%2Fwp%2Fv2%2Fmedia&parent=160043"}],"wp:term":[{"taxonomy":"category","embeddable":true,"href":"https:\/\/www.diarioimagen.net\/index.php?rest_route=%2Fwp%2Fv2%2Fcategories&post=160043"},{"taxonomy":"post_tag","embeddable":true,"href":"https:\/\/www.diarioimagen.net\/index.php?rest_route=%2Fwp%2Fv2%2Ftags&post=160043"}],"curies":[{"name":"wp","href":"https:\/\/api.w.org\/{rel}","templated":true}]}}