{"id":160049,"date":"2014-01-21T00:05:47","date_gmt":"2014-01-21T06:05:47","guid":{"rendered":"http:\/\/www.diarioimagen.net\/?p=160049"},"modified":"2014-01-22T02:43:23","modified_gmt":"2014-01-22T08:43:23","slug":"edomex-refuerza-vigilancia-en-sus-limites-con-michoacan","status":"publish","type":"post","link":"https:\/\/www.diarioimagen.net\/?p=160049","title":{"rendered":"El Edomex refuerza vigilancia en sus l\u00edmites con Michoac\u00e1n"},"content":{"rendered":"<ul>\n<li><em><strong>Participan la Marina y el Ej\u00e9rcito en un mecanismo de inteligencia preventivo<\/strong><\/em><\/li>\n<\/ul>\n<div id=\"attachment_160050\" style=\"width: 250px\" class=\"wp-caption alignleft\"><img loading=\"lazy\" decoding=\"async\" aria-describedby=\"caption-attachment-160050\" class=\"size-medium wp-image-160050 \" alt=\"Sin embargo, acept\u00f3 que las Bases de Operaciones Mixtas que estaban establecidas en los l\u00edmites con Michoac\u00e1n desde hace unas semanas, s\u00ed fueron reforzadas con m\u00e1s elementos y con t\u00e1cticas de inteligencia.\" src=\"http:\/\/www.diarioimagen.net\/wp-content\/uploads\/2014\/01\/base-portal-240x135.jpg\" width=\"240\" height=\"135\" srcset=\"https:\/\/www.diarioimagen.net\/wp-content\/uploads\/2014\/01\/base-portal-240x135.jpg 240w, https:\/\/www.diarioimagen.net\/wp-content\/uploads\/2014\/01\/base-portal-420x236.jpg 420w, https:\/\/www.diarioimagen.net\/wp-content\/uploads\/2014\/01\/base-portal-235x132.jpg 235w, https:\/\/www.diarioimagen.net\/wp-content\/uploads\/2014\/01\/base-portal-202x114.jpg 202w, https:\/\/www.diarioimagen.net\/wp-content\/uploads\/2014\/01\/base-portal-350x196.jpg 350w, https:\/\/www.diarioimagen.net\/wp-content\/uploads\/2014\/01\/base-portal-220x123.jpg 220w, https:\/\/www.diarioimagen.net\/wp-content\/uploads\/2014\/01\/base-portal-237x132.jpg 237w, https:\/\/www.diarioimagen.net\/wp-content\/uploads\/2014\/01\/base-portal.jpg 480w\" sizes=\"auto, (max-width: 240px) 100vw, 240px\" \/><p id=\"caption-attachment-160050\" class=\"wp-caption-text\">Las Bases de Operaciones Mixtas fueron instaladas en los l\u00edmites del Estado de M\u00e9xico con Michoac\u00e1n y Guerrero, para evitar el efecto \u201ccucaracha\u201d en materia criminal.<\/p><\/div>\n<p>Debido a los conflictos de violencia que se registran en Michoac\u00e1n, el gobierno del Estado de M\u00e9xico vigila y refuerza con m\u00e1s elementos la zona lim\u00edtrofe, en coordinaci\u00f3n con fuerzas federales como la Secretar\u00eda de Marina y de la Secretar\u00eda de la Defensa Nacional.<\/p>\n<p>El gobierno del Estado de M\u00e9xico indic\u00f3 que tras el despliegue de seguridad de la federaci\u00f3n en Michoac\u00e1n, a los operativos de vigilancia en los municipios l\u00edmite entre ambos estados se les agrega la colocaci\u00f3n de Bases de Operaciones Mixtas, as\u00ed como la vigilancia de las carreteras.<\/p>\n<p>El vocero de seguridad del gobierno del estado, Indalecio R\u00edos Vel\u00e1zquez, dijo que \u201ctenemos vigiladas todas las fronteras con el vecino estado de Michoac\u00e1n; es un ejercicio que ya tenemos desde alg\u00fan tiempo, la Marina y el Ej\u00e9rcito han instalado las bases de Operaciones Mixtas, en un mecanismo de inteligencia preventivo, principalmente, a cualquier hecho que pudiera acontecer, y desde luego a ra\u00edz de que hay una mayor presencia de los mecanismos de seguridad p\u00fablica, de inteligencia, del Ej\u00e9rcito, de la Marina, el estado de Michoac\u00e1n\u201d.<\/p>\n<p>Rechaz\u00f3 que en el Estado de M\u00e9xico hayan ocurrido hechos de violencia relacionados con lo que ocurre en Michoac\u00e1n o acciones que est\u00e9n vinculadas y record\u00f3 que las acciones de vigilancia son meramente preventivas.<\/p>\n<p>Dijo: \u201cEl Estado de M\u00e9xico no ha tenido una reacci\u00f3n o alg\u00fan acontecimiento espec\u00edficamente vinculado con lo que est\u00e1 pasando en el estado de Michoac\u00e1n, lo que se est\u00e1 haciendo siempre es de manera preventiva, s\u00ed por supuesto hay un reforzamiento por cuestiones de estrategia\u201d.<\/p>\n<p>Sin embargo, acept\u00f3 que las Bases de Operaciones Mixtas que estaban establecidas en los l\u00edmites con Michoac\u00e1n desde hace unas semanas, s\u00ed fueron reforzadas con m\u00e1s elementos y con t\u00e1cticas de inteligencia.<\/p>\n<p>Explic\u00f3: \u201cEstas bases operativas que tenemos en la colindancia con el Estado de Michoac\u00e1n, ya exist\u00edan y se han reforzado, se ha incrementado el n\u00famero de elementos y se han hecho algunas acciones principalmente mediante mecanismos de inteligencia que a ellos les permite moverse o vigilar alguna frontera de manera m\u00e1s puntual que otra\u201d.<\/p>\n<p>Agreg\u00f3: \u201cpero al d\u00eda de hoy no tenemos ning\u00fan acontecimiento en el Estado de M\u00e9xico, que vincule directamente lo que est\u00e1 pasando en Michoac\u00e1n en alg\u00fan acto violento o de cualquier naturaleza delictiva que se haya reportado\u201d. Las acciones de vigilancia se realizan en todos los municipios del Estado de M\u00e9xico que colindan con Michoac\u00e1n.<\/p>\n<p>&nbsp;<\/p>\n","protected":false},"excerpt":{"rendered":"<p>Debido a los conflictos de violencia que se registran en Michoac\u00e1n, el gobierno del Estado de M\u00e9xico vigila y refuerza con m\u00e1s elementos la zona lim\u00edtrofe, en coordinaci\u00f3n con fuerzas federales como la Secretar\u00eda de Marina y de la Secretar\u00eda de la Defensa Nacional.<\/p>\n","protected":false},"author":5,"featured_media":160050,"comment_status":"open","ping_status":"open","sticky":false,"template":"","format":"standard","meta":{"_monsterinsights_skip_tracking":false,"_monsterinsights_sitenote_active":false,"_monsterinsights_sitenote_note":"","_monsterinsights_sitenote_category":0,"footnotes":""},"categories":[17,5],"tags":[43675,803],"class_list":["post-160049","post","type-post","status-publish","format-standard","has-post-thumbnail","hentry","category-especiales","category-estado-de-mexico","tag-estado-de-mexico","tag-michoacan"],"_links":{"self":[{"href":"https:\/\/www.diarioimagen.net\/index.php?rest_route=\/wp\/v2\/posts\/160049","targetHints":{"allow":["GET"]}}],"collection":[{"href":"https:\/\/www.diarioimagen.net\/index.php?rest_route=\/wp\/v2\/posts"}],"about":[{"href":"https:\/\/www.diarioimagen.net\/index.php?rest_route=\/wp\/v2\/types\/post"}],"author":[{"embeddable":true,"href":"https:\/\/www.diarioimagen.net\/index.php?rest_route=\/wp\/v2\/users\/5"}],"replies":[{"embeddable":true,"href":"https:\/\/www.diarioimagen.net\/index.php?rest_route=%2Fwp%2Fv2%2Fcomments&post=160049"}],"version-history":[{"count":0,"href":"https:\/\/www.diarioimagen.net\/index.php?rest_route=\/wp\/v2\/posts\/160049\/revisions"}],"wp:featuredmedia":[{"embeddable":true,"href":"https:\/\/www.diarioimagen.net\/index.php?rest_route=\/wp\/v2\/media\/160050"}],"wp:attachment":[{"href":"https:\/\/www.diarioimagen.net\/index.php?rest_route=%2Fwp%2Fv2%2Fmedia&parent=160049"}],"wp:term":[{"taxonomy":"category","embeddable":true,"href":"https:\/\/www.diarioimagen.net\/index.php?rest_route=%2Fwp%2Fv2%2Fcategories&post=160049"},{"taxonomy":"post_tag","embeddable":true,"href":"https:\/\/www.diarioimagen.net\/index.php?rest_route=%2Fwp%2Fv2%2Ftags&post=160049"}],"curies":[{"name":"wp","href":"https:\/\/api.w.org\/{rel}","templated":true}]}}