{"id":160052,"date":"2014-01-21T00:03:33","date_gmt":"2014-01-21T06:03:33","guid":{"rendered":"http:\/\/www.diarioimagen.net\/?p=160052"},"modified":"2014-01-22T02:43:14","modified_gmt":"2014-01-22T08:43:14","slug":"cambio-en-justicia-es-irreversible-elias-azar","status":"publish","type":"post","link":"https:\/\/www.diarioimagen.net\/?p=160052","title":{"rendered":"Cambio en justicia es irreversible: El\u00edas Azar"},"content":{"rendered":"<ul>\n<li><em><strong>Alerta de socavamiento de la vida judicial cuando por ambiciones el juez pierde el rumbo y la estabilidad<\/strong><\/em><\/li>\n<\/ul>\n<div id=\"attachment_160053\" style=\"width: 250px\" class=\"wp-caption alignleft\"><img loading=\"lazy\" decoding=\"async\" aria-describedby=\"caption-attachment-160053\" class=\"size-medium wp-image-160053 \" alt=\"El magistrado Edgar El\u00edas Azar, presidente del Tribunal Superior de Justicia del Distrito Federal, encabez\u00f3 la primera sesi\u00f3n del pleno de magistrados. (Foto: Alfonso Mora.)\" src=\"http:\/\/www.diarioimagen.net\/wp-content\/uploads\/2014\/01\/TSJDF-PORTAL-240x135.jpg\" width=\"240\" height=\"135\" srcset=\"https:\/\/www.diarioimagen.net\/wp-content\/uploads\/2014\/01\/TSJDF-PORTAL-240x135.jpg 240w, https:\/\/www.diarioimagen.net\/wp-content\/uploads\/2014\/01\/TSJDF-PORTAL-420x236.jpg 420w, https:\/\/www.diarioimagen.net\/wp-content\/uploads\/2014\/01\/TSJDF-PORTAL-235x132.jpg 235w, https:\/\/www.diarioimagen.net\/wp-content\/uploads\/2014\/01\/TSJDF-PORTAL-202x114.jpg 202w, https:\/\/www.diarioimagen.net\/wp-content\/uploads\/2014\/01\/TSJDF-PORTAL-350x196.jpg 350w, https:\/\/www.diarioimagen.net\/wp-content\/uploads\/2014\/01\/TSJDF-PORTAL-220x123.jpg 220w, https:\/\/www.diarioimagen.net\/wp-content\/uploads\/2014\/01\/TSJDF-PORTAL-237x132.jpg 237w, https:\/\/www.diarioimagen.net\/wp-content\/uploads\/2014\/01\/TSJDF-PORTAL.jpg 480w\" sizes=\"auto, (max-width: 240px) 100vw, 240px\" \/><p id=\"caption-attachment-160053\" class=\"wp-caption-text\">Edgar El\u00edas Azar, presidente del Tribunal Superior de Justicia del Distrito Federal, encabez\u00f3 la primera sesi\u00f3n del pleno de magistrados. (Foto: Alfonso Mora.)<\/p><\/div>\n<p>El cambio en el sistema de justicia es irreversible, afirm\u00f3 el presidente del Tribunal Superior de Justicia del Distrito Federal, magistrado Edgar El\u00edas Azar, quien enfatiz\u00f3 que es ahora, no m\u00e1s tarde, y el cual debe ser de calidad, m\u00e1s all\u00e1 de la cantidad necesaria de insumos e instrumentos que se requieren.<\/p>\n<p>Al encabezar la primera sesi\u00f3n p\u00fablica del pleno de magistrados del a\u00f1o, en la que se tom\u00f3 protesta a cuatro nuevos juzgadores, hizo un llamado para no caer en m\u00e1s ambiciones que la de cumplir el deber, que es hacer justicia todos los d\u00edas.<\/p>\n<p>\u201cCada vez que un hombre o mujer cuya misi\u00f3n y responsabilidad es juzgar pierde el rumbo y la estabilidad movido por ambiciones que aqu\u00ed est\u00e1n fuera de lugar, se inicia un proceso peligroso de socavamiento de la vida judicial como debe de ser: \u00edntegra y unida\u201d, advirti\u00f3.<\/p>\n<p>Asegur\u00f3 que hoy se viven tiempos complejos y una revoluci\u00f3n pac\u00edfica de la justicia, en la que a\u00fan no se puede hablar de que la misi\u00f3n est\u00e1 cumplida, m\u00e1xime cuando las responsabilidades vinieron en cascada y los recursos no acaban de llegar.<\/p>\n<p>Se trata de un cambio, precis\u00f3, que no es resignada transformaci\u00f3n de modelos caducos ni imponer un maquillaje para que lo viejo parezca nuevo; tampoco simular con gesto diferente la misma actitud.<\/p>\n<p>Lo que no se podr\u00eda hacer frente al cambio, plante\u00f3, es \u201cregodearnos, sentarnos a celebrar\u201d, y dejar que todo se acomode en el camino.<\/p>\n<p>Agreg\u00f3 que no es tiempo de divisiones, conspiraciones ni de \u201cavanzadillas de ambiciones imposibles de disimular\u201d. \u201cEs tiempo, ahora o nunca, de un trabajo unido; el tir\u00f3n debe de ser parejo\u201d.<\/p>\n<p>Indic\u00f3 que hoy \u201cvamos dando jalones fuertes, empujamos con decisi\u00f3n\u201d, y dijo a los magistrados que lo que no haga el Poder Judicial por s\u00ed mismo nadie lo har\u00e1. \u201cEs nuestro deber bregar sin treguas\u201d, puntualiz\u00f3.<\/p>\n<p>Insisti\u00f3 en la unidad institucional que se requiere, al enfatizar que las pasiones personales no est\u00e1n por encima de los intereses institucionales, por lo que pidi\u00f3 a aqu\u00e9llos que quieran correr, aparejar su paso a la cadencia de todos.<\/p>\n<p>\u201cQuien quiera dar color, como se dice en la jerga pol\u00edtica, que entienda que aqu\u00ed hablamos otro lenguaje y asumimos otra conducta. Es hora de despintarse y ponerse a trabajar por todos, que somos muchos y nadie vale m\u00e1s que nadie\u201d, asever\u00f3.<\/p>\n<p>En la sesi\u00f3n, se tom\u00f3 protesta a Karina Becerril Ch\u00e1vez y a V\u00edctor Hugo L\u00f3pez Sarmiento como jueces Segundo y Cuarto de Ejecuci\u00f3n de Sanciones Penales; a Armando S\u00e1nchez Palacios como juez 14 Penal, y a Juana Erika Ord\u00f3\u00f1ez Salazar, como 26 Familiar.<b><\/b><\/p>\n","protected":false},"excerpt":{"rendered":"<p>El cambio en el sistema de justicia es irreversible, afirm\u00f3 el presidente del Tribunal Superior de Justicia del Distrito Federal, magistrado Edgar El\u00edas Azar, quien enfatiz\u00f3 que es ahora, no m\u00e1s tarde, y el cual debe ser de calidad, m\u00e1s all\u00e1 de la cantidad necesaria de insumos e instrumentos que se requieren.<\/p>\n","protected":false},"author":5,"featured_media":160053,"comment_status":"open","ping_status":"open","sticky":false,"template":"","format":"standard","meta":{"_monsterinsights_skip_tracking":false,"_monsterinsights_sitenote_active":false,"_monsterinsights_sitenote_note":"","_monsterinsights_sitenote_category":0,"footnotes":""},"categories":[17,6],"tags":[204,39,1925,2942],"class_list":["post-160052","post","type-post","status-publish","format-standard","has-post-thumbnail","hentry","category-especiales","category-cd-de-mexico","tag-ciudad-de-mexico","tag-distrito-federal","tag-edgar-elias-azar","tag-tribunal-superior-de-justicia-del-distrito-federal"],"_links":{"self":[{"href":"https:\/\/www.diarioimagen.net\/index.php?rest_route=\/wp\/v2\/posts\/160052","targetHints":{"allow":["GET"]}}],"collection":[{"href":"https:\/\/www.diarioimagen.net\/index.php?rest_route=\/wp\/v2\/posts"}],"about":[{"href":"https:\/\/www.diarioimagen.net\/index.php?rest_route=\/wp\/v2\/types\/post"}],"author":[{"embeddable":true,"href":"https:\/\/www.diarioimagen.net\/index.php?rest_route=\/wp\/v2\/users\/5"}],"replies":[{"embeddable":true,"href":"https:\/\/www.diarioimagen.net\/index.php?rest_route=%2Fwp%2Fv2%2Fcomments&post=160052"}],"version-history":[{"count":0,"href":"https:\/\/www.diarioimagen.net\/index.php?rest_route=\/wp\/v2\/posts\/160052\/revisions"}],"wp:featuredmedia":[{"embeddable":true,"href":"https:\/\/www.diarioimagen.net\/index.php?rest_route=\/wp\/v2\/media\/160053"}],"wp:attachment":[{"href":"https:\/\/www.diarioimagen.net\/index.php?rest_route=%2Fwp%2Fv2%2Fmedia&parent=160052"}],"wp:term":[{"taxonomy":"category","embeddable":true,"href":"https:\/\/www.diarioimagen.net\/index.php?rest_route=%2Fwp%2Fv2%2Fcategories&post=160052"},{"taxonomy":"post_tag","embeddable":true,"href":"https:\/\/www.diarioimagen.net\/index.php?rest_route=%2Fwp%2Fv2%2Ftags&post=160052"}],"curies":[{"name":"wp","href":"https:\/\/api.w.org\/{rel}","templated":true}]}}