{"id":160058,"date":"2014-01-21T00:08:34","date_gmt":"2014-01-21T06:08:34","guid":{"rendered":"http:\/\/www.diarioimagen.net\/?p=160058"},"modified":"2014-01-21T03:31:55","modified_gmt":"2014-01-21T09:31:55","slug":"asaltan-a-navarrete-prida-en-plaza-antara","status":"publish","type":"post","link":"https:\/\/www.diarioimagen.net\/?p=160058","title":{"rendered":"Asaltan a Navarrete Prida en plaza Antara"},"content":{"rendered":"<ul>\n<li><em><strong>Le roban reloj de 300 mil pesos<\/strong><\/em><\/li>\n<\/ul>\n<div id=\"attachment_160059\" style=\"width: 250px\" class=\"wp-caption alignleft\"><img loading=\"lazy\" decoding=\"async\" aria-describedby=\"caption-attachment-160059\" class=\"size-medium wp-image-160059 \" alt=\"Alfonso Navarrete Prida, titular de la Secretar\u00eda del Trabajo y Previsi\u00f3n Social, fue v\u00edctima de la delincuencia en un centro comercial.\" src=\"http:\/\/www.diarioimagen.net\/wp-content\/uploads\/2014\/01\/NAVARRETE-portal-240x135.jpg\" width=\"240\" height=\"135\" srcset=\"https:\/\/www.diarioimagen.net\/wp-content\/uploads\/2014\/01\/NAVARRETE-portal-240x135.jpg 240w, https:\/\/www.diarioimagen.net\/wp-content\/uploads\/2014\/01\/NAVARRETE-portal-420x236.jpg 420w, https:\/\/www.diarioimagen.net\/wp-content\/uploads\/2014\/01\/NAVARRETE-portal-235x132.jpg 235w, https:\/\/www.diarioimagen.net\/wp-content\/uploads\/2014\/01\/NAVARRETE-portal-202x114.jpg 202w, https:\/\/www.diarioimagen.net\/wp-content\/uploads\/2014\/01\/NAVARRETE-portal-350x196.jpg 350w, https:\/\/www.diarioimagen.net\/wp-content\/uploads\/2014\/01\/NAVARRETE-portal-220x123.jpg 220w, https:\/\/www.diarioimagen.net\/wp-content\/uploads\/2014\/01\/NAVARRETE-portal-237x132.jpg 237w, https:\/\/www.diarioimagen.net\/wp-content\/uploads\/2014\/01\/NAVARRETE-portal.jpg 480w\" sizes=\"auto, (max-width: 240px) 100vw, 240px\" \/><p id=\"caption-attachment-160059\" class=\"wp-caption-text\">Alfonso Navarrete Prida, titular de la Secretar\u00eda del Trabajo y Previsi\u00f3n Social, fue v\u00edctima de la delincuencia en un centro comercial.<\/p><\/div>\n<p>El titular de la Procuradur\u00eda General de Justicia del Distrito Federal (PGJDF), Rodolfo R\u00edos Garza, confirm\u00f3 que el secretario del Trabajo y Previsi\u00f3n Social, Alfonso Navarrete Prida, fue asaltado en la plaza comercial Antara, ubicada en la colonia Granada de la delegaci\u00f3n Miguel Hidalgo.<\/p>\n<p>Los hechos ocurrieron el pasado domingo cuando un sujeto armado lo intercept\u00f3 y lo despoj\u00f3 de un reloj, cerca del m\u00f3dulo del valet parking donde Navarrete hab\u00eda dejado su auto, sin que lo acompa\u00f1ara una escolta de seguridad.<\/p>\n<p>El reloj se encuentra valuado en unos 300 mil pesos, por lo cual la PGJDF inici\u00f3 una averiguaci\u00f3n previa por robo con violencia.<\/p>\n<p>El procurador detall\u00f3 que el funcionario iba a entrar a la plaza comercial y un sujeto armado lo intercept\u00f3 y lo despoj\u00f3 del reloj.<\/p>\n<p>Fuentes policiacas que acudieron al lugar indicaron que el reporte del atraco se hizo a las 14:15 horas y hasta el momento no ha habido personas detenidas.<\/p>\n<p>El titular de la STyPS no ha interpuesto su denuncia, agreg\u00f3, pero confi\u00f3 en que eso suceda en las pr\u00f3ximas horas.<\/p>\n","protected":false},"excerpt":{"rendered":"<p>El titular de la Procuradur\u00eda General de Justicia del Distrito Federal (PGJDF), Rodolfo R\u00edos Garza, confirm\u00f3 que el secretario del Trabajo y Previsi\u00f3n Social, Alfonso Navarrete Prida, fue asaltado en la plaza comercial Antara, ubicada en la colonia Granada de la delegaci\u00f3n Miguel Hidalgo.<\/p>\n","protected":false},"author":5,"featured_media":160059,"comment_status":"open","ping_status":"open","sticky":false,"template":"","format":"standard","meta":{"_monsterinsights_skip_tracking":false,"_monsterinsights_sitenote_active":false,"_monsterinsights_sitenote_note":"","_monsterinsights_sitenote_category":0,"footnotes":""},"categories":[3],"tags":[11708,27893,26845],"class_list":["post-160058","post","type-post","status-publish","format-standard","has-post-thumbnail","hentry","category-nacional","tag-alfonso-navarrete-prida","tag-procuraduria-general-de-justicia-del-distrito-federal","tag-rodolfo-rios-garza"],"_links":{"self":[{"href":"https:\/\/www.diarioimagen.net\/index.php?rest_route=\/wp\/v2\/posts\/160058","targetHints":{"allow":["GET"]}}],"collection":[{"href":"https:\/\/www.diarioimagen.net\/index.php?rest_route=\/wp\/v2\/posts"}],"about":[{"href":"https:\/\/www.diarioimagen.net\/index.php?rest_route=\/wp\/v2\/types\/post"}],"author":[{"embeddable":true,"href":"https:\/\/www.diarioimagen.net\/index.php?rest_route=\/wp\/v2\/users\/5"}],"replies":[{"embeddable":true,"href":"https:\/\/www.diarioimagen.net\/index.php?rest_route=%2Fwp%2Fv2%2Fcomments&post=160058"}],"version-history":[{"count":0,"href":"https:\/\/www.diarioimagen.net\/index.php?rest_route=\/wp\/v2\/posts\/160058\/revisions"}],"wp:featuredmedia":[{"embeddable":true,"href":"https:\/\/www.diarioimagen.net\/index.php?rest_route=\/wp\/v2\/media\/160059"}],"wp:attachment":[{"href":"https:\/\/www.diarioimagen.net\/index.php?rest_route=%2Fwp%2Fv2%2Fmedia&parent=160058"}],"wp:term":[{"taxonomy":"category","embeddable":true,"href":"https:\/\/www.diarioimagen.net\/index.php?rest_route=%2Fwp%2Fv2%2Fcategories&post=160058"},{"taxonomy":"post_tag","embeddable":true,"href":"https:\/\/www.diarioimagen.net\/index.php?rest_route=%2Fwp%2Fv2%2Ftags&post=160058"}],"curies":[{"name":"wp","href":"https:\/\/api.w.org\/{rel}","templated":true}]}}