{"id":160067,"date":"2014-01-21T00:06:02","date_gmt":"2014-01-21T06:06:02","guid":{"rendered":"http:\/\/www.diarioimagen.net\/?p=160067"},"modified":"2014-01-22T02:43:28","modified_gmt":"2014-01-22T08:43:28","slug":"eav-inaugura-instalaciones-judiciales-en-atlacomulco","status":"publish","type":"post","link":"https:\/\/www.diarioimagen.net\/?p=160067","title":{"rendered":"EAV inaugura instalaciones judiciales en Atlacomulco"},"content":{"rendered":"<ul>\n<li><strong><em>Adem\u00e1s, anuncia que se concluir\u00e1 la edificaci\u00f3n de los penales de Tenango y Tenancingo y se reequipar\u00e1 el femenil de Nezahualc\u00f3yotl<\/em><\/strong><\/li>\n<\/ul>\n<div id=\"attachment_160130\" style=\"width: 250px\" class=\"wp-caption alignleft\"><a href=\"http:\/\/www.diarioimagen.net\/wp-content\/uploads\/2014\/01\/eruviel-2275.jpg\"><img loading=\"lazy\" decoding=\"async\" aria-describedby=\"caption-attachment-160130\" class=\"size-medium wp-image-160130\" alt=\"El gobernador Eruviel \u00c1vila Villegas destac\u00f3 que el trabajo conjunto entre el gobierno del Estado de M\u00e9xico y el Poder Judicial de la entidad ha permitido el fortalecimiento de la infraestructura en materia de justicia, y en ese sentido anunci\u00f3 que ambas instancias unir\u00e1n recursos econ\u00f3micos para concluir los Centros de Readaptaci\u00f3n Social de Tenango y Tenancingo, as\u00ed como para el reequipamiento del Centro de Readaptaci\u00f3n Femenil en Nezahualc\u00f3yotl.\" src=\"http:\/\/www.diarioimagen.net\/wp-content\/uploads\/2014\/01\/eruviel-2275-240x135.jpg\" width=\"240\" height=\"135\" srcset=\"https:\/\/www.diarioimagen.net\/wp-content\/uploads\/2014\/01\/eruviel-2275-240x135.jpg 240w, https:\/\/www.diarioimagen.net\/wp-content\/uploads\/2014\/01\/eruviel-2275-420x236.jpg 420w, https:\/\/www.diarioimagen.net\/wp-content\/uploads\/2014\/01\/eruviel-2275-235x132.jpg 235w, https:\/\/www.diarioimagen.net\/wp-content\/uploads\/2014\/01\/eruviel-2275-202x114.jpg 202w, https:\/\/www.diarioimagen.net\/wp-content\/uploads\/2014\/01\/eruviel-2275-350x196.jpg 350w, https:\/\/www.diarioimagen.net\/wp-content\/uploads\/2014\/01\/eruviel-2275-220x123.jpg 220w, https:\/\/www.diarioimagen.net\/wp-content\/uploads\/2014\/01\/eruviel-2275-237x132.jpg 237w, https:\/\/www.diarioimagen.net\/wp-content\/uploads\/2014\/01\/eruviel-2275.jpg 480w\" sizes=\"auto, (max-width: 240px) 100vw, 240px\" \/><\/a><p id=\"caption-attachment-160130\" class=\"wp-caption-text\">El gobernador Eruviel \u00c1vila Villegas destac\u00f3 que el trabajo conjunto entre el gobierno del Estado de M\u00e9xico y el Poder Judicial de la entidad ha permitido el fortalecimiento de la infraestructura en materia de justicia, y en ese sentido anunci\u00f3 que ambas instancias unir\u00e1n recursos econ\u00f3micos para concluir los Centros de Readaptaci\u00f3n Social de Tenango y Tenancingo, as\u00ed como para el reequipamiento del Centro de Readaptaci\u00f3n Femenil en Nezahualc\u00f3yotl.<\/p><\/div>\n<p><strong>Atlacomulco, Estado de M\u00e9xico<\/strong>.- Al inaugurar juzgados e instalaciones judiciales en el municipio de Atlacomulco, el gobernador Eruviel \u00c1vila Villegas destac\u00f3 que el trabajo conjunto entre el gobierno del Estado de M\u00e9xico y el Poder Judicial de la entidad, ha permitido el fortalecimiento de la infraestructura en materia de justicia, y en ese sentido anunci\u00f3 que ambas instancias unir\u00e1n recursos econ\u00f3micos para concluir los Centros de Readaptaci\u00f3n Social de Tenango y Tenancingo, as\u00ed como para el reequipamiento del Centro de Readaptaci\u00f3n Femenil en Nezahualc\u00f3yotl y la rehabilitaci\u00f3n del Centro Psicosocial Neza Norte.<\/p>\n<p>\u201cEl gobierno del Estado de M\u00e9xico siempre ha sido solidario,\u00a0 muy respetuoso de la vida del Poder Judicial de nuestra entidad y, desde luego, tambi\u00e9n seguiremos trabajando en equipo para poder consolidar obras como las que hoy tenemos aqu\u00ed en Atlacomulco. Cuando se trabaja en equipo se logra mucho m\u00e1s, y quien sale ganando cuando hay coordinaci\u00f3n,\u00a0 colaboraci\u00f3n, podemos los diferentes niveles de gobierno, poderes p\u00fablicos compartir facultades, recursos humanos, recursos financieros, quien gana finalmente es la gente\u201d, expres\u00f3.<\/p>\n<p>As\u00ed lo se\u00f1al\u00f3 Eruviel \u00c1vila, al inaugurar, junto con Baruch Delgado Carbajal, presidente del Tribunal Superior de Justicia del Estado de M\u00e9xico, el Edificio de Juzgados Civiles y del Centro de Mediaci\u00f3n de Atlacomulco, construidos en un terreno, donado por el gobierno estatal, con una superficie superior a seis mil 600 metros cuadrados, donde se invirtieron m\u00e1s de 37 millones de pesos, para tener mexiquenses mejor protegidos.<\/p>\n<p>Las nuevas instalaciones albergar\u00e1n los Juzgados Civiles, el Juzgado\u00a0 Civil de Cuant\u00eda Menor de Atlacomulco, al Juzgado Civil de Primera Instancia que tiende asuntos en materia civil, mercantil y familiar; as\u00ed como al Centro de Medici\u00f3n para atender a la poblaci\u00f3n de municipios como El Oro, Acambay, San Jos\u00e9 del Rinc\u00f3n, Temascalcingo y Atlacomulco.<\/p>\n<p>Eruviel \u00c1vila agradeci\u00f3 la participaci\u00f3n del Poder Judicial para concluir los Centros de Readaptaci\u00f3n Social de Tenango y Tenancingo, en los cuales el gobierno estatal ha invertido mil 140 millones de pesos para el de Tenango del Valle, que tiene un avance de 90 por ciento, con capacidad para 665 internos; en el caso del centro de Tenancingo, presenta un desarrollo de 87 por ciento, para albergar 716 internos.<\/p>\n<p>Aunado a ello el gobierno estatal proyecta el reequipamiento del Centro de Readaptaci\u00f3n Femenil Neza Sur, con un avance del 91 por ciento y capacidad de 250 internas, con una inversi\u00f3n de 58 millones de pesos y la rehabilitaci\u00f3n del Centro Psicosocial Neza Norte, con evoluci\u00f3n del 91 por ciento.<\/p>\n<p>Luego de develar la placa inaugural de estas instalaciones, el gobernador se\u00f1al\u00f3 que recientemente envi\u00f3 a la Legislatura local, una iniciativa de Ley para reformar la Ley Org\u00e1nica del Poder Judicial del Estado de M\u00e9xico, con el prop\u00f3sito de que el Consejo de la Judicatura mantenga su autonom\u00eda y fortaleza.<\/p>\n<p>Baruch Delgado Carbajal, presidente del Tribunal Superior de Justicia del Estado de M\u00e9xico, detall\u00f3 que las nuevas instalaciones albergar\u00e1n los Juzgados Civiles, el Juzgado\u00a0 Civil de Cuant\u00eda Menor de Atlacomulco, al Juzgado Civil de Primera Instancia que tiende asuntos en materia civil, mercantil y familiar; as\u00ed como al Centro de Medici\u00f3n para atender a la poblaci\u00f3n de municipios como El Oro, Acambay, San Jos\u00e9 del Rinc\u00f3n, Temascalcingo y Atlacomulco.<\/p>\n<p>En el evento estuvieron presentes Aar\u00f3n Urbina Bedolla y Juan Abad de Jes\u00fas, presidentes de la Junta de Coordinaci\u00f3n Pol\u00edtica y de la Diputaci\u00f3n Permanente de la 58 Legislatura Local, respectivamente; Aturo V\u00e9lez Escamilla, alcalde de Atlacomulco; Fidel Almanza Monroy, diputado local; Marco Antonio Morales G\u00f3mez, presidente de la Comisi\u00f3n de Derechos Humanos estatal, entre otros.<\/p>\n","protected":false},"excerpt":{"rendered":"<p>Al inaugurar juzgados e instalaciones judiciales en el municipio de Atlacomulco, el gobernador Eruviel \u00c1vila Villegas destac\u00f3 que el trabajo conjunto entre el gobierno del Estado de M\u00e9xico y el Poder Judicial de la entidad, ha permitido el fortalecimiento de la infraestructura en materia de justicia, y en ese sentido anunci\u00f3 que ambas instancias unir\u00e1n recursos econ\u00f3micos para concluir los Centros de Readaptaci\u00f3n Social de Tenango y Tenancingo, as\u00ed como para el reequipamiento del Centro de Readaptaci\u00f3n Femenil en Nezahualc\u00f3yotl y la rehabilitaci\u00f3n del Centro Psicosocial Neza Norte.<\/p>\n","protected":false},"author":3,"featured_media":160130,"comment_status":"open","ping_status":"open","sticky":false,"template":"","format":"standard","meta":{"_monsterinsights_skip_tracking":false,"_monsterinsights_sitenote_active":false,"_monsterinsights_sitenote_note":"","_monsterinsights_sitenote_category":0,"footnotes":""},"categories":[17,5],"tags":[1302,7665,5828,43675],"class_list":["post-160067","post","type-post","status-publish","format-standard","has-post-thumbnail","hentry","category-especiales","category-estado-de-mexico","tag-atlacomulco","tag-centro-de-readaptacion-social","tag-eruviel-avila-villegas","tag-estado-de-mexico"],"_links":{"self":[{"href":"https:\/\/www.diarioimagen.net\/index.php?rest_route=\/wp\/v2\/posts\/160067","targetHints":{"allow":["GET"]}}],"collection":[{"href":"https:\/\/www.diarioimagen.net\/index.php?rest_route=\/wp\/v2\/posts"}],"about":[{"href":"https:\/\/www.diarioimagen.net\/index.php?rest_route=\/wp\/v2\/types\/post"}],"author":[{"embeddable":true,"href":"https:\/\/www.diarioimagen.net\/index.php?rest_route=\/wp\/v2\/users\/3"}],"replies":[{"embeddable":true,"href":"https:\/\/www.diarioimagen.net\/index.php?rest_route=%2Fwp%2Fv2%2Fcomments&post=160067"}],"version-history":[{"count":0,"href":"https:\/\/www.diarioimagen.net\/index.php?rest_route=\/wp\/v2\/posts\/160067\/revisions"}],"wp:featuredmedia":[{"embeddable":true,"href":"https:\/\/www.diarioimagen.net\/index.php?rest_route=\/wp\/v2\/media\/160130"}],"wp:attachment":[{"href":"https:\/\/www.diarioimagen.net\/index.php?rest_route=%2Fwp%2Fv2%2Fmedia&parent=160067"}],"wp:term":[{"taxonomy":"category","embeddable":true,"href":"https:\/\/www.diarioimagen.net\/index.php?rest_route=%2Fwp%2Fv2%2Fcategories&post=160067"},{"taxonomy":"post_tag","embeddable":true,"href":"https:\/\/www.diarioimagen.net\/index.php?rest_route=%2Fwp%2Fv2%2Ftags&post=160067"}],"curies":[{"name":"wp","href":"https:\/\/api.w.org\/{rel}","templated":true}]}}