{"id":160086,"date":"2014-01-21T00:09:35","date_gmt":"2014-01-21T06:09:35","guid":{"rendered":"http:\/\/www.diarioimagen.net\/?p=160086"},"modified":"2014-01-21T03:31:42","modified_gmt":"2014-01-21T09:31:42","slug":"infonavit-incrementara-monto-de-sus-creditos","status":"publish","type":"post","link":"https:\/\/www.diarioimagen.net\/?p=160086","title":{"rendered":"Infonavit incrementar\u00e1 monto de sus cr\u00e9ditos"},"content":{"rendered":"<ul>\n<li><strong><em>Pasan de 435 mil a 700 mil pesos<\/em><\/strong><\/li>\n<\/ul>\n<div id=\"attachment_160166\" style=\"width: 250px\" class=\"wp-caption alignleft\"><a href=\"http:\/\/www.diarioimagen.net\/wp-content\/uploads\/2014\/01\/INFONAVIT-2275.jpg\"><img loading=\"lazy\" decoding=\"async\" aria-describedby=\"caption-attachment-160166\" class=\"size-medium wp-image-160166\" alt=\"Alejandro Murat, director general del Infonavit.\" src=\"http:\/\/www.diarioimagen.net\/wp-content\/uploads\/2014\/01\/INFONAVIT-2275-240x135.jpg\" width=\"240\" height=\"135\" srcset=\"https:\/\/www.diarioimagen.net\/wp-content\/uploads\/2014\/01\/INFONAVIT-2275-240x135.jpg 240w, https:\/\/www.diarioimagen.net\/wp-content\/uploads\/2014\/01\/INFONAVIT-2275-420x236.jpg 420w, https:\/\/www.diarioimagen.net\/wp-content\/uploads\/2014\/01\/INFONAVIT-2275-235x132.jpg 235w, https:\/\/www.diarioimagen.net\/wp-content\/uploads\/2014\/01\/INFONAVIT-2275-202x114.jpg 202w, https:\/\/www.diarioimagen.net\/wp-content\/uploads\/2014\/01\/INFONAVIT-2275-350x196.jpg 350w, https:\/\/www.diarioimagen.net\/wp-content\/uploads\/2014\/01\/INFONAVIT-2275-220x123.jpg 220w, https:\/\/www.diarioimagen.net\/wp-content\/uploads\/2014\/01\/INFONAVIT-2275-237x132.jpg 237w, https:\/\/www.diarioimagen.net\/wp-content\/uploads\/2014\/01\/INFONAVIT-2275.jpg 480w\" sizes=\"auto, (max-width: 240px) 100vw, 240px\" \/><\/a><p id=\"caption-attachment-160166\" class=\"wp-caption-text\">Alejandro Murat, director general del Infonavit.<\/p><\/div>\n<p>El Infonavit ampliar\u00e1 el monto de sus cr\u00e9ditos, que actualmente llega a 435 mil pesos hasta 700 mil pesos, para ofrecer una mayor capacidad de compra a los trabajadores.<\/p>\n<p>El director general del Instituto del Fondo Nacional para la Vivienda de los Trabajadores (Infonavit), Alejandro Murat, dijo que esto forma parte de las medidas que establecer\u00e1 el organismo para ampliar la demanda de cr\u00e9ditos hipotecarios de este instituto.<\/p>\n<p>\u201cNosotros estamos planteando cuatro programas puntuales este a\u00f1o para ampliar la demanda, es decir, atender sectores que no se hab\u00edan atendido, en donde hay una gran oportunidad de generar una cartera robusta de nuevos perfiles de derechohabientes\u201d, coment\u00f3.<\/p>\n<p>En conferencia de prensa, donde se reunieron todos los representantes de la industria de la vivienda, dijo que el Infonavit en conjunto con la Comisi\u00f3n Nacional de Vivienda (Conavi) plantear\u00e1 a su consejo el incremento de los montos del cr\u00e9dito.<\/p>\n<p>&nbsp;<\/p>\n","protected":false},"excerpt":{"rendered":"<p>El Infonavit ampliar\u00e1 el monto de sus cr\u00e9ditos, que actualmente llega a 435 mil pesos hasta 700 mil pesos, para ofrecer una mayor capacidad de compra a los trabajadores.<\/p>\n","protected":false},"author":3,"featured_media":160166,"comment_status":"open","ping_status":"open","sticky":false,"template":"","format":"standard","meta":{"_monsterinsights_skip_tracking":false,"_monsterinsights_sitenote_active":false,"_monsterinsights_sitenote_note":"","_monsterinsights_sitenote_category":0,"footnotes":""},"categories":[3],"tags":[27737,8498,2851],"class_list":["post-160086","post","type-post","status-publish","format-standard","has-post-thumbnail","hentry","category-nacional","tag-alejandro-murat-hinojosa","tag-credito","tag-infonavit"],"_links":{"self":[{"href":"https:\/\/www.diarioimagen.net\/index.php?rest_route=\/wp\/v2\/posts\/160086","targetHints":{"allow":["GET"]}}],"collection":[{"href":"https:\/\/www.diarioimagen.net\/index.php?rest_route=\/wp\/v2\/posts"}],"about":[{"href":"https:\/\/www.diarioimagen.net\/index.php?rest_route=\/wp\/v2\/types\/post"}],"author":[{"embeddable":true,"href":"https:\/\/www.diarioimagen.net\/index.php?rest_route=\/wp\/v2\/users\/3"}],"replies":[{"embeddable":true,"href":"https:\/\/www.diarioimagen.net\/index.php?rest_route=%2Fwp%2Fv2%2Fcomments&post=160086"}],"version-history":[{"count":0,"href":"https:\/\/www.diarioimagen.net\/index.php?rest_route=\/wp\/v2\/posts\/160086\/revisions"}],"wp:featuredmedia":[{"embeddable":true,"href":"https:\/\/www.diarioimagen.net\/index.php?rest_route=\/wp\/v2\/media\/160166"}],"wp:attachment":[{"href":"https:\/\/www.diarioimagen.net\/index.php?rest_route=%2Fwp%2Fv2%2Fmedia&parent=160086"}],"wp:term":[{"taxonomy":"category","embeddable":true,"href":"https:\/\/www.diarioimagen.net\/index.php?rest_route=%2Fwp%2Fv2%2Fcategories&post=160086"},{"taxonomy":"post_tag","embeddable":true,"href":"https:\/\/www.diarioimagen.net\/index.php?rest_route=%2Fwp%2Fv2%2Ftags&post=160086"}],"curies":[{"name":"wp","href":"https:\/\/api.w.org\/{rel}","templated":true}]}}