{"id":160088,"date":"2014-01-21T00:04:16","date_gmt":"2014-01-21T06:04:16","guid":{"rendered":"http:\/\/www.diarioimagen.net\/?p=160088"},"modified":"2014-01-21T03:41:26","modified_gmt":"2014-01-21T09:41:26","slug":"el-regreso-de-calderon","status":"publish","type":"post","link":"https:\/\/www.diarioimagen.net\/?p=160088","title":{"rendered":"El regreso de Calder\u00f3n"},"content":{"rendered":"<h2>Punto por punto<\/h2>\n<h5>Augusto Corro<\/h5>\n<p><span><br \/>\nLos michoacanos llevan varios a\u00f1os de vivir en la zozobra y la angustia. La presencia del crimen organizado trastoc\u00f3 la tranquilidad y la paz. Pero no s\u00f3lo los delincuentes propiciaron el caos, tambi\u00e9n las autoridades colaboraron para hacer de Michoac\u00e1n un infierno.<\/span><\/p>\n<p>Para empezar, los gobiernos perredistas de L\u00e1zaro C\u00e1rdenas Batel y Leonel Godoy no pudieron controlar el crecimiento constante de los grupos de narcos. Al contrario, los c\u00e1rteles de la droga crecieron incontenibles.<\/p>\n<p>Tal es el caso de \u201cLos Caballeros Templarios\u201d\u00a0 para no ir tan lejos. Ahora que la fuerza p\u00fablica y las autodefensas entraron a los pueblos, se ha podido comprobar la vida de ricos que se daban los delincuentes con el dinero amasado ilegalmente.<\/p>\n<p>Fastuosas residencias construidas y amuebladas con recursos del narcotr\u00e1fico, los secuestros y las extorsiones. Para conseguir esas fortunas tuvieron que llevarse un tiempo considerable y el apoyo de las autoridades que serv\u00edan de tapaderas.<\/p>\n<p>Claro, en ese desbarajuste registrado en Michoac\u00e1n tambi\u00e9n se debe se\u00f1alar la inoperancia del gobierno de Felipe Calder\u00f3n. Sin ninguna estrategia envi\u00f3 a la fuerza p\u00fablica a hacer el rid\u00edculo. Transcurrieron seis largos a\u00f1os y no cambi\u00f3 la situaci\u00f3n de violencia en la entidad.<\/p>\n<p>La guerra fallida de Calder\u00f3n provoc\u00f3 m\u00e1s p\u00e9rdidas que beneficios. Los resultados de los enfrentamientos entre los grupos delincuenciales y \u00e9stos contra las fuerzas del orden dej\u00f3 cientos de muertos y desaparecidos.<\/p>\n<p>Se le recomend\u00f3 al entonces mandatario que cambiara su estrategia, pero no lo hizo. Las consecuencias se reflejaron en la econom\u00eda y en la poblaci\u00f3n: la econom\u00eda se afect\u00f3 negativamente, y el tejido social qued\u00f3 hecho trizas.<\/p>\n<p>Los estragos econ\u00f3micos y sociales quedaron como testimonio de la mala administraci\u00f3n de los gobiernos estatales y federal. En tanto, los grupos del crimen organizado viv\u00edan su temporada de bonanza.\u00a0 Nada se dice de la irresponsabilidad de C\u00e1rdenas Batel, de Leonel\u00a0 Godoy y del propio Calder\u00f3n en la guerra contra la delincuencia organizada. Este \u00faltimo ni siquiera conoc\u00eda la fortaleza del enemigo a vencer.\u00a0 Del lado de la autoridad federal estaban cientos de polic\u00edas corruptos y funcionarios coludidos con el crimen organizado. Ya los c\u00e1rteles hab\u00edan realizado su labor para no ser molestados por las autoridades.<\/p>\n<p>Sirva la introducci\u00f3n de lo ocurrido en Michoac\u00e1n para se\u00f1alar que Calder\u00f3n ya prepara su retorno a M\u00e9xico con la idea de que en nuestro pa\u00eds a la poblaci\u00f3n ya se le olvid\u00f3 su cadena de errores.<\/p>\n<p>Para tal fin, el pr\u00f3ximo mes de febrero estar\u00e1 en la presentaci\u00f3n de una fundaci\u00f3n sobre desarrollo sustentable: una organizaci\u00f3n sin mayor relevancia que le permitir\u00e1 a Calder\u00f3n calibrar su reinserci\u00f3n en la vida capitalina.\u00a0 Como se sabe, el ex presidente regresa luego de su estancia en Harvard, donde ilustr\u00f3 a los alumnos sobre manera de gobernar mal un pa\u00eds.<\/p>\n<p>El ambiente que encontrar\u00e1 Calder\u00f3n casi sigue igual al que dej\u00f3. Michoac\u00e1n sigue incendiado, en el Partido Acci\u00f3n Nacional (PAN) las cosas no han cambiado. La lucha por la dirigencia partidista se encuentra en su apogeo.<\/p>\n<p>Como a Calder\u00f3n nadie le ha exigido cuentas por su p\u00e9simo gobierno,\u00a0 en este tema no tendr\u00e1 sobresaltos. Pero en lo que se refiere a la pugna por el poder en su partido, ah\u00ed s\u00ed\u00a0 la situaci\u00f3n estar\u00e1 dif\u00edcil.<\/p>\n<p>Lejos de los reflectores presidenciales, como cualquier hijo de vecino, tendr\u00e1 que enfrentar a Gustavo Madero, quien ha demostrado ser un buen alumno en eso de aprender malas ma\u00f1as. Todo hace suponer que\u00a0 buscar\u00e1 la reelecci\u00f3n. S\u00f3lo que ahora el maneja las riendas pol\u00edticas del partido.<\/p>\n<p>A Cordero, el incondicional de Calder\u00f3n, no tendr\u00e1 la fuerza suficiente para ganarle a Madero. Por cierto, Calder\u00f3n encontrar\u00e1 a un PAN dividido por actos corruptos, entre otros los \u201cmoches\u201d de los diputados panistas, que consistieron en cobrar un porcentaje a los presidentes municipales sobre las cantidades presupuestales que les consegu\u00edan.<\/p>\n<p>El esc\u00e1ndalo sigue y persigue a Madero, pues Cordero supone que ese dinero de los \u201cmoches\u201d podr\u00eda ser utilizado para la campa\u00f1a de su adversario en busca de la presidencia del Comit\u00e9 Ejecutivo Nacional del PAN. Ese es el panorama panista que recibir\u00e1 a Calder\u00f3n.<\/p>\n<p><em><a href=\"mailto:aco2742@hotmail.com\" target=\"_blank\">aco2742@hotmail.com<\/a><\/em><\/p>\n","protected":false},"excerpt":{"rendered":"<p><span style=\"color: #005497;\"><strong>Augusto Corro<\/strong><\/span><\/p>\n","protected":false},"author":3,"featured_media":0,"comment_status":"open","ping_status":"open","sticky":false,"template":"","format":"standard","meta":{"_monsterinsights_skip_tracking":false,"_monsterinsights_sitenote_active":false,"_monsterinsights_sitenote_note":"","_monsterinsights_sitenote_category":0,"footnotes":""},"categories":[157],"tags":[43686,11087,4257,803,43674,11515],"class_list":["post-160088","post","type-post","status-publish","format-standard","hentry","category-augusto-corro","tag-augusto-corro","tag-lazaro-cardenas-batel","tag-leonel-godoy-rangel","tag-michoacan","tag-opinion","tag-punto-por-punto"],"_links":{"self":[{"href":"https:\/\/www.diarioimagen.net\/index.php?rest_route=\/wp\/v2\/posts\/160088","targetHints":{"allow":["GET"]}}],"collection":[{"href":"https:\/\/www.diarioimagen.net\/index.php?rest_route=\/wp\/v2\/posts"}],"about":[{"href":"https:\/\/www.diarioimagen.net\/index.php?rest_route=\/wp\/v2\/types\/post"}],"author":[{"embeddable":true,"href":"https:\/\/www.diarioimagen.net\/index.php?rest_route=\/wp\/v2\/users\/3"}],"replies":[{"embeddable":true,"href":"https:\/\/www.diarioimagen.net\/index.php?rest_route=%2Fwp%2Fv2%2Fcomments&post=160088"}],"version-history":[{"count":0,"href":"https:\/\/www.diarioimagen.net\/index.php?rest_route=\/wp\/v2\/posts\/160088\/revisions"}],"wp:attachment":[{"href":"https:\/\/www.diarioimagen.net\/index.php?rest_route=%2Fwp%2Fv2%2Fmedia&parent=160088"}],"wp:term":[{"taxonomy":"category","embeddable":true,"href":"https:\/\/www.diarioimagen.net\/index.php?rest_route=%2Fwp%2Fv2%2Fcategories&post=160088"},{"taxonomy":"post_tag","embeddable":true,"href":"https:\/\/www.diarioimagen.net\/index.php?rest_route=%2Fwp%2Fv2%2Ftags&post=160088"}],"curies":[{"name":"wp","href":"https:\/\/api.w.org\/{rel}","templated":true}]}}