{"id":160196,"date":"2014-01-22T00:09:16","date_gmt":"2014-01-22T06:09:16","guid":{"rendered":"http:\/\/www.diarioimagen.net\/?p=160196"},"modified":"2014-01-22T02:19:59","modified_gmt":"2014-01-22T08:19:59","slug":"fmi-mantiene-en-3-pronostico-de-crecimiento-para-mexico","status":"publish","type":"post","link":"https:\/\/www.diarioimagen.net\/?p=160196","title":{"rendered":"En este a\u00f1o M\u00e9xico crecer\u00e1 3.0%, dice FMI"},"content":{"rendered":"<ul>\n<li><em><strong>En 2015 ser\u00e1 de 3.5 por ciento<br \/>\n<\/strong><\/em><\/li>\n<\/ul>\n<div id=\"attachment_160337\" style=\"width: 250px\" class=\"wp-caption alignleft\"><a href=\"http:\/\/www.diarioimagen.net\/wp-content\/uploads\/2014\/01\/fondo-2276.jpg\"><img loading=\"lazy\" decoding=\"async\" aria-describedby=\"caption-attachment-160337\" class=\"size-medium wp-image-160337\" alt=\"Christine Lagarde, directora gerente del Fondo Monetario Internacional.\" src=\"http:\/\/www.diarioimagen.net\/wp-content\/uploads\/2014\/01\/fondo-2276-240x135.jpg\" width=\"240\" height=\"135\" srcset=\"https:\/\/www.diarioimagen.net\/wp-content\/uploads\/2014\/01\/fondo-2276-240x135.jpg 240w, https:\/\/www.diarioimagen.net\/wp-content\/uploads\/2014\/01\/fondo-2276-420x236.jpg 420w, https:\/\/www.diarioimagen.net\/wp-content\/uploads\/2014\/01\/fondo-2276-235x132.jpg 235w, https:\/\/www.diarioimagen.net\/wp-content\/uploads\/2014\/01\/fondo-2276-202x114.jpg 202w, https:\/\/www.diarioimagen.net\/wp-content\/uploads\/2014\/01\/fondo-2276-350x196.jpg 350w, https:\/\/www.diarioimagen.net\/wp-content\/uploads\/2014\/01\/fondo-2276-220x123.jpg 220w, https:\/\/www.diarioimagen.net\/wp-content\/uploads\/2014\/01\/fondo-2276-237x132.jpg 237w, https:\/\/www.diarioimagen.net\/wp-content\/uploads\/2014\/01\/fondo-2276.jpg 480w\" sizes=\"auto, (max-width: 240px) 100vw, 240px\" \/><\/a><p id=\"caption-attachment-160337\" class=\"wp-caption-text\">Christine Lagarde, directora gerente del Fondo Monetario Internacional.<\/p><\/div>\n<p><strong>Washington, D.C.<\/strong>&#8211; M\u00e9xico experimentar\u00e1 un crecimiento econ\u00f3mico sostenido este y el pr\u00f3ximo a\u00f1o apoyado en la recuperaci\u00f3n de Estados Unidos, pero tambi\u00e9n en un repunte en la actividad dom\u00e9stica, anticip\u00f3 el Fondo Monetario Internacional (FMI).<\/p>\n<p>De acuerdo con una actualizaci\u00f3n de su reporte Perspectivas de la Econom\u00eda Mundial dado a conocer ayer, M\u00e9xico crecer\u00e1 este a\u00f1o a una tasa de 3.0 por ciento para repuntar a un 3.5 por ciento en 2015, por arriba del gigante del sur Brasil.<\/p>\n<p>\u201cEl mejoramiento proyectado en el crecimiento para este a\u00f1o se debe de manera parcial al mejoramiento en la econom\u00eda de Estados Unidos, pero tambi\u00e9n en nuestra valoraci\u00f3n de lo que pas\u00f3 en 2013\u201d, dijo Thomas Helbling, de la divisi\u00f3n de estudios econ\u00f3micos mundiales del FMI.<\/p>\n<p>En conferencia de prensa, Helbling record\u00f3 que el inesperado bajo crecimiento de 1.2 por ciento que M\u00e9xico experiment\u00f3 en 2013 reflej\u00f3 en particular el desfase en el gasto p\u00fablico, como consecuencia de lo cual muchos proyectos de inversi\u00f3n p\u00fablica se vieron retrasados.<\/p>\n<p>\u201cAnticipamos que estos temas quedar\u00e1n resueltos y que ese crecimiento se colocar\u00e1 de nuevo en un nivel m\u00e1s normal\u201d, dijo.<\/p>\n<p>Helbling hizo notar adem\u00e1s que las cifras contenidas en este nuevo reporte no presentan diferencia alguna respecto de la actualizaci\u00f3n que present\u00f3 en octubre pasado.<\/p>\n","protected":false},"excerpt":{"rendered":"<p>M\u00e9xico experimentar\u00e1 un crecimiento econ\u00f3mico sostenido este y el pr\u00f3ximo a\u00f1o apoyado en la recuperaci\u00f3n de Estados Unidos, pero tambi\u00e9n en un repunte en la actividad dom\u00e9stica, anticip\u00f3 el Fondo Monetario Internacional (FMI).<\/p>\n","protected":false},"author":5,"featured_media":160337,"comment_status":"open","ping_status":"open","sticky":false,"template":"","format":"standard","meta":{"_monsterinsights_skip_tracking":false,"_monsterinsights_sitenote_active":false,"_monsterinsights_sitenote_note":"","_monsterinsights_sitenote_category":0,"footnotes":""},"categories":[3],"tags":[22326,5778,1481,1480,44,43673,336],"class_list":["post-160196","post","type-post","status-publish","format-standard","has-post-thumbnail","hentry","category-nacional","tag-christine-lagarde","tag-d-c","tag-fmi","tag-fondo-monetario-internacional","tag-mexico","tag-nacional","tag-washington"],"_links":{"self":[{"href":"https:\/\/www.diarioimagen.net\/index.php?rest_route=\/wp\/v2\/posts\/160196","targetHints":{"allow":["GET"]}}],"collection":[{"href":"https:\/\/www.diarioimagen.net\/index.php?rest_route=\/wp\/v2\/posts"}],"about":[{"href":"https:\/\/www.diarioimagen.net\/index.php?rest_route=\/wp\/v2\/types\/post"}],"author":[{"embeddable":true,"href":"https:\/\/www.diarioimagen.net\/index.php?rest_route=\/wp\/v2\/users\/5"}],"replies":[{"embeddable":true,"href":"https:\/\/www.diarioimagen.net\/index.php?rest_route=%2Fwp%2Fv2%2Fcomments&post=160196"}],"version-history":[{"count":0,"href":"https:\/\/www.diarioimagen.net\/index.php?rest_route=\/wp\/v2\/posts\/160196\/revisions"}],"wp:featuredmedia":[{"embeddable":true,"href":"https:\/\/www.diarioimagen.net\/index.php?rest_route=\/wp\/v2\/media\/160337"}],"wp:attachment":[{"href":"https:\/\/www.diarioimagen.net\/index.php?rest_route=%2Fwp%2Fv2%2Fmedia&parent=160196"}],"wp:term":[{"taxonomy":"category","embeddable":true,"href":"https:\/\/www.diarioimagen.net\/index.php?rest_route=%2Fwp%2Fv2%2Fcategories&post=160196"},{"taxonomy":"post_tag","embeddable":true,"href":"https:\/\/www.diarioimagen.net\/index.php?rest_route=%2Fwp%2Fv2%2Ftags&post=160196"}],"curies":[{"name":"wp","href":"https:\/\/api.w.org\/{rel}","templated":true}]}}