{"id":160208,"date":"2014-01-22T00:00:29","date_gmt":"2014-01-22T06:00:29","guid":{"rendered":"http:\/\/www.diarioimagen.net\/?p=160208"},"modified":"2014-01-22T02:44:17","modified_gmt":"2014-01-22T08:44:17","slug":"al-fin-navarrete-prida-presento-denuncia-por-robo-de-un-reloj","status":"publish","type":"post","link":"https:\/\/www.diarioimagen.net\/?p=160208","title":{"rendered":"Al fin, Navarrete Prida present\u00f3 denuncia por robo de su reloj"},"content":{"rendered":"<ul>\n<li><em><strong>Dice que vale siete mil 500 d\u00f3lares y que fue un regalo que le hizo su padre luego de ganar una elecci\u00f3n<\/strong><\/em><\/li>\n<\/ul>\n<div id=\"attachment_160209\" style=\"width: 250px\" class=\"wp-caption alignleft\"><a href=\"http:\/\/www.diarioimagen.net\/wp-content\/uploads\/2014\/01\/navarrete-portal.jpg\"><img loading=\"lazy\" decoding=\"async\" aria-describedby=\"caption-attachment-160209\" class=\"size-medium wp-image-160209\" alt=\"Y es que horas antes, el titular de la Procuradur\u00eda General de Justicia del Distrito Federal, Rodolfo R\u00edos, refiri\u00f3 que hab\u00eda abierto una investigaci\u00f3n sobre el asalto a Navarrete Prida, a quien un sujeto le hab\u00eda robado un reloj. \" src=\"http:\/\/www.diarioimagen.net\/wp-content\/uploads\/2014\/01\/navarrete-portal-240x135.jpg\" width=\"240\" height=\"135\" srcset=\"https:\/\/www.diarioimagen.net\/wp-content\/uploads\/2014\/01\/navarrete-portal-240x135.jpg 240w, https:\/\/www.diarioimagen.net\/wp-content\/uploads\/2014\/01\/navarrete-portal-420x236.jpg 420w, https:\/\/www.diarioimagen.net\/wp-content\/uploads\/2014\/01\/navarrete-portal-235x132.jpg 235w, https:\/\/www.diarioimagen.net\/wp-content\/uploads\/2014\/01\/navarrete-portal-202x114.jpg 202w, https:\/\/www.diarioimagen.net\/wp-content\/uploads\/2014\/01\/navarrete-portal-350x196.jpg 350w, https:\/\/www.diarioimagen.net\/wp-content\/uploads\/2014\/01\/navarrete-portal-220x123.jpg 220w, https:\/\/www.diarioimagen.net\/wp-content\/uploads\/2014\/01\/navarrete-portal-237x132.jpg 237w, https:\/\/www.diarioimagen.net\/wp-content\/uploads\/2014\/01\/navarrete-portal.jpg 480w\" sizes=\"auto, (max-width: 240px) 100vw, 240px\" \/><\/a><p id=\"caption-attachment-160209\" class=\"wp-caption-text\">Y es que horas antes, el titular de la Procuradur\u00eda General de Justicia del Distrito Federal, Rodolfo R\u00edos, refiri\u00f3 que hab\u00eda abierto una investigaci\u00f3n sobre el asalto a Navarrete Prida, a quien un sujeto le hab\u00eda robado un reloj.<\/p><\/div>\n<p>Contrario a sus dichos del d\u00eda anterior, el secretario de Trabajo, Alfonso Navarrete Prida, se\u00f1al\u00f3 ayer que s\u00ed present\u00f3 la denuncia por el robo que sufri\u00f3 este fin de semana en una plaza comercial. Se\u00f1al\u00f3 que inicialmente no dio a conocer los hechos porque se trata de una averiguaci\u00f3n previa.<\/p>\n<p>Al justificar el precio de 7 mil 500 d\u00f3lares del reloj que le robaron, dijo que se debe a que es un regalo que su padre le dio luego de haber ganado en una contienda electoral. El funcionario tambi\u00e9n indic\u00f3 que la posesi\u00f3n del reloj fue reportada en su declaraci\u00f3n patrimonial.<\/p>\n<p>El lunes, sobre las versiones de que habr\u00eda sufrido un asalto en una plaza comercial, Navarrete Prida, se\u00f1al\u00f3 que s\u00f3lo hab\u00eda sido testigo, pero no v\u00edctima de los hechos, y a trav\u00e9s de su cuenta de Twitter emiti\u00f3 dos mensajes sobre el incidente.<\/p>\n<p>En el primero de ellos escribi\u00f3: \u201cEl d\u00eda de ayer ocurri\u00f3 un incidente en Plaza Antara estando yo en el lugar, fue atendido por el personal de seguridad\u201d. Posteriormente envi\u00f3 otro mensaje en el que se\u00f1ala que: \u201cla autoridad judicial correspondiente inici\u00f3 la averiguaci\u00f3n del caso\u201d. Cuestionado sobre la informaci\u00f3n previa de la Procuradur\u00eda capitalina en el sentido de que hab\u00eda sido v\u00edctima de un asalto, Navarrete respondi\u00f3 que \u00e9l no iba a entrar en pol\u00e9mica alguna.<\/p>\n<p>Y es que horas antes, el titular de la Procuradur\u00eda General de Justicia del Distrito Federal, Rodolfo R\u00edos, refiri\u00f3 que hab\u00eda abierto una investigaci\u00f3n sobre el asalto a Navarrete Prida, a quien un sujeto le hab\u00eda robado un reloj. El il\u00edcito, seg\u00fan el procurador, habr\u00eda ocurrido cuando Navarrete reci\u00e9n sal\u00eda del centro comercial, en uno de los pasillos que dan hacia el valet parking. La PGJDF hab\u00eda aclarado que no hab\u00eda recibido una denuncia formal por parte del secretario sobre estos hechos.<\/p>\n<p>Sobre el tema de la inseguridad, el presidente de la Confederaci\u00f3n Patronal de la Rep\u00fablica Mexicana (Coparmex), Juan Pablo Casta\u00f1\u00f3n, asegur\u00f3 que el sector productivo pierde cada a\u00f1o unos 65 mil millones de pesos debido a la delincuencia en el pa\u00eds.<\/p>\n<p>Calific\u00f3 de preocupante que agencias internacionales ubiquen a M\u00e9xico como l\u00edder en secuestros, crimen que s\u00f3lo en 2013 creci\u00f3 alrededor del 15 por ciento.<b><\/b><\/p>\n","protected":false},"excerpt":{"rendered":"<p>Contrario a sus dichos del d\u00eda anterior, el secretario de Trabajo, Alfonso Navarrete Prida, se\u00f1al\u00f3 ayer que s\u00ed present\u00f3 la denuncia por el robo que sufri\u00f3 este fin de semana en una plaza comercial. Se\u00f1al\u00f3 que inicialmente no dio a conocer los hechos porque se trata de una averiguaci\u00f3n previa.<\/p>\n","protected":false},"author":5,"featured_media":160209,"comment_status":"open","ping_status":"open","sticky":false,"template":"","format":"standard","meta":{"_monsterinsights_skip_tracking":false,"_monsterinsights_sitenote_active":false,"_monsterinsights_sitenote_note":"","_monsterinsights_sitenote_category":0,"footnotes":""},"categories":[17,7],"tags":[11708,28280,43673,13955,2538,43677],"class_list":["post-160208","post","type-post","status-publish","format-standard","has-post-thumbnail","hentry","category-especiales","category-seguridad","tag-alfonso-navarrete-prida","tag-juan-pablo-castanon","tag-nacional","tag-robo","tag-secretaria-del-trabajo","tag-seguridad"],"_links":{"self":[{"href":"https:\/\/www.diarioimagen.net\/index.php?rest_route=\/wp\/v2\/posts\/160208","targetHints":{"allow":["GET"]}}],"collection":[{"href":"https:\/\/www.diarioimagen.net\/index.php?rest_route=\/wp\/v2\/posts"}],"about":[{"href":"https:\/\/www.diarioimagen.net\/index.php?rest_route=\/wp\/v2\/types\/post"}],"author":[{"embeddable":true,"href":"https:\/\/www.diarioimagen.net\/index.php?rest_route=\/wp\/v2\/users\/5"}],"replies":[{"embeddable":true,"href":"https:\/\/www.diarioimagen.net\/index.php?rest_route=%2Fwp%2Fv2%2Fcomments&post=160208"}],"version-history":[{"count":0,"href":"https:\/\/www.diarioimagen.net\/index.php?rest_route=\/wp\/v2\/posts\/160208\/revisions"}],"wp:featuredmedia":[{"embeddable":true,"href":"https:\/\/www.diarioimagen.net\/index.php?rest_route=\/wp\/v2\/media\/160209"}],"wp:attachment":[{"href":"https:\/\/www.diarioimagen.net\/index.php?rest_route=%2Fwp%2Fv2%2Fmedia&parent=160208"}],"wp:term":[{"taxonomy":"category","embeddable":true,"href":"https:\/\/www.diarioimagen.net\/index.php?rest_route=%2Fwp%2Fv2%2Fcategories&post=160208"},{"taxonomy":"post_tag","embeddable":true,"href":"https:\/\/www.diarioimagen.net\/index.php?rest_route=%2Fwp%2Fv2%2Ftags&post=160208"}],"curies":[{"name":"wp","href":"https:\/\/api.w.org\/{rel}","templated":true}]}}