{"id":160238,"date":"2014-01-22T00:06:43","date_gmt":"2014-01-22T06:06:43","guid":{"rendered":"http:\/\/www.diarioimagen.net\/?p=160238"},"modified":"2014-01-23T03:38:26","modified_gmt":"2014-01-23T09:38:26","slug":"eruviel-avila-entrega-obras-en-tecnologico-de-villa-guerrero","status":"publish","type":"post","link":"https:\/\/www.diarioimagen.net\/?p=160238","title":{"rendered":"Eruviel \u00c1vila entrega obras en Tecnol\u00f3gico de Villa Guerrero"},"content":{"rendered":"<ul>\n<li><strong><em>Durante el acto, el gobernador inform\u00f3 que en esta temporada de fr\u00edo se han aplicado 2.7 millones de vacunas contra la influenza<\/em><\/strong><\/li>\n<\/ul>\n<div id=\"attachment_160316\" style=\"width: 250px\" class=\"wp-caption alignleft\"><a href=\"http:\/\/www.diarioimagen.net\/wp-content\/uploads\/2014\/01\/eruviel-2276.jpg\"><img loading=\"lazy\" decoding=\"async\" aria-describedby=\"caption-attachment-160316\" class=\"size-medium wp-image-160316\" alt=\"El gobernador Eruviel \u00c1vila Villegas inaugur\u00f3 obras realizadas en el Tecnol\u00f3gico de Estudios Superiores de este municipio, en las que se invirtieron 21 millones de pesos en beneficio de mil 500 alumnos.\" src=\"http:\/\/www.diarioimagen.net\/wp-content\/uploads\/2014\/01\/eruviel-2276-240x159.jpg\" width=\"240\" height=\"159\" srcset=\"https:\/\/www.diarioimagen.net\/wp-content\/uploads\/2014\/01\/eruviel-2276-240x159.jpg 240w, https:\/\/www.diarioimagen.net\/wp-content\/uploads\/2014\/01\/eruviel-2276-420x279.jpg 420w, https:\/\/www.diarioimagen.net\/wp-content\/uploads\/2014\/01\/eruviel-2276.jpg 700w\" sizes=\"auto, (max-width: 240px) 100vw, 240px\" \/><\/a><p id=\"caption-attachment-160316\" class=\"wp-caption-text\">El gobernador Eruviel \u00c1vila Villegas inaugur\u00f3 obras realizadas en el Tecnol\u00f3gico de Estudios Superiores de este municipio, en las que se invirtieron 21 millones de pesos en beneficio de mil 500 alumnos.<\/p><\/div>\n<p><strong>Villa Guerrero, Estado de M\u00e9xico<\/strong>.- Durante la entrega de obras de infraestructura del Tecnol\u00f3gico de Estudios Superiores de Villa\u00a0 Guerrero, el gobernador Eruviel \u00c1vila Villegas destac\u00f3 que a pesar de que se han presentado bajas temperaturas en la entidad, no se han registrado complicaciones en la salud de la poblaci\u00f3n, por lo que se mantienen las acciones preventivas para evitar el aumento de enfermedades respiratorias, como la influenza y el neumococo, mediante la aplicaci\u00f3n de vacunas gratuitas, con el objetivo de contar con mexiquenses m\u00e1s sanos.<\/p>\n<p>\u201cAun cuando hemos tenido intensos fr\u00edos aqu\u00ed en el Estado de M\u00e9xico, hemos alcanzado temperaturas de menos dos grados, cero grados, un grado, hemos estado\u00a0 muy al pendiente de la gente, hemos estado apoyando a los ni\u00f1os, a los adultos mayores, a los enfermitos, a quienes padecen alguna enfermedad cr\u00f3nica. Les invito que si no se han vacunado contra la influenza, por favor, acudan a su centro de salud para ser preventivos, aqu\u00ed en el Estado de M\u00e9xico tenemos afortunadamente controlada esta circunstancia, esta situaci\u00f3n no nos ha afectado, estamos al pendiente de los pacientes que tengan alg\u00fan s\u00edntoma de gripa y estamos atendi\u00e9ndolos con los protocolos m\u00e9dicos\u00a0 que se requieren, as\u00ed es que la mejor cura es la prevenci\u00f3n\u201d afirm\u00f3.<\/p>\n<p>Ante ello, el titular del Ejecutivo estatal invit\u00f3 a los mexiquenses a evitar la automedicaci\u00f3n, en caso de padecer alguna enfermedad respiratoria,\u00a0 y asistir a los Centros de Salud de la entidad, donde la consulta se otorga de manera gratuita, e inform\u00f3 que hasta el momento se han aplicado 2.7 millones de vacunas contra la influenza, principalmente en ni\u00f1os menores de cinco a\u00f1os, mujeres embarazadas y adultos mayores.<\/p>\n<p>En esta gira de trabajo, Eruviel \u00c1vila inaugur\u00f3 tambi\u00e9n la fachada del acceso principal y el edificio de laboratorios de usos m\u00faltiples del Tecnol\u00f3gico de Estudios Superiores de Villa Guerrero, obras en las que se invirtieron 21 millones de pesos en beneficio de mil 500 alumnos de esta instituci\u00f3n educativa.<\/p>\n<p>Adem\u00e1s, entreg\u00f3 apoyos del programa Acciones por la Educaci\u00f3n, a trav\u00e9s de la tarjeta \u201cLa Efectiva\u201d, destinada para los rubros de educaci\u00f3n, cultura, deporte y recreaci\u00f3n, a alumnos de excelencia y con discapacidad, as\u00ed como a profesores mexiquenses.<\/p>\n<p>En este evento estuvieron los secretarios de Educaci\u00f3n y Desarrollo Urbano, Raymundo Mart\u00ednez Carbajal y Alfredo Torres Mart\u00ednez, respectivamente; diputados locales y federales; la directora del Instituto de Salud del Estado de M\u00e9xico (ISEM), Elizabeth D\u00e1vila Ch\u00e1vez; el alcalde de Villa Guerrero, Sergio Estrada Gonz\u00e1lez y el director del Tecnol\u00f3gico de Estudios Superiores de este municipio, Adolfo N\u00fa\u00f1ez Gonz\u00e1lez.<b><\/b><\/p>\n<p>&nbsp;<\/p>\n","protected":false},"excerpt":{"rendered":"<p>Durante la entrega de obras de infraestructura del Tecnol\u00f3gico de Estudios Superiores de Villa  Guerrero, el gobernador Eruviel \u00c1vila Villegas destac\u00f3 que a pesar de que se han presentado bajas temperaturas en la entidad, no se han registrado complicaciones en la salud de la poblaci\u00f3n, por lo que se mantienen las acciones preventivas para evitar el aumento de enfermedades respiratorias, como la influenza y el neumococo, mediante la aplicaci\u00f3n de vacunas gratuitas, con el objetivo de contar con mexiquenses m\u00e1s sanos.<\/p>\n","protected":false},"author":3,"featured_media":160316,"comment_status":"open","ping_status":"open","sticky":false,"template":"","format":"standard","meta":{"_monsterinsights_skip_tracking":false,"_monsterinsights_sitenote_active":false,"_monsterinsights_sitenote_note":"","_monsterinsights_sitenote_category":0,"footnotes":""},"categories":[17,5],"tags":[5828,43675,4112],"class_list":["post-160238","post","type-post","status-publish","format-standard","has-post-thumbnail","hentry","category-especiales","category-estado-de-mexico","tag-eruviel-avila-villegas","tag-estado-de-mexico","tag-villa-guerrero"],"_links":{"self":[{"href":"https:\/\/www.diarioimagen.net\/index.php?rest_route=\/wp\/v2\/posts\/160238","targetHints":{"allow":["GET"]}}],"collection":[{"href":"https:\/\/www.diarioimagen.net\/index.php?rest_route=\/wp\/v2\/posts"}],"about":[{"href":"https:\/\/www.diarioimagen.net\/index.php?rest_route=\/wp\/v2\/types\/post"}],"author":[{"embeddable":true,"href":"https:\/\/www.diarioimagen.net\/index.php?rest_route=\/wp\/v2\/users\/3"}],"replies":[{"embeddable":true,"href":"https:\/\/www.diarioimagen.net\/index.php?rest_route=%2Fwp%2Fv2%2Fcomments&post=160238"}],"version-history":[{"count":0,"href":"https:\/\/www.diarioimagen.net\/index.php?rest_route=\/wp\/v2\/posts\/160238\/revisions"}],"wp:featuredmedia":[{"embeddable":true,"href":"https:\/\/www.diarioimagen.net\/index.php?rest_route=\/wp\/v2\/media\/160316"}],"wp:attachment":[{"href":"https:\/\/www.diarioimagen.net\/index.php?rest_route=%2Fwp%2Fv2%2Fmedia&parent=160238"}],"wp:term":[{"taxonomy":"category","embeddable":true,"href":"https:\/\/www.diarioimagen.net\/index.php?rest_route=%2Fwp%2Fv2%2Fcategories&post=160238"},{"taxonomy":"post_tag","embeddable":true,"href":"https:\/\/www.diarioimagen.net\/index.php?rest_route=%2Fwp%2Fv2%2Ftags&post=160238"}],"curies":[{"name":"wp","href":"https:\/\/api.w.org\/{rel}","templated":true}]}}