{"id":160249,"date":"2014-01-22T00:05:26","date_gmt":"2014-01-22T06:05:26","guid":{"rendered":"http:\/\/www.diarioimagen.net\/?p=160249"},"modified":"2014-01-23T01:47:39","modified_gmt":"2014-01-23T07:47:39","slug":"20-anos","status":"publish","type":"post","link":"https:\/\/www.diarioimagen.net\/?p=160249","title":{"rendered":"20 a\u00f1os"},"content":{"rendered":"<h2>De frente y de perfil<\/h2>\n<h5>Ram\u00f3n Zurita Sahag\u00fan<\/h5>\n<p><span><br \/>\nDos d\u00e9cadas han transcurrido de una serie de acontecimientos que sacudieron al pa\u00eds y que dieron paso a la transformaci\u00f3n de M\u00e9xico.<\/span><\/p>\n<p>Es cierto que varios de esos sucesos fueron sumamente dolorosos, pero tambi\u00e9n lo es que debido a ellos se provoc\u00f3 la transici\u00f3n democr\u00e1tica.<\/p>\n<p>Enero de 1994, amaneci\u00f3 con el levantamiento zapatista en Chiapas, al mismo tiempo que el pa\u00eds entraba en su etapa de modernizaci\u00f3n con la vigencia del Tratado de Libre Comercio con Estados Unidos y Canad\u00e1.<\/p>\n<p>Lo de Chiapas fue sorpresivo para muchos, pero debido a la marginaci\u00f3n en que se encontraban una parte importante de la poblaci\u00f3n se comprendi\u00f3 el suceso.<\/p>\n<p>Los esfuerzos gubernamentales por sofocar la rebeli\u00f3n y hasta para establecer una tregua, fueron en vano, por lo que finalmente la resignaci\u00f3n vino de la parte gubernamental y hasta hoy se mantienen vigentes, aunque con menor fuerza los zapatistas levantados.<\/p>\n<p>El asesinato del candidato presidencial del PRI, Luis Donaldo Colosio, sucedido dos meses despu\u00e9s, form\u00f3 parte de ese escenario terror\u00edfico de 1994.<\/p>\n<p>Guardando proporciones y sabiendo de antemano que el problema michoacano es distinto, pero que comprende tambi\u00e9n la marginaci\u00f3n y el atraso de gran parte de la poblaci\u00f3n, hace recordar aquellas tr\u00e1gicas fechas.<\/p>\n<p>Si en Chiapas el levantamiento vino por parte de los grupos ind\u00edgenas y campesinos, pero formado en su conjunto por una poblaci\u00f3n cansada del olvido en que lo ten\u00eda el gobierno federal, en Michoac\u00e1n se traduce en algo similar, por el olvido del gobierno federal para combatir a los grupos delincuenciales.<\/p>\n<p>La estrategia dise\u00f1ada por el gobierno federal para erradicar a los grupos del crimen organizado de Michoac\u00e1n debe estar encaminada a una soluci\u00f3n a mediano plazo, ante el riesgo de que se produzca en esa entidad algo similar a lo de Chiapas, donde el movimiento zapatista fue sofocado y relegado a una zona donde todav\u00eda subsiste, aunque sin el efecto del pasado.<\/p>\n<p>En Chiapas, hace 20 a\u00f1os, el gobernador Absal\u00f3n Castellanos fue marginado, tomando el control de las acciones el gobierno federal a trav\u00e9s de un Comisionado Para la Paz. En Michoac\u00e1n el gobernador Fausto Vallejo, parece encaminarse por la misma ruta.<\/p>\n<p>La labor encomendada al comisionado Alfredo Castillo Cervantes parece marcar el mismo camino.<\/p>\n<p>Al igual que en Chiapas, en la zona del conflicto michoacano no se produce en todo el estado, sino solamente en un \u00e1rea localizada, donde aparentemente la estrategia del gobierno federal debe funcionar pronto.<\/p>\n<p>Habr\u00e1 que esperar, para conocer los resultados de esta nueva estrategia gubernamental, para saber si los grupos de autodefensa cumplen con su promesa de regresar a trabajar y deponer las armas una vez que el gobierno logre sofocar la regi\u00f3n de la Tierra Caliente.<\/p>\n<p align=\"center\"><b>CAMPECHE CENTRO DE REUNI\u00d3N<\/b><\/p>\n<p>Las fiestas decembrinas motivaron a parte del gabinete presidencial para visitar Campeche, uno de los estados m\u00e1s castigados en el Presupuesto de Egresos para el 2014.<\/p>\n<p>400 millones de pesos se redujeron del Presupuesto otorgado a Campeche para el presente a\u00f1o, en relaci\u00f3n al ejercido un a\u00f1o antes.<\/p>\n<p>Eso motiv\u00f3 que el gobernador Fernando Ortega decretara una reducci\u00f3n del personal de confianza en un 10 por ciento y tomara otras medidas adicionales de austeridad.<\/p>\n<p>Tal vez fue por eso que los secretarios del gabinete presidencial decidieron pasar unos d\u00edas de asueto en esa parte de la pen\u00ednsula de Yucat\u00e1n.<\/p>\n<p>El secretario de Educaci\u00f3n P\u00fablica, Emilio Chuayffet, presumi\u00f3 su paseo por Calakmul.<\/p>\n<p>Juan Jos\u00e9 Guerra Abud, secretario de Medio Ambiente, disfrut\u00f3 del mismo Calakmul y de una abundante comida campechana.<\/p>\n<p>Jos\u00e9 Antonio Meade, secretario de Relaciones Exteriores fue otro de los paseantes que disfrut\u00f3 de Campeche en la temporada decembrina.<\/p>\n<p>Enrique Mart\u00ednez y Mart\u00ednez secretario de Agricultura, constat\u00f3 la potencia pesquera de Campeche en la temporada navide\u00f1a.<\/p>\n<p>Sin embargo, ninguno de los secretarios visitantes comprometi\u00f3 con el gobernador Fernando Ortega su respaldo para resarcir el d\u00e9ficit en las finanzas estatales.<\/p>\n<p align=\"center\"><b>DAVOS<\/b><\/p>\n<p>Con el respaldo de las reformas aprobadas el a\u00f1o pasado, el presidente Enrique Pe\u00f1a Nieto inici\u00f3 su viaje a la reuni\u00f3n de Davos, Suiza.<\/p>\n<p>Ser\u00e1 una oportunidad magn\u00edfica para que el presidente muestre todos los avances logrados en materia energ\u00e9tica, financiera, de telecomunicaciones, educaci\u00f3n y otros rubros.<\/p>\n<p>La intenci\u00f3n es mostrar lo atractivo que resulta el pa\u00eds para los inversionistas que decidan acudir al mercado nacional.<\/p>\n<p>Davos es una magn\u00edfica vitrina para M\u00e9xico, donde el Ejecutivo federal podr\u00e1 muestrear las oportunidades de negocios y los atractivos tur\u00edsticos con que cuenta el pa\u00eds.<\/p>\n<p><em><a href=\"mailto:ramonzurita44@hotmail.com\" target=\"_blank\">ramonzurita44@hotmail.com<br \/>\n<\/a><a href=\"mailto:zurita_sahagun@hotmail.com\" target=\"_blank\">zurita_sahagun@hotmail.com<\/a><\/em><\/p>\n","protected":false},"excerpt":{"rendered":"<p><span style=\"color: #005497;\"><strong>Ram\u00f3n Zurita Sahag\u00fan<\/strong><\/span><\/p>\n","protected":false},"author":3,"featured_media":0,"comment_status":"open","ping_status":"open","sticky":false,"template":"","format":"standard","meta":{"_monsterinsights_skip_tracking":false,"_monsterinsights_sitenote_active":false,"_monsterinsights_sitenote_note":"","_monsterinsights_sitenote_category":0,"footnotes":""},"categories":[234],"tags":[7564,431,304,177,43674,43687,2170],"class_list":["post-160249","post","type-post","status-publish","format-standard","hentry","category-ramon-zurita-sahagun","tag-alfredo-castillo-cervantes","tag-canada","tag-de-frente-y-de-perfil","tag-estados-unidos","tag-opinion","tag-ramon-zurita-sahagun","tag-tratado-de-libre-comercio"],"_links":{"self":[{"href":"https:\/\/www.diarioimagen.net\/index.php?rest_route=\/wp\/v2\/posts\/160249","targetHints":{"allow":["GET"]}}],"collection":[{"href":"https:\/\/www.diarioimagen.net\/index.php?rest_route=\/wp\/v2\/posts"}],"about":[{"href":"https:\/\/www.diarioimagen.net\/index.php?rest_route=\/wp\/v2\/types\/post"}],"author":[{"embeddable":true,"href":"https:\/\/www.diarioimagen.net\/index.php?rest_route=\/wp\/v2\/users\/3"}],"replies":[{"embeddable":true,"href":"https:\/\/www.diarioimagen.net\/index.php?rest_route=%2Fwp%2Fv2%2Fcomments&post=160249"}],"version-history":[{"count":0,"href":"https:\/\/www.diarioimagen.net\/index.php?rest_route=\/wp\/v2\/posts\/160249\/revisions"}],"wp:attachment":[{"href":"https:\/\/www.diarioimagen.net\/index.php?rest_route=%2Fwp%2Fv2%2Fmedia&parent=160249"}],"wp:term":[{"taxonomy":"category","embeddable":true,"href":"https:\/\/www.diarioimagen.net\/index.php?rest_route=%2Fwp%2Fv2%2Fcategories&post=160249"},{"taxonomy":"post_tag","embeddable":true,"href":"https:\/\/www.diarioimagen.net\/index.php?rest_route=%2Fwp%2Fv2%2Ftags&post=160249"}],"curies":[{"name":"wp","href":"https:\/\/api.w.org\/{rel}","templated":true}]}}