{"id":160255,"date":"2014-01-22T00:03:49","date_gmt":"2014-01-22T06:03:49","guid":{"rendered":"http:\/\/www.diarioimagen.net\/?p=160255"},"modified":"2014-01-26T22:41:42","modified_gmt":"2014-01-27T04:41:42","slug":"estados-unidos-de-america-el-imperio","status":"publish","type":"post","link":"https:\/\/www.diarioimagen.net\/?p=160255","title":{"rendered":"Estados Unidos de Am\u00e9rica, el imperio"},"content":{"rendered":"<h2>Detr\u00e1s del Poder<\/h2>\n<h5>Jos\u00e9 Antonio L\u00f3pez Sosa<\/h5>\n<p><span><br \/>\nTodo parece indicar que el d\u00eda de hoy se mostrar\u00e1 una vez m\u00e1s por qu\u00e9 los Estados Unidos de Am\u00e9rica act\u00faan como un imperio, como un ente que no tiene l\u00edmites ni se sujeta a la normatividad internacional.<\/span><\/p>\n<p>Hoy a las 6 de la tarde \u2013tiempo del centro\u2014est\u00e1 programada la ejecuci\u00f3n de \u00c9dgar Tamayo \u00c1rias, acusado de asesinato en el estado de Texas, Estados Unidos y condenado a la pena de muerte.<\/p>\n<p>El tema no es alegar la inocencia o culpabilidad de Tamayo \u00c1rias, el meollo del asunto es que la Corte Internacional de Justicia de La Haya instruy\u00f3 a los Estados Unidos a revisar este y otros procesos judiciales donde no se respetaron los derechos elementales de los acusados.<\/p>\n<p>De llevarse al cabo esta ejecuci\u00f3n, una vez m\u00e1s el estado de Texas y los Estados Unidos de Am\u00e9rica en su conjunto, demostrar\u00e1n al mundo que no hay ley por encima de sus decisiones, est\u00e9n estas apegadas o no al derecho internacional.<\/p>\n<p>\u00bfCu\u00e1ntas veces ha pedido Estados Unidos como pa\u00eds que Ir\u00e1n, Siria, Corea del Norte, Cuba, Venezuela -entre otros pa\u00edses- respeten la normatividad y las resoluciones internacionales? \u00bfcu\u00e1ntas veces se presentan los Estados Unidos como el pa\u00eds de las libertades y de la justicia? \u00bfqu\u00e9 pasa entonces cuando no respetan las resoluciones internacionales que los involucran?<\/p>\n<p>El gobernador de Texas demuestra que su territorio no est\u00e1 sujeto a ninguna resoluci\u00f3n internacional, como si se tratara de un imperio totalitario, como si se tratara de un pa\u00eds que pide justicia a los de afuera sin respetar a los de adentro.<\/p>\n<p>La canciller\u00eda mexicana dice que agota las instancias, sin embargo su reacci\u00f3n no deja de ser tibia como suele ser cuando los Estados Unidos pisotean alg\u00fan derecho relacionado con M\u00e9xico o con alg\u00fan mexicano.<\/p>\n<p>Ojal\u00e1 nuestros vecinos del norte nos callen la boca respetando la resoluci\u00f3n internacional, de lo contrario, estamos frente a un r\u00e9gimen de libertades que act\u00faa como en las peores dictaduras del mundo.<\/p>\n<p>El gobierno mexicano estar\u00eda con la responsabilidad de emitir una alerta de viaje a mexicanos, por la sencilla raz\u00f3n que en Texas, Estados Unidos, no se respetan los derechos de los procesados mexicanos.<\/p>\n<p><em><a href=\"mailto:lopez.sosa@mexico.com\" target=\"_blank\">lopez.sosa@mexico.com<\/a><\/em><br \/>\n<em><a href=\"http:\/\/twitter.com\/#%21\/joseantonio1977\" target=\"_blank\">@joseantonio1977<br \/>\n<\/a><a href=\"http:\/\/www.formulaconfidencial.com.mx\/\" target=\"_blank\">www.formulaconfidencial.com.mx<\/a><\/em><\/p>\n","protected":false},"excerpt":{"rendered":"<p><span style=\"color: #005497;\"><strong>Jos\u00e9 Antonio L\u00f3pez Sosa<\/strong><\/span><\/p>\n","protected":false},"author":3,"featured_media":0,"comment_status":"open","ping_status":"open","sticky":false,"template":"","format":"standard","meta":{"_monsterinsights_skip_tracking":false,"_monsterinsights_sitenote_active":false,"_monsterinsights_sitenote_note":"","_monsterinsights_sitenote_category":0,"footnotes":""},"categories":[637],"tags":[638,29925,177,43690,44,43674],"class_list":["post-160255","post","type-post","status-publish","format-standard","hentry","category-jose-antonio-lopez-sosa","tag-detras-del-poder","tag-edgar-tamayo-arias","tag-estados-unidos","tag-jose-antonio-lopez-sosa","tag-mexico","tag-opinion"],"_links":{"self":[{"href":"https:\/\/www.diarioimagen.net\/index.php?rest_route=\/wp\/v2\/posts\/160255","targetHints":{"allow":["GET"]}}],"collection":[{"href":"https:\/\/www.diarioimagen.net\/index.php?rest_route=\/wp\/v2\/posts"}],"about":[{"href":"https:\/\/www.diarioimagen.net\/index.php?rest_route=\/wp\/v2\/types\/post"}],"author":[{"embeddable":true,"href":"https:\/\/www.diarioimagen.net\/index.php?rest_route=\/wp\/v2\/users\/3"}],"replies":[{"embeddable":true,"href":"https:\/\/www.diarioimagen.net\/index.php?rest_route=%2Fwp%2Fv2%2Fcomments&post=160255"}],"version-history":[{"count":0,"href":"https:\/\/www.diarioimagen.net\/index.php?rest_route=\/wp\/v2\/posts\/160255\/revisions"}],"wp:attachment":[{"href":"https:\/\/www.diarioimagen.net\/index.php?rest_route=%2Fwp%2Fv2%2Fmedia&parent=160255"}],"wp:term":[{"taxonomy":"category","embeddable":true,"href":"https:\/\/www.diarioimagen.net\/index.php?rest_route=%2Fwp%2Fv2%2Fcategories&post=160255"},{"taxonomy":"post_tag","embeddable":true,"href":"https:\/\/www.diarioimagen.net\/index.php?rest_route=%2Fwp%2Fv2%2Ftags&post=160255"}],"curies":[{"name":"wp","href":"https:\/\/api.w.org\/{rel}","templated":true}]}}