{"id":160257,"date":"2014-01-22T00:02:22","date_gmt":"2014-01-22T06:02:22","guid":{"rendered":"http:\/\/www.diarioimagen.net\/?p=160257"},"modified":"2014-01-23T02:04:29","modified_gmt":"2014-01-23T08:04:29","slug":"michoacan-es-la-prioridad","status":"publish","type":"post","link":"https:\/\/www.diarioimagen.net\/?p=160257","title":{"rendered":"Michoac\u00e1n es la prioridad\u2026"},"content":{"rendered":"<h2>Acta P\u00fablica<\/h2>\n<h5>Claudia Rodr\u00edguez<\/h5>\n<p><span><br \/>\nAhora que la entidad michoacana por en\u00e9sima vez vuelve a ser prioridad nacional por cuestiones de seguridad y desarme de autodefensas, luego del combate a los criminales de los que defend\u00edan a los pobladores las autodefensas\u00a0 \u2014s\u00ed, as\u00ed como suena\u2014, tras la nulidad e incapacidad de las autoridades estatales, es realmente extra\u00f1o que se nombre un comisionado \u00a0y no que el presidente de nuestro pa\u00eds, tome las riendas del problema.<\/span><\/p>\n<p>No s\u00f3lo en M\u00e9xico, tambi\u00e9n en otros pa\u00edses del orbe, Michoac\u00e1n ocupa sendos espacios informativos tanto en la prensa escrita como de cualquier otro tipo, y aqu\u00ed, con el nombramiento del ex procurador de Defensa al Consumidor, Alfredo Castillo como Comisionado para la entidad michoacana, se intenta devolver la paz social a la regi\u00f3n y no extenderla a otras zonas del pa\u00eds.<\/p>\n<p>Es cierto que en un pa\u00eds con poderes republicanos se podr\u00eda aplicar el \u201czapatero a tus zapatos\u201d, pero es de extra\u00f1arse que ante la gravedad del caso, lo extendido en el tiempo del mismo, y la incapacidad y poca efectividad por quienes debieron antes y en este gobierno restablecer el orden en Michoac\u00e1n, no sea el mismo presidente de M\u00e9xico, quien tome las riendas del asunto.<\/p>\n<p>En otras latitudes, son los mandatarios de primer nivel los que toman el problema de frente y m\u00e1s que maximizarlo, env\u00edan primero el mensaje de que la situaci\u00f3n est\u00e1 bajo el control del m\u00e1s enterado y hasta del m\u00e1s poderoso.<\/p>\n<p>Pero mientras los poderes quedan rebasados y en manos de un comisionado para restaurar la paz\u00a0 pronto se ver\u00e1n avances reales para Michoac\u00e1n y para el resto del pa\u00eds.<\/p>\n<p><b><i>Acta Divina\u2026<\/i><\/b>\u00a0Alfredo Castillo, fue nombrado Comisionado para la Seguridad y Desarrollo Desarrollo Integral de Michoac\u00e1n, por el presidente Enrique Pe\u00f1a Nieto, quien lo instruy\u00f3 a meterse a fondo en todo lo referente al problema michoacano y mantener una constante comunicaci\u00f3n con los medios nacionales e internacionales.<\/p>\n<p><b><i>Para advertir\u2026<\/i><\/b> El efecto cucaracha ya est\u00e1 en pleno y se intenta cerrar fronteras colindantes a Michoac\u00e1n.<\/p>\n<p><em><a href=\"mailto:actapublica@gmail.com\" target=\"_blank\">actapublica@gmail.com<\/a><\/em><\/p>\n","protected":false},"excerpt":{"rendered":"<p><span style=\"color: #005497;\"><strong>Claudia Rodr\u00edguez<\/strong><\/span><\/p>\n","protected":false},"author":3,"featured_media":0,"comment_status":"open","ping_status":"open","sticky":false,"template":"","format":"standard","meta":{"_monsterinsights_skip_tracking":false,"_monsterinsights_sitenote_active":false,"_monsterinsights_sitenote_note":"","_monsterinsights_sitenote_category":0,"footnotes":""},"categories":[1281],"tags":[7564,43674],"class_list":["post-160257","post","type-post","status-publish","format-standard","hentry","category-claudia-rodriguez","tag-alfredo-castillo-cervantes","tag-opinion"],"_links":{"self":[{"href":"https:\/\/www.diarioimagen.net\/index.php?rest_route=\/wp\/v2\/posts\/160257","targetHints":{"allow":["GET"]}}],"collection":[{"href":"https:\/\/www.diarioimagen.net\/index.php?rest_route=\/wp\/v2\/posts"}],"about":[{"href":"https:\/\/www.diarioimagen.net\/index.php?rest_route=\/wp\/v2\/types\/post"}],"author":[{"embeddable":true,"href":"https:\/\/www.diarioimagen.net\/index.php?rest_route=\/wp\/v2\/users\/3"}],"replies":[{"embeddable":true,"href":"https:\/\/www.diarioimagen.net\/index.php?rest_route=%2Fwp%2Fv2%2Fcomments&post=160257"}],"version-history":[{"count":0,"href":"https:\/\/www.diarioimagen.net\/index.php?rest_route=\/wp\/v2\/posts\/160257\/revisions"}],"wp:attachment":[{"href":"https:\/\/www.diarioimagen.net\/index.php?rest_route=%2Fwp%2Fv2%2Fmedia&parent=160257"}],"wp:term":[{"taxonomy":"category","embeddable":true,"href":"https:\/\/www.diarioimagen.net\/index.php?rest_route=%2Fwp%2Fv2%2Fcategories&post=160257"},{"taxonomy":"post_tag","embeddable":true,"href":"https:\/\/www.diarioimagen.net\/index.php?rest_route=%2Fwp%2Fv2%2Ftags&post=160257"}],"curies":[{"name":"wp","href":"https:\/\/api.w.org\/{rel}","templated":true}]}}