{"id":160259,"date":"2014-01-22T00:01:35","date_gmt":"2014-01-22T06:01:35","guid":{"rendered":"http:\/\/www.diarioimagen.net\/?p=160259"},"modified":"2014-01-22T02:24:50","modified_gmt":"2014-01-22T08:24:50","slug":"el-ayudante-del-estorbante","status":"publish","type":"post","link":"https:\/\/www.diarioimagen.net\/?p=160259","title":{"rendered":"El ayudante del estorbante"},"content":{"rendered":"<h2>Pol\u00edtica Spot<\/h2>\n<h5>Juan Manuel Maga\u00f1a<\/h5>\n<p><span><br \/>\nEs cierto, el gobernador (?) Fausto Vallejo Figueroa se empe\u00f1a en no ser m\u00e1s que un florero.<\/span><\/p>\n<p>Tanto que el pasado lunes nombr\u00f3 a un tal Rub\u00e9n P\u00e9rez Gallardo como comisionado para la regi\u00f3n de Tierra Caliente, zona que ha vivido una escalada de violencia desde hace casi un a\u00f1o. As\u00ed de descarada la forma de abdicar de su responsabilidad.<\/p>\n<p>El funcionario designado fung\u00eda como subsecretario de Enlace Legislativo y, en conferencia de prensa, otro in\u00fatil como el secretario de Gobierno de Michoac\u00e1n, Jes\u00fas Reyna, hizo el anuncio no sin dejar de detallar que la tarea de P\u00e9rez Gallardo ser\u00e1 atender los temas de seguridad, desarrollo social y econ\u00f3mico en esa zona del estado. Y enlazar\u00e1 y supervisar\u00e1 a las dependencias estatales que operan programas sociales y econ\u00f3micos en beneficio de habitantes y comerciantes de Tierra Caliente.<\/p>\n<p>Como si no fueran las tareas para las que una parte de los michoacanos votaron por Vallejo y como si para ello no tuviera un gabinete con un secretario de Seguridad, otro de Asuntos Sociales y otro de Hacienda P\u00fablica. Y como si todos para hacer su trabajo necesitaran, como se dice vulgarmente, de vejigas para nadar.<\/p>\n<p>Como si una situaci\u00f3n tan dif\u00edcil como la que vive Michoac\u00e1n la fuera a resolver el ayudante del ayudante del estorbo&#8230;<\/p>\n<p>Tiene raz\u00f3n el l\u00edder de Morena, Andr\u00e9s Manuel L\u00f3pez Obrador: el nombramiento de Alfredo Castillo Cervantes para resolver la inseguridad en Michoac\u00e1n coloc\u00f3 al gobernador Fausto Vallejo como florero.<\/p>\n<p>El ex candidato presidencial declar\u00f3: \u201cEl gobernador est\u00e1 de florero, de adorno, ya lo hicieron a un lado, porque el que manda es el fiscal; van a gobernar as\u00ed, con centralismo, como en la \u00e9poca de Santa Anna y Porfirio D\u00edaz. Ya Vallejo desapareci\u00f3, lo van a tener ah\u00ed, sentadito, para que participe en las ceremonias; hay desaparici\u00f3n de poderes\u201d.<\/p>\n<p>Por eso, es de risa lo que Reyna dijo: Que el objetivo de nombrar otro comisionado \u201ces evitar que haya duplicidad o disparidad en las acciones que se emprendan para sacar adelante a esa regi\u00f3n y que, por el contrario, lo que se realice sea eficaz y oportuno\u201d.<\/p>\n<p>Y en esto tienen raz\u00f3n tambi\u00e9n los panistas cuando afirman que el decreto presidencial para crear la figura del comisionado para la Seguridad y Desarrollo Integral de Michoac\u00e1n es una desaparici\u00f3n de poderes de facto.<\/p>\n<p>La primera consecuencia de este hecho fue que el pasado viernes el comisionado federal Alfredo Castillo Cervantes nombr\u00f3 procurador de Justicia del estado a Jos\u00e9 Mart\u00edn Godoy Castro, y a Carlos Hugo Castellanos Becerra, titular de la Secretar\u00eda de Seguridad P\u00fablica, as\u00ed como a seis subprocuradores regionales, todos personajes de su primer c\u00edrculo, desembarcados de la Profeco.<\/p>\n<p>Y ese fue el primer acto en el que Vallejo fungi\u00f3 de florero, como dice AMLO, mientras Alfredo Castillo dec\u00eda que en esos nombramientos la decisi\u00f3n fue del gobernador.<\/p>\n<p>Mientras todo es como dice el Comandante Cinco, uno de los coordinadores de los grupos de autodefensa en Tierra Caliente, quien afirma que la detenci\u00f3n de Jes\u00fas V\u00e1zquez Mac\u00edas, El Toro, uno de los capos de \u201cLos Caballeros Templarios\u201d, no representa un gran logro. \u2018\u2018Nosotros hemos detenido a varios de ese nivel, pero detr\u00e1s de \u00e9l hay otros 10 esperando asumir el cargo\u2019\u2019. \u201cLa aparente calma que hay en Apatzing\u00e1n no significa que el gobierno federal termin\u00f3 la limpia de delincuentes\u2019\u2019.<\/p>\n<p><em><a href=\"mailto:%20maganapalace@yahoo.com.mx\" target=\"_blank\">maganapalace@yahoo.com.mx<\/a><\/em><\/p>\n","protected":false},"excerpt":{"rendered":"<p><span style=\"color: #005497;\"><strong>Juan Manuel Maga\u00f1a<\/strong><\/span><\/p>\n","protected":false},"author":3,"featured_media":0,"comment_status":"open","ping_status":"open","sticky":false,"template":"","format":"standard","meta":{"_monsterinsights_skip_tracking":false,"_monsterinsights_sitenote_active":false,"_monsterinsights_sitenote_note":"","_monsterinsights_sitenote_category":0,"footnotes":""},"categories":[22905],"tags":[18971,43709,803,43674,22904],"class_list":["post-160259","post","type-post","status-publish","format-standard","hentry","category-juan-manuel-magana","tag-fausto-vallejo-figueroa","tag-juan-manuel-magana","tag-michoacan","tag-opinion","tag-politica-spot"],"_links":{"self":[{"href":"https:\/\/www.diarioimagen.net\/index.php?rest_route=\/wp\/v2\/posts\/160259","targetHints":{"allow":["GET"]}}],"collection":[{"href":"https:\/\/www.diarioimagen.net\/index.php?rest_route=\/wp\/v2\/posts"}],"about":[{"href":"https:\/\/www.diarioimagen.net\/index.php?rest_route=\/wp\/v2\/types\/post"}],"author":[{"embeddable":true,"href":"https:\/\/www.diarioimagen.net\/index.php?rest_route=\/wp\/v2\/users\/3"}],"replies":[{"embeddable":true,"href":"https:\/\/www.diarioimagen.net\/index.php?rest_route=%2Fwp%2Fv2%2Fcomments&post=160259"}],"version-history":[{"count":0,"href":"https:\/\/www.diarioimagen.net\/index.php?rest_route=\/wp\/v2\/posts\/160259\/revisions"}],"wp:attachment":[{"href":"https:\/\/www.diarioimagen.net\/index.php?rest_route=%2Fwp%2Fv2%2Fmedia&parent=160259"}],"wp:term":[{"taxonomy":"category","embeddable":true,"href":"https:\/\/www.diarioimagen.net\/index.php?rest_route=%2Fwp%2Fv2%2Fcategories&post=160259"},{"taxonomy":"post_tag","embeddable":true,"href":"https:\/\/www.diarioimagen.net\/index.php?rest_route=%2Fwp%2Fv2%2Ftags&post=160259"}],"curies":[{"name":"wp","href":"https:\/\/api.w.org\/{rel}","templated":true}]}}